{"id":1173,"date":"2024-01-03T10:48:03","date_gmt":"2024-01-03T09:48:03","guid":{"rendered":"https:\/\/www.fftt.com\/observatoire\/?p=1173"},"modified":"2025-03-27T00:42:44","modified_gmt":"2025-03-26T23:42:44","slug":"tt-en-erea","status":"publish","type":"post","link":"https:\/\/www.fftt.com\/observatoire\/tt-en-erea\/","title":{"rendered":"Villers Les Nancy &#8211; TT en EREA"},"content":{"rendered":"<div class='watch-action'><div class='watch-position align-right'><div class='action-like'><a class='lbg-style1 like-1173 jlk' href='javascript:void(0)' data-task='like' data-post_id='1173' data-nonce='0a220ac3fb' rel='nofollow'><img class='wti-pixel' src='https:\/\/www.fftt.com\/observatoire\/wp-content\/plugins\/wti-like-post\/images\/pixel.gif' title='J&#039;aime' \/><span class='lc-1173 lc'>+2<\/span><\/a><\/div><div class='action-unlike'><a class='unlbg-style1 unlike-1173 jlk' href='javascript:void(0)' data-task='unlike' data-post_id='1173' data-nonce='0a220ac3fb' rel='nofollow'><img class='wti-pixel' src='https:\/\/www.fftt.com\/observatoire\/wp-content\/plugins\/wti-like-post\/images\/pixel.gif' title='Je n&#039;aime pas' \/><span class='unlc-1173 unlc'>0<\/span><\/a><\/div> <\/div> <div class='status-1173 status align-right'><\/div><\/div><div class='wti-clear'><\/div>\n[et_pb_section fb_built=\u00a0\u00bb1&Prime; _builder_version=\u00a0\u00bb4.23&Prime; _module_preset=\u00a0\u00bbdefault\u00a0\u00bb global_colors_info=\u00a0\u00bb{}\u00a0\u00bb theme_builder_area=\u00a0\u00bbpost_content\u00a0\u00bb][et_pb_row column_structure=\u00a0\u00bb1_2,1_2&Prime; _builder_version=\u00a0\u00bb4.23&Prime; _module_preset=\u00a0\u00bbdefault\u00a0\u00bb global_colors_info=\u00a0\u00bb{}\u00a0\u00bb theme_builder_area=\u00a0\u00bbpost_content\u00a0\u00bb][et_pb_column type=\u00a0\u00bb1_2&Prime; _builder_version=\u00a0\u00bb4.23&Prime; _module_preset=\u00a0\u00bbdefault\u00a0\u00bb global_colors_info=\u00a0\u00bb{}\u00a0\u00bb theme_builder_area=\u00a0\u00bbpost_content\u00a0\u00bb][et_pb_text _builder_version=\u00a0\u00bb4.27.4&Prime; _module_preset=\u00a0\u00bbdefault\u00a0\u00bb hover_enabled=\u00a0\u00bb0&Prime; global_colors_info=\u00a0\u00bb{}\u00a0\u00bb theme_builder_area=\u00a0\u00bbpost_content\u00a0\u00bb sticky_enabled=\u00a0\u00bb0&Prime;]<div style=\"direction: ltr; border-width: 100%;\">\n<div style=\"direction: ltr; margin-top: 0in; margin-left: 0in; width: 4.4041in;\">\n<div style=\"direction: ltr; margin-top: 0in; margin-left: 0in; width: 4.4041in;\">\n<p style=\"margin: 0in; font-family: Calibri; font-size: 11.0pt;\"><strong>TT en EREA<\/strong><\/p>\n<p style=\"margin: 0in; font-family: Calibri; font-size: 11.0pt;\"><span style=\"font-weight: bold;\">\u00c9crit par : GALECKY Alain\u00a0<\/span><\/p>\n<p style=\"margin: 0in; font-family: Calibri; font-size: 11.0pt;\"><span style=\"font-weight: bold;\">Structure : 54 Villiers les Nancy COS<\/span><\/p>\n<p style=\"margin: 0in; font-family: Calibri; font-size: 11.0pt;\"><span style=\"font-weight: bold;\">Objectif : <\/span>D\u00e9velopper la pratique du tennis de table \u00e0 tous les types de publics (handiping)<\/p>\n<p style=\"margin: 0in; font-family: Calibri; font-size: 11.0pt;\"><span style=\"font-weight: bold;\">Publics cibles de l\u2019action :<\/span><\/p>\n<ul type=\"disc\" style=\"direction: ltr; unicode-bidi: embed; margin-top: 0in; margin-bottom: 0in;\">\n<li style=\"margin-top: 0; margin-bottom: 0; vertical-align: middle;\"><span style=\"font-family: Calibri;\"><span style=\"font-size: 14.6667px;\">Les personnes en situation de Handicap<\/span><\/span><\/li>\n<\/ul>\n<p style=\"margin: 0in; font-family: Calibri; font-size: 11.0pt;\"><span style=\"font-weight: bold;\">Description succincte de l\u2019action :<\/span><\/p>\n<ul>\n<li style=\"font-family: Calibri; font-size: 11pt;\">D\u00e9velopper la pratique en proposant un nouvel espace de pratique un EREA (\u00e9tablissement r\u00e9gional d&rsquo;enseignement adapt\u00e9)<\/li>\n<li style=\"font-family: Calibri; font-size: 11pt;\">1 s\u00e9ance par semaine avec des \u00e9ducateurs sp\u00e9cialis\u00e9<\/li>\n<li style=\"font-family: Calibri; font-size: 11pt;\">1 fois par mois les jeunes assistent au cr\u00e9neau sport adapt\u00e9 du club<\/li>\n<\/ul>\n<p style=\"margin: 0in; font-family: Calibri; font-size: 11.0pt;\"><span style=\"font-weight: bold;\">Niveau de difficult\u00e9 de r\u00e9alisation de l\u2019action\u00a0<\/span>:<\/p>\n<ul type=\"disc\" style=\"direction: ltr; unicode-bidi: embed; margin-top: 0in; margin-bottom: 0in;\">\n<li style=\"margin-top: 0; margin-bottom: 0; vertical-align: middle;\"><span style=\"font-family: Calibri; font-size: 11.0pt;\">Tr\u00e8s facile<\/span><\/li>\n<li style=\"margin-top: 0; margin-bottom: 0; vertical-align: middle;\"><span style=\"font-family: Calibri; font-size: 11.0pt;\">Facile<\/span><\/li>\n<li style=\"margin-top: 0; margin-bottom: 0; vertical-align: middle;\"><span style=\"font-family: Calibri; font-size: 11pt;\">Moyen<\/span><span style=\"font-family: Calibri; font-size: 11pt;\"><\/span><\/li>\n<li style=\"margin-top: 0; margin-bottom: 0; vertical-align: middle;\"><strong><span style=\"font-family: Calibri; font-size: 11.0pt;\">Difficile<\/span><\/strong><\/li>\n<\/ul>\n<p style=\"margin: 0in; font-family: Calibri; font-size: 11.0pt;\"><span style=\"font-weight: bold;\">Objectif global :<\/span><\/p>\n<ul>\n<li><span style=\"font-size: 14.6667px;\">Fid\u00e9liser les pratiquants a la pratique du sport adapt\u00e9 et leurs faire d\u00e9couvrir un nouvel environnement<\/span><\/li>\n<\/ul>\n<p><a href=\"https:\/\/www.fftt.com\/observatoire\/wp-content\/uploads\/2024\/01\/Villers-les-Nancy-Sport-adapte-et-inclusion-fiche-bonnes-pratique.pdf\" style=\"font-family: Calibri;\" target=\"_blank\" rel=\"noopener\" title=\"TT en EREA\">Lien pour t\u00e9l\u00e9charger la note d&rsquo;actions<\/a><\/p>\n<\/div>\n<\/div>\n<\/div>[\/et_pb_text][\/et_pb_column][et_pb_column type=\u00a0\u00bb1_2&Prime; _builder_version=\u00a0\u00bb4.23&Prime; _module_preset=\u00a0\u00bbdefault\u00a0\u00bb global_colors_info=\u00a0\u00bb{}\u00a0\u00bb theme_builder_area=\u00a0\u00bbpost_content\u00a0\u00bb][et_pb_image src=\u00a0\u00bbhttps:\/\/www.fftt.com\/observatoire\/wp-content\/uploads\/2024\/01\/Villers-les-Nancy-Sport-adapte-et-inclusion-fiche-bonnes-pratique_page-0001.jpg\u00a0\u00bb title_text=\u00a0\u00bbVillers les Nancy &#8211; Sport adapt\u00e9 et inclusion &#8211; fiche bonnes pratique_page-0001&Prime; url=\u00a0\u00bbhttps:\/\/www.fftt.com\/observatoire\/wp-content\/uploads\/2024\/01\/Villers-les-Nancy-Sport-adapte-et-inclusion-fiche-bonnes-pratique.pdf\u00a0\u00bb url_new_window=\u00a0\u00bbon\u00a0\u00bb _builder_version=\u00a0\u00bb4.27.4&Prime; _module_preset=\u00a0\u00bbdefault\u00a0\u00bb hover_enabled=\u00a0\u00bb0&Prime; global_colors_info=\u00a0\u00bb{}\u00a0\u00bb theme_builder_area=\u00a0\u00bbpost_content\u00a0\u00bb sticky_enabled=\u00a0\u00bb0&Prime;][\/et_pb_image][\/et_pb_column][\/et_pb_row][\/et_pb_section]\n","protected":false},"excerpt":{"rendered":"<p>TT en EREA \u00c9crit par : GALECKY Alain\u00a0 Structure : 54 Villiers les Nancy COS Objectif : D\u00e9velopper la pratique du tennis de table \u00e0 tous les types de publics (handiping) Publics cibles de l\u2019action : Les personnes en situation de Handicap Description succincte de l\u2019action : D\u00e9velopper la pratique en proposant un nouvel espace [&hellip;]<\/p>\n","protected":false},"author":6,"featured_media":1171,"comment_status":"closed","ping_status":"closed","sticky":false,"template":"","format":"standard","meta":{"_et_pb_use_builder":"on","_et_pb_old_content":"","_et_gb_content_width":"","footnotes":""},"categories":[65,170,155,195,181],"tags":[156],"post_folder":[],"class_list":["post-1173","post","type-post","status-publish","format-standard","has-post-thumbnail","hentry","category-bonnes-pratiques","category-challenges-clubs","category-handisport","category-ping-handi","category-ping-inclusif","tag-handiping"],"_links":{"self":[{"href":"https:\/\/www.fftt.com\/observatoire\/wp-json\/wp\/v2\/posts\/1173","targetHints":{"allow":["GET"]}}],"collection":[{"href":"https:\/\/www.fftt.com\/observatoire\/wp-json\/wp\/v2\/posts"}],"about":[{"href":"https:\/\/www.fftt.com\/observatoire\/wp-json\/wp\/v2\/types\/post"}],"author":[{"embeddable":true,"href":"https:\/\/www.fftt.com\/observatoire\/wp-json\/wp\/v2\/users\/6"}],"replies":[{"embeddable":true,"href":"https:\/\/www.fftt.com\/observatoire\/wp-json\/wp\/v2\/comments?post=1173"}],"version-history":[{"count":7,"href":"https:\/\/www.fftt.com\/observatoire\/wp-json\/wp\/v2\/posts\/1173\/revisions"}],"predecessor-version":[{"id":2412,"href":"https:\/\/www.fftt.com\/observatoire\/wp-json\/wp\/v2\/posts\/1173\/revisions\/2412"}],"wp:featuredmedia":[{"embeddable":true,"href":"https:\/\/www.fftt.com\/observatoire\/wp-json\/wp\/v2\/media\/1171"}],"wp:attachment":[{"href":"https:\/\/www.fftt.com\/observatoire\/wp-json\/wp\/v2\/media?parent=1173"}],"wp:term":[{"taxonomy":"category","embeddable":true,"href":"https:\/\/www.fftt.com\/observatoire\/wp-json\/wp\/v2\/categories?post=1173"},{"taxonomy":"post_tag","embeddable":true,"href":"https:\/\/www.fftt.com\/observatoire\/wp-json\/wp\/v2\/tags?post=1173"},{"taxonomy":"post_folder","embeddable":true,"href":"https:\/\/www.fftt.com\/observatoire\/wp-json\/wp\/v2\/post_folder?post=1173"}],"curies":[{"name":"wp","href":"https:\/\/api.w.org\/{rel}","templated":true}]}}