{"id":1646,"date":"2024-04-10T15:03:04","date_gmt":"2024-04-10T13:03:04","guid":{"rendered":"https:\/\/www.fftt.com\/observatoire\/?p=1646"},"modified":"2025-03-27T00:25:58","modified_gmt":"2025-03-26T23:25:58","slug":"pret-de-tables-en-milieu-scolaire","status":"publish","type":"post","link":"https:\/\/www.fftt.com\/observatoire\/pret-de-tables-en-milieu-scolaire\/","title":{"rendered":"Comit\u00e9 du Rh\u00f4ne M\u00e9tropole TT &#8211; Pr\u00eat de tables en milieu scolaire"},"content":{"rendered":"<div class='watch-action'><div class='watch-position align-right'><div class='action-like'><a class='lbg-style1 like-1646 jlk' href='javascript:void(0)' data-task='like' data-post_id='1646' data-nonce='0a220ac3fb' rel='nofollow'><img class='wti-pixel' src='https:\/\/www.fftt.com\/observatoire\/wp-content\/plugins\/wti-like-post\/images\/pixel.gif' title='J&#039;aime' \/><span class='lc-1646 lc'>+1<\/span><\/a><\/div><div class='action-unlike'><a class='unlbg-style1 unlike-1646 jlk' href='javascript:void(0)' data-task='unlike' data-post_id='1646' data-nonce='0a220ac3fb' rel='nofollow'><img class='wti-pixel' src='https:\/\/www.fftt.com\/observatoire\/wp-content\/plugins\/wti-like-post\/images\/pixel.gif' title='Je n&#039;aime pas' \/><span class='unlc-1646 unlc'>0<\/span><\/a><\/div> <\/div> <div class='status-1646 status align-right'><\/div><\/div><div class='wti-clear'><\/div>\n[et_pb_section fb_built=\u00a0\u00bb1&Prime; theme_builder_area=\u00a0\u00bbpost_content\u00a0\u00bb _builder_version=\u00a0\u00bb4.24.0&Prime; _module_preset=\u00a0\u00bbdefault\u00a0\u00bb][et_pb_row _builder_version=\u00a0\u00bb4.24.0&Prime; _module_preset=\u00a0\u00bbdefault\u00a0\u00bb theme_builder_area=\u00a0\u00bbpost_content\u00a0\u00bb column_structure=\u00a0\u00bb1_2,1_2&Prime; hover_enabled=\u00a0\u00bb0&Prime; sticky_enabled=\u00a0\u00bb0&Prime;][et_pb_column _builder_version=\u00a0\u00bb4.24.0&Prime; _module_preset=\u00a0\u00bbdefault\u00a0\u00bb type=\u00a0\u00bb1_2&Prime; theme_builder_area=\u00a0\u00bbpost_content\u00a0\u00bb][et_pb_text _builder_version=\u00a0\u00bb4.24.0&Prime; _module_preset=\u00a0\u00bbdefault\u00a0\u00bb theme_builder_area=\u00a0\u00bbpost_content\u00a0\u00bb hover_enabled=\u00a0\u00bb0&Prime; sticky_enabled=\u00a0\u00bb0&Prime;]<p><b>Pr\u00eat de tables en milieu scolaire<\/b><\/p>\n<p><strong style=\"font-size: 16px;\">\u00c9crit par : Gary Page<\/strong><\/p>\n<p><strong>Structure :<span>Comit\u00e9 Rh\u00f4ne metropole TT<\/span><\/strong><\/p>\n<p><strong style=\"font-size: 16px;\">Nom de l\u2019Action : <b>Pr\u00eat de tables en milieu scolaire<\/b><\/strong><\/p>\n<p><strong>Ressources humaine et mat\u00e9rielles :<\/strong><strong style=\"font-size: 16px;\"><\/strong><\/p>\n<ul>\n<li>2 personnes pour le transport des tables, montage et animation<\/li>\n<\/ul>\n<p><strong>Publics cibles de l\u2019action :<\/strong><strong><\/strong><\/p>\n<ul>\n<li>Les scolaires (Primaire, coll\u00e8ges, lyc\u00e9e<\/li>\n<\/ul>\n<p><strong>Description succincte de l\u2019action :<\/strong><\/p>\n<ul>\n<li>D\u00e9pose et animation des tables de tennis de table dans des \u00e9coles<\/li>\n<li>Avec un changement d&rsquo;\u00e9cole environ une fois par mois<\/li>\n<\/ul>\n<p><strong>Niveau de difficult\u00e9 de r\u00e9alisation de l\u2019action\u00a0<\/strong>:<\/p>\n<ul>\n<li>Tr\u00e8s facile<\/li>\n<li><strong>Facile<\/strong><\/li>\n<li>Moyen<\/li>\n<li>Difficile<\/li>\n<\/ul>\n<p><strong>Objectif global :<\/strong><\/p>\n<ul>\n<li><span style=\"font-size: 16px;\">Augmentation des licences d\u00e9couverte si l&rsquo;\u00e9cole donne son autorisation <\/span><\/li>\n<li>Fid\u00e9lisation des \u00e9coles<\/li>\n<\/ul>\n<p>&nbsp;<\/p>\n<p><a href=\"https:\/\/www.fftt.com\/observatoire\/wp-content\/uploads\/2024\/04\/CD69-pret-de-tables-etablissements-scolaires-002.pdf\" target=\"_blank\" rel=\"noopener\" style=\"font-size: 16px;\">Lien pour t\u00e9l\u00e9charger la note d\u2019actions<\/a><\/p>[\/et_pb_text][\/et_pb_column][et_pb_column _builder_version=\u00a0\u00bb4.24.0&Prime; _module_preset=\u00a0\u00bbdefault\u00a0\u00bb type=\u00a0\u00bb1_2&Prime; theme_builder_area=\u00a0\u00bbpost_content\u00a0\u00bb][et_pb_image src=\u00a0\u00bbhttps:\/\/www.fftt.com\/observatoire\/wp-content\/uploads\/2024\/04\/CD69-pret-de-tables-etablissements-scolaires-002_page-0001.jpg\u00a0\u00bb _builder_version=\u00a0\u00bb4.24.0&Prime; _module_preset=\u00a0\u00bbdefault\u00a0\u00bb theme_builder_area=\u00a0\u00bbpost_content\u00a0\u00bb hover_enabled=\u00a0\u00bb0&Prime; sticky_enabled=\u00a0\u00bb0&Prime; title_text=\u00a0\u00bbCD69 &#8211; pr\u00eat de tables \u00e9tablissements scolaires (002)_page-0001&Prime; url=\u00a0\u00bbhttps:\/\/www.fftt.com\/observatoire\/wp-content\/uploads\/2024\/04\/CD69-pret-de-tables-etablissements-scolaires-002.pdf\u00a0\u00bb url_new_window=\u00a0\u00bbon\u00a0\u00bb][\/et_pb_image][\/et_pb_column][\/et_pb_row][\/et_pb_section]\n","protected":false},"excerpt":{"rendered":"<p>Pr\u00eat de tables en milieu scolaire \u00c9crit par : Gary Page Structure :Comit\u00e9 Rh\u00f4ne metropole TT Nom de l\u2019Action : Pr\u00eat de tables en milieu scolaire Ressources humaine et mat\u00e9rielles : 2 personnes pour le transport des tables, montage et animation Publics cibles de l\u2019action : Les scolaires (Primaire, coll\u00e8ges, lyc\u00e9e Description succincte de l\u2019action [&hellip;]<\/p>\n","protected":false},"author":6,"featured_media":1648,"comment_status":"closed","ping_status":"closed","sticky":false,"template":"","format":"standard","meta":{"_et_pb_use_builder":"on","_et_pb_old_content":"","_et_gb_content_width":"","footnotes":""},"categories":[160,183,185,184,180,187,179,194],"tags":[],"post_folder":[],"class_list":["post-1646","post","type-post","status-publish","format-standard","has-post-thumbnail","hentry","category-concours-des-bonnes-pratiques","category-ping4-7ans","category-ping8-12","category-ping-a-lecole","category-ping-actif","category-ping-ado","category-ping-educatif","category-ping-solidaire"],"_links":{"self":[{"href":"https:\/\/www.fftt.com\/observatoire\/wp-json\/wp\/v2\/posts\/1646","targetHints":{"allow":["GET"]}}],"collection":[{"href":"https:\/\/www.fftt.com\/observatoire\/wp-json\/wp\/v2\/posts"}],"about":[{"href":"https:\/\/www.fftt.com\/observatoire\/wp-json\/wp\/v2\/types\/post"}],"author":[{"embeddable":true,"href":"https:\/\/www.fftt.com\/observatoire\/wp-json\/wp\/v2\/users\/6"}],"replies":[{"embeddable":true,"href":"https:\/\/www.fftt.com\/observatoire\/wp-json\/wp\/v2\/comments?post=1646"}],"version-history":[{"count":4,"href":"https:\/\/www.fftt.com\/observatoire\/wp-json\/wp\/v2\/posts\/1646\/revisions"}],"predecessor-version":[{"id":2394,"href":"https:\/\/www.fftt.com\/observatoire\/wp-json\/wp\/v2\/posts\/1646\/revisions\/2394"}],"wp:featuredmedia":[{"embeddable":true,"href":"https:\/\/www.fftt.com\/observatoire\/wp-json\/wp\/v2\/media\/1648"}],"wp:attachment":[{"href":"https:\/\/www.fftt.com\/observatoire\/wp-json\/wp\/v2\/media?parent=1646"}],"wp:term":[{"taxonomy":"category","embeddable":true,"href":"https:\/\/www.fftt.com\/observatoire\/wp-json\/wp\/v2\/categories?post=1646"},{"taxonomy":"post_tag","embeddable":true,"href":"https:\/\/www.fftt.com\/observatoire\/wp-json\/wp\/v2\/tags?post=1646"},{"taxonomy":"post_folder","embeddable":true,"href":"https:\/\/www.fftt.com\/observatoire\/wp-json\/wp\/v2\/post_folder?post=1646"}],"curies":[{"name":"wp","href":"https:\/\/api.w.org\/{rel}","templated":true}]}}