{"id":1992,"date":"2025-03-20T11:30:56","date_gmt":"2025-03-20T10:30:56","guid":{"rendered":"https:\/\/www.fftt.com\/observatoire\/?p=1992"},"modified":"2026-03-05T08:45:06","modified_gmt":"2026-03-05T07:45:06","slug":"ambassadrices-du-sport","status":"publish","type":"post","link":"https:\/\/www.fftt.com\/observatoire\/ambassadrices-du-sport\/","title":{"rendered":"Corbeil Essonnes TT &#8211; Ambassadrices du Sport"},"content":{"rendered":"<div class='watch-action'><div class='watch-position align-right'><div class='action-like'><a class='lbg-style1 like-1992 jlk' href='javascript:void(0)' data-task='like' data-post_id='1992' data-nonce='0a220ac3fb' rel='nofollow'><img class='wti-pixel' src='https:\/\/www.fftt.com\/observatoire\/wp-content\/plugins\/wti-like-post\/images\/pixel.gif' title='J&#039;aime' \/><span class='lc-1992 lc'>0<\/span><\/a><\/div><div class='action-unlike'><a class='unlbg-style1 unlike-1992 jlk' href='javascript:void(0)' data-task='unlike' data-post_id='1992' data-nonce='0a220ac3fb' rel='nofollow'><img class='wti-pixel' src='https:\/\/www.fftt.com\/observatoire\/wp-content\/plugins\/wti-like-post\/images\/pixel.gif' title='Je n&#039;aime pas' \/><span class='unlc-1992 unlc'>0<\/span><\/a><\/div> <\/div> <div class='status-1992 status align-right'><\/div><\/div><div class='wti-clear'><\/div><p>[et_pb_section fb_built=\u00a0\u00bb1&Prime; _builder_version=\u00a0\u00bb4.24.0&Prime; _module_preset=\u00a0\u00bbdefault\u00a0\u00bb min_height=\u00a0\u00bb1020.7px\u00a0\u00bb custom_margin=\u00a0\u00bb||8px|||\u00a0\u00bb global_colors_info=\u00a0\u00bb{}\u00a0\u00bb theme_builder_area=\u00a0\u00bbpost_content\u00a0\u00bb][et_pb_row column_structure=\u00a0\u00bb1_2,1_2&Prime; _builder_version=\u00a0\u00bb4.24.0&Prime; _module_preset=\u00a0\u00bbdefault\u00a0\u00bb global_colors_info=\u00a0\u00bb{}\u00a0\u00bb theme_builder_area=\u00a0\u00bbpost_content\u00a0\u00bb][et_pb_column type=\u00a0\u00bb1_2&Prime; _builder_version=\u00a0\u00bb4.24.0&Prime; _module_preset=\u00a0\u00bbdefault\u00a0\u00bb global_colors_info=\u00a0\u00bb{}\u00a0\u00bb theme_builder_area=\u00a0\u00bbpost_content\u00a0\u00bb][et_pb_text _builder_version=\u00a0\u00bb4.27.4&Prime; _module_preset=\u00a0\u00bbdefault\u00a0\u00bb hover_enabled=\u00a0\u00bb0&Prime; global_colors_info=\u00a0\u00bb{}\u00a0\u00bb theme_builder_area=\u00a0\u00bbpost_content\u00a0\u00bb sticky_enabled=\u00a0\u00bb0&Prime;]<\/p>\n<p><strong style=\"font-size: 16px;\">\u00c9crit par : Olivier RIVA<\/strong><\/p>\n<p><strong style=\"font-size: 16px;\">Nom de l\u2019Action : Ambassadrices du Sport<\/strong><\/p>\n<p><strong>Ressources humaine et mat\u00e9rielles :<\/strong><strong style=\"font-size: 16px;\"><\/strong><\/p>\n<ul>\n<li>Co\u00fbt d&rsquo;impression des flyers :<br \/>4000 distribu\u00e9s aux enfants des \u00e9coles primaires x 0,08 = 320 \u20ac<\/li>\n<li>Co\u00fbt entra\u00eeneur : distribution et interview aupr\u00e8s des diff\u00e9rentes classes lors des interventions en \u00e9cole primaire; 5 min x 10 classes x 36 semaines = 30h \u00e0 30 \u20ac charg\u00e9s, soit 900 \u20ac<\/li>\n<\/ul>\n<p><strong>Publics cibles de l\u2019action :<\/strong><strong><\/strong><\/p>\n<ul>\n<li>\u00a0promotion grand public &#8211; Actions sp\u00e9cifiques f\u00e9minines ou mixit\u00e9<\/li>\n<\/ul>\n<p><strong>Description succincte de l\u2019action :<\/strong><\/p>\n<p>Le d\u00e9veloppement du Ping au f\u00e9minin est un objectif important, les filles \u00e9tant en g\u00e9n\u00e9ral sous-repr\u00e9sent\u00e9es au Tennis de Table.<br \/>Un levier important pour le d\u00e9veloppement est l&rsquo;existence d&rsquo;un groupe significatif de filles qui en parlent \u00e0 d&rsquo;autres.<\/p>\n<p><strong>Niveau de difficult\u00e9 de r\u00e9alisation de l\u2019action\u00a0<\/strong>:<\/p>\n<ul>\n<li>Tr\u00e8s facile<\/li>\n<li><strong>Facile<\/strong><\/li>\n<li>Moyen<\/li>\n<li>Difficile<\/li>\n<\/ul>\n<p><strong>Objectif global :<\/strong><\/p>\n<p>D\u00e9veloppement du Ping f\u00e9minin, en mettant en avant les f\u00e9minines du club, en leur faisant jouer un r\u00f4le d&rsquo;Ambassadrice du Tennis de Table aupr\u00e8s de la population et des interlocuteurs institutionnels<\/p>\n<p><a href=\"https:\/\/www.fftt.com\/observatoire\/wp-content\/uploads\/2025\/03\/Corbeil-Essonnes-Ambassadrices-du-sport.pdf\" target=\"_blank\" rel=\"noopener\" title=\"Ambassadrices du sport\">Lien pour t\u00e9l\u00e9charger la note d\u2019actions<\/a><\/p>\n<p>[\/et_pb_text][\/et_pb_column][et_pb_column type=\u00a0\u00bb1_2&Prime; _builder_version=\u00a0\u00bb4.24.0&Prime; _module_preset=\u00a0\u00bbdefault\u00a0\u00bb global_colors_info=\u00a0\u00bb{}\u00a0\u00bb theme_builder_area=\u00a0\u00bbpost_content\u00a0\u00bb][et_pb_image src=\u00a0\u00bbhttps:\/\/www.fftt.com\/observatoire\/wp-content\/uploads\/2025\/03\/Capture-decran-2025-03-20-112835.png\u00a0\u00bb title_text=\u00a0\u00bbCapture d&rsquo;\u00e9cran 2025-03-20 112835&Prime; url=\u00a0\u00bbhttps:\/\/www.fftt.com\/observatoire\/wp-content\/uploads\/2025\/03\/Corbeil-Essonnes-Ambassadrices-du-sport.pdf\u00a0\u00bb _builder_version=\u00a0\u00bb4.27.4&Prime; _module_preset=\u00a0\u00bbdefault\u00a0\u00bb hover_enabled=\u00a0\u00bb0&Prime; global_colors_info=\u00a0\u00bb{}\u00a0\u00bb theme_builder_area=\u00a0\u00bbpost_content\u00a0\u00bb sticky_enabled=\u00a0\u00bb0&Prime;][\/et_pb_image][\/et_pb_column][\/et_pb_row][\/et_pb_section]<\/p>\n","protected":false},"excerpt":{"rendered":"<p>\u00c9crit par : Olivier RIVA Nom de l\u2019Action : Ambassadrices du Sport Ressources humaine et mat\u00e9rielles : Co\u00fbt d&rsquo;impression des flyers :4000 distribu\u00e9s aux enfants des \u00e9coles primaires x 0,08 = 320 \u20ac Co\u00fbt entra\u00eeneur : distribution et interview aupr\u00e8s des diff\u00e9rentes classes lors des interventions en \u00e9cole primaire; 5 min x 10 classes x [&hellip;]<\/p>\n","protected":false},"author":9,"featured_media":1615,"comment_status":"closed","ping_status":"closed","sticky":false,"template":"","format":"standard","meta":{"_et_pb_use_builder":"on","_et_pb_old_content":"[et_pb_section fb_built=\"1\" _builder_version=\"4.24.0\" _module_preset=\"default\" min_height=\"1020.7px\" custom_margin=\"||8px|||\" global_colors_info=\"{}\" theme_builder_area=\"post_content\"][et_pb_row column_structure=\"1_2,1_2\" _builder_version=\"4.24.0\" _module_preset=\"default\" global_colors_info=\"{}\" theme_builder_area=\"post_content\"][et_pb_column type=\"1_2\" _builder_version=\"4.24.0\" _module_preset=\"default\" global_colors_info=\"{}\" theme_builder_area=\"post_content\"][et_pb_text _builder_version=\"4.27.4\" _module_preset=\"default\" hover_enabled=\"0\" global_colors_info=\"{}\" theme_builder_area=\"post_content\" sticky_enabled=\"0\"]<p>&nbsp;<\/p>\n<p><strong style=\"font-size: 16px;\">\u00c9crit par : Pierre Brunet<\/strong><\/p>\n<p><strong style=\"font-size: 16px;\">Nom de l\u2019Action : Mutualiser l'emploi<\/strong><\/p>\n<p><strong>Ressources humaine et mat\u00e9rielles :<\/strong><strong style=\"font-size: 16px;\"><\/strong><\/p>\n<ul>\n<li>Deux co-pr\u00e9sidents, un vice-pr\u00e9sident, un tr\u00e9sorier<\/li>\n<\/ul>\n<p><strong>Publics cibles de l\u2019action :<\/strong><strong><\/strong><\/p>\n<ul>\n<li>animation emploi<\/li>\n<\/ul>\n<p><strong>Description succincte de l\u2019action :<\/strong><\/p>\n<p>R\u00e9alisation de 60% des missions en tennis de table avec passage de 6 \u00e0 12 cr\u00e9neaux et coaching puis 40% de missions mairie (repas du midi + centre de loisirs durant les vacances).<br \/>Recherche et demande de toutes les subventions possibles pour amortir le co\u00fbt de l'emploi, d\u00e9veloppement du don, structuration du club (projet club, achat basicompta)<\/p>\n<p><strong>Niveau de difficult\u00e9 de r\u00e9alisation de l\u2019action\u00a0<\/strong>:<\/p>\n<ul>\n<li>Tr\u00e8s facile<\/li>\n<li><strong>Facile<\/strong><\/li>\n<li>Moyen<\/li>\n<li>Difficile<\/li>\n<\/ul>\n<p><strong>Objectif global :<\/strong><\/p>\n<p>Le club vient de s'engager dans l'emploi mais ne pouvait pas proposer un temps complet sans trouver un partenaire. Apr\u00e8s avoir \u00e9tudi\u00e9 des collaborations avec des clubs proches, il \u00e9tait plus rentable de travailler avec la ville et cela rendait le travail plus diversifi\u00e9 avec moins de d\u00e9placements pour l'\u00e9ducateur recrut\u00e9<\/p>\n<p><a href=\"https:\/\/fftt75013-my.sharepoint.com\/shared?listurl=https%3A%2F%2Ffftt75013%2Esharepoint%2Ecom%2Fsites%2FPleAccompagnementdesclubsetdesterritoires%2FDocuments%20partages&amp;id=%2Fsites%2FPleAccompagnementdesclubsetdesterritoires%2FDocuments%20partages%2FBonnes%20pratiques%2FFiches%20Bonnes%20Pratiques%20Labels%20C1%20et%20C2%20%C3%A0%20traiter%20enti%C3%A8rement%2FFICHES%20BP%20LABELS%20CLASSEES%20PAR%20THEMATIQUES%2FFiches%20pr%C3%AAtes%20%C3%A0%20publier%2FEncadrement%20formation%2FVierzon%20Ping%20%2D%20mutualisation%20emploi%2Epdf&amp;parent=%2Fsites%2FPleAccompagnementdesclubsetdesterritoires%2FDocuments%20partages%2FBonnes%20pratiques%2FFiches%20Bonnes%20Pratiques%20Labels%20C1%20et%20C2%20%C3%A0%20traiter%20enti%C3%A8rement%2FFICHES%20BP%20LABELS%20CLASSEES%20PAR%20THEMATIQUES%2FFiches%20pr%C3%AAtes%20%C3%A0%20publier%2FEncadrement%20formation\">Lien pour t\u00e9l\u00e9charger la note d\u2019actions<\/a><\/p>[\/et_pb_text][\/et_pb_column][et_pb_column type=\"1_2\" _builder_version=\"4.24.0\" _module_preset=\"default\" global_colors_info=\"{}\" theme_builder_area=\"post_content\"][et_pb_image src=\"https:\/\/www.fftt.com\/observatoire\/wp-content\/uploads\/2025\/03\/Capture-decran-2025-03-20-110908.png\" title_text=\"Capture d'\u00e9cran 2025-03-20 110908\" url=\"https:\/\/fftt75013-my.sharepoint.com\/shared?listurl=https%3A%2F%2Ffftt75013%2Esharepoint%2Ecom%2Fsites%2FPleAccompagnementdesclubsetdesterritoires%2FDocuments%20partages&id=%2Fsites%2FPleAccompagnementdesclubsetdesterritoires%2FDocuments%20partages%2FBonnes%20pratiques%2FFiches%20Bonnes%20Pratiques%20Labels%20C1%20et%20C2%20%C3%A0%20traiter%20enti%C3%A8rement%2FFICHES%20BP%20LABELS%20CLASSEES%20PAR%20THEMATIQUES%2FFiches%20pr%C3%AAtes%20%C3%A0%20publier%2FEncadrement%20formation%2FVierzon%20Ping%20%2D%20mutualisation%20emploi%2Epdf&parent=%2Fsites%2FPleAccompagnementdesclubsetdesterritoires%2FDocuments%20partages%2FBonnes%20pratiques%2FFiches%20Bonnes%20Pratiques%20Labels%20C1%20et%20C2%20%C3%A0%20traiter%20enti%C3%A8rement%2FFICHES%20BP%20LABELS%20CLASSEES%20PAR%20THEMATIQUES%2FFiches%20pr%C3%AAtes%20%C3%A0%20publier%2FEncadrement%20formation\" _builder_version=\"4.27.4\" _module_preset=\"default\" hover_enabled=\"0\" global_colors_info=\"{}\" theme_builder_area=\"post_content\" sticky_enabled=\"0\"][\/et_pb_image][\/et_pb_column][\/et_pb_row][\/et_pb_section]","_et_gb_content_width":"","footnotes":""},"categories":[65,170,180,207],"tags":[],"post_folder":[],"class_list":["post-1992","post","type-post","status-publish","format-standard","has-post-thumbnail","hentry","category-bonnes-pratiques","category-challenges-clubs","category-ping-actif","category-ping-au-feminin"],"_links":{"self":[{"href":"https:\/\/www.fftt.com\/observatoire\/wp-json\/wp\/v2\/posts\/1992","targetHints":{"allow":["GET"]}}],"collection":[{"href":"https:\/\/www.fftt.com\/observatoire\/wp-json\/wp\/v2\/posts"}],"about":[{"href":"https:\/\/www.fftt.com\/observatoire\/wp-json\/wp\/v2\/types\/post"}],"author":[{"embeddable":true,"href":"https:\/\/www.fftt.com\/observatoire\/wp-json\/wp\/v2\/users\/9"}],"replies":[{"embeddable":true,"href":"https:\/\/www.fftt.com\/observatoire\/wp-json\/wp\/v2\/comments?post=1992"}],"version-history":[{"count":7,"href":"https:\/\/www.fftt.com\/observatoire\/wp-json\/wp\/v2\/posts\/1992\/revisions"}],"predecessor-version":[{"id":4146,"href":"https:\/\/www.fftt.com\/observatoire\/wp-json\/wp\/v2\/posts\/1992\/revisions\/4146"}],"wp:featuredmedia":[{"embeddable":true,"href":"https:\/\/www.fftt.com\/observatoire\/wp-json\/wp\/v2\/media\/1615"}],"wp:attachment":[{"href":"https:\/\/www.fftt.com\/observatoire\/wp-json\/wp\/v2\/media?parent=1992"}],"wp:term":[{"taxonomy":"category","embeddable":true,"href":"https:\/\/www.fftt.com\/observatoire\/wp-json\/wp\/v2\/categories?post=1992"},{"taxonomy":"post_tag","embeddable":true,"href":"https:\/\/www.fftt.com\/observatoire\/wp-json\/wp\/v2\/tags?post=1992"},{"taxonomy":"post_folder","embeddable":true,"href":"https:\/\/www.fftt.com\/observatoire\/wp-json\/wp\/v2\/post_folder?post=1992"}],"curies":[{"name":"wp","href":"https:\/\/api.w.org\/{rel}","templated":true}]}}