{"id":2127,"date":"2025-03-25T11:06:00","date_gmt":"2025-03-25T10:06:00","guid":{"rendered":"https:\/\/www.fftt.com\/observatoire\/?p=2127"},"modified":"2025-03-26T00:40:15","modified_gmt":"2025-03-25T23:40:15","slug":"sessions-darbitrage-via-notre-jan-cpf-aizenay","status":"publish","type":"post","link":"https:\/\/www.fftt.com\/observatoire\/sessions-darbitrage-via-notre-jan-cpf-aizenay\/","title":{"rendered":"CPF AIZENAY &#8211; Sessions d&rsquo;arbitrage"},"content":{"rendered":"<div class='watch-action'><div class='watch-position align-right'><div class='action-like'><a class='lbg-style1 like-2127 jlk' href='javascript:void(0)' data-task='like' data-post_id='2127' data-nonce='0a220ac3fb' rel='nofollow'><img class='wti-pixel' src='https:\/\/www.fftt.com\/observatoire\/wp-content\/plugins\/wti-like-post\/images\/pixel.gif' title='J&#039;aime' \/><span class='lc-2127 lc'>0<\/span><\/a><\/div><div class='action-unlike'><a class='unlbg-style1 unlike-2127 jlk' href='javascript:void(0)' data-task='unlike' data-post_id='2127' data-nonce='0a220ac3fb' rel='nofollow'><img class='wti-pixel' src='https:\/\/www.fftt.com\/observatoire\/wp-content\/plugins\/wti-like-post\/images\/pixel.gif' title='Je n&#039;aime pas' \/><span class='unlc-2127 unlc'>0<\/span><\/a><\/div> <\/div> <div class='status-2127 status align-right'><\/div><\/div><div class='wti-clear'><\/div>\n[et_pb_section fb_built=\u00a0\u00bb1&Prime; _builder_version=\u00a0\u00bb4.23&Prime; _module_preset=\u00a0\u00bbdefault\u00a0\u00bb custom_margin=\u00a0\u00bb-98px|||||\u00a0\u00bb custom_padding=\u00a0\u00bb0px|||||\u00a0\u00bb global_colors_info=\u00a0\u00bb{}\u00a0\u00bb theme_builder_area=\u00a0\u00bbpost_content\u00a0\u00bb][et_pb_row column_structure=\u00a0\u00bb2_5,3_5&Prime; _builder_version=\u00a0\u00bb4.23&Prime; _module_preset=\u00a0\u00bbdefault\u00a0\u00bb min_height=\u00a0\u00bb877.8px\u00a0\u00bb custom_margin=\u00a0\u00bb219px|auto||auto||\u00a0\u00bb global_colors_info=\u00a0\u00bb{}\u00a0\u00bb theme_builder_area=\u00a0\u00bbpost_content\u00a0\u00bb][et_pb_column type=\u00a0\u00bb2_5&Prime; _builder_version=\u00a0\u00bb4.23&Prime; _module_preset=\u00a0\u00bbdefault\u00a0\u00bb global_colors_info=\u00a0\u00bb{}\u00a0\u00bb theme_builder_area=\u00a0\u00bbpost_content\u00a0\u00bb][et_pb_text _builder_version=\u00a0\u00bb4.27.4&Prime; _module_preset=\u00a0\u00bbdefault\u00a0\u00bb hover_enabled=\u00a0\u00bb0&Prime; global_colors_info=\u00a0\u00bb{}\u00a0\u00bb theme_builder_area=\u00a0\u00bbpost_content\u00a0\u00bb sticky_enabled=\u00a0\u00bb0&Prime;]<p><strong>\u00c9crit par : Claude MORILLEAU<\/strong><\/p>\n<p><strong>Structure : CPF AIZENAY<\/strong><\/p>\n<p><strong>Publics cibles de l\u2019action :<\/strong><\/p>\n<ul>\n<li>Formation des jeunes<\/li>\n<\/ul>\n<p><strong>Ressources humaines et mat\u00e9rielles<\/strong> :\u00a0<\/p>\n<p>1 b\u00e9n\u00e9vole<br \/>1 salle de tennis de table sp\u00e9cifique<br \/>1 vid\u00e9oprojecteur<br \/>1 carnet r\u00e9sumant les enseignements dispens\u00e9s.<\/p>\n<p><strong>Description succincte de l\u2019action :<\/strong><\/p>\n<p>1\u00e8re session th\u00e9orique de 2 h dans la salle de tennis de tale via vid\u00e9oprojecteur et pr\u00e9sentation.<\/p>\n<p>2\u00e8me session de 2h avec mise en situation pratique des diff\u00e9rentes r\u00e8gles (v\u00e9rification du service, tenue, temps des temps-morts\/ inter-manche, &#8230;)<\/p>\n<ul><\/ul>\n<p><strong>Niveau de difficult\u00e9 de r\u00e9alisation de l\u2019action\u00a0<\/strong>:<\/p>\n<ul>\n<li>Tr\u00e8s facile<\/li>\n<li><strong> <\/strong>Facile<\/li>\n<li><strong>Moyen<\/strong><\/li>\n<li>Difficile<\/li>\n<\/ul>\n<p><strong>Objectif global :<\/strong><\/p>\n<p>Formation aux r\u00e8gles d&rsquo;arbitrage chez nos jeunes Benjamins \/ Minimes. <\/p>\n<p><a href=\"https:\/\/www.fftt.com\/observatoire\/wp-content\/uploads\/2025\/03\/Aizenay-Formation-arbitrage.pdf\" target=\"_blank\" rel=\"noopener\" title=\"Fiche action\">Lien pour t\u00e9l\u00e9charger la note d&rsquo;actions<\/a><\/p>\n<p>&nbsp;<\/p>[\/et_pb_text][\/et_pb_column][et_pb_column type=\u00a0\u00bb3_5&Prime; _builder_version=\u00a0\u00bb4.23&Prime; _module_preset=\u00a0\u00bbdefault\u00a0\u00bb global_colors_info=\u00a0\u00bb{}\u00a0\u00bb theme_builder_area=\u00a0\u00bbpost_content\u00a0\u00bb][et_pb_image src=\u00a0\u00bbhttps:\/\/www.fftt.com\/observatoire\/wp-content\/uploads\/2025\/03\/Capture-decran-2025-03-25-110450.png\u00a0\u00bb title_text=\u00a0\u00bbCapture d&rsquo;\u00e9cran 2025-03-25 110450&Prime; url=\u00a0\u00bbhttps:\/\/www.fftt.com\/observatoire\/wp-content\/uploads\/2025\/03\/Aizenay-Formation-arbitrage.pdf\u00a0\u00bb url_new_window=\u00a0\u00bbon\u00a0\u00bb _builder_version=\u00a0\u00bb4.27.4&Prime; _module_preset=\u00a0\u00bbdefault\u00a0\u00bb hover_enabled=\u00a0\u00bb0&Prime; global_colors_info=\u00a0\u00bb{}\u00a0\u00bb theme_builder_area=\u00a0\u00bbpost_content\u00a0\u00bb sticky_enabled=\u00a0\u00bb0&Prime;][\/et_pb_image][\/et_pb_column][\/et_pb_row][\/et_pb_section]\n","protected":false},"excerpt":{"rendered":"<p>\u00c9crit par : Claude MORILLEAU Structure : CPF AIZENAY Publics cibles de l\u2019action : Formation des jeunes Ressources humaines et mat\u00e9rielles :\u00a0 1 b\u00e9n\u00e9vole1 salle de tennis de table sp\u00e9cifique1 vid\u00e9oprojecteur1 carnet r\u00e9sumant les enseignements dispens\u00e9s. Description succincte de l\u2019action : 1\u00e8re session th\u00e9orique de 2 h dans la salle de tennis de tale via [&hellip;]<\/p>\n","protected":false},"author":9,"featured_media":1122,"comment_status":"closed","ping_status":"closed","sticky":false,"template":"","format":"standard","meta":{"_et_pb_use_builder":"on","_et_pb_old_content":"[et_pb_section fb_built=\"1\" _builder_version=\"4.23\" _module_preset=\"default\" custom_margin=\"-98px|||||\" custom_padding=\"0px|||||\" global_colors_info=\"{}\" theme_builder_area=\"post_content\"][et_pb_row column_structure=\"2_5,3_5\" _builder_version=\"4.23\" _module_preset=\"default\" min_height=\"877.8px\" custom_margin=\"219px|auto||auto||\" global_colors_info=\"{}\" theme_builder_area=\"post_content\"][et_pb_column type=\"2_5\" _builder_version=\"4.23\" _module_preset=\"default\" global_colors_info=\"{}\" theme_builder_area=\"post_content\"][et_pb_text _builder_version=\"4.27.4\" _module_preset=\"default\" hover_enabled=\"0\" global_colors_info=\"{}\" theme_builder_area=\"post_content\" sticky_enabled=\"0\"]<p><strong>Ados : acteurs du club<br \/><\/strong><\/p>\n<p><strong>\u00c9crit par : Vincent Br\u00e9<\/strong><\/p>\n<p><strong>Structure : AEL Gu\u00e9ret<\/strong><\/p>\n<p><strong>Publics cibles de l\u2019action :<\/strong><\/p>\n<ul>\n<li>Actions sp\u00e9cifiques f\u00e9minines ou mixit\u00e9<\/li>\n<\/ul>\n<p><strong>Description succincte de l\u2019action :<\/strong><\/p>\n<p>- Convaincre les femmes en amont de l'Assembl\u00e9e G\u00e9n\u00e9rale<br \/>- Identifier les points forts de chacune ainsi que leurs app\u00e9tences<br \/>- Communication une fois l'\u00e9lection effectu\u00e9e<\/p>\n<ul><\/ul>\n<p><strong>Niveau de difficult\u00e9 de r\u00e9alisation de l\u2019action\u00a0<\/strong>:<\/p>\n<ul>\n<li>Tr\u00e8s facile<\/li>\n<li><strong> <\/strong>Facile<\/li>\n<li><strong>Moyen<\/strong><\/li>\n<li>Difficile<\/li>\n<\/ul>\n<p><strong>Objectif global :<\/strong><\/p>\n<p>- Diversit\u00e9 et perspectives : richesse des points de vue, meilleure compr\u00e9hension des besoins<br \/>- Egalit\u00e9 et repr\u00e9sentation : mod\u00e8le des r\u00f4les, promotion de l'\u00e9galit\u00e9<br \/>- Comp\u00e9tences et efficacit\u00e9 : communication, organisation et gestion<\/p>\n<p><a href=\"https:\/\/www.fftt.com\/observatoire\/wp-content\/uploads\/2025\/03\/AEL-Gueret-Inclusion-Feminines-gouvernance.pdf\" target=\"_blank\" rel=\"noopener\" title=\"Fiche action\">Lien pour t\u00e9l\u00e9charger la note d'actions<\/a><\/p>\n<p>&nbsp;<\/p>[\/et_pb_text][\/et_pb_column][et_pb_column type=\"3_5\" _builder_version=\"4.23\" _module_preset=\"default\" global_colors_info=\"{}\" theme_builder_area=\"post_content\"][et_pb_image src=\"https:\/\/www.fftt.com\/observatoire\/wp-content\/uploads\/2025\/03\/Capture-decran-2025-03-24-170035.png\" title_text=\"Capture d'\u00e9cran 2025-03-24 170035\" url=\"https:\/\/www.fftt.com\/observatoire\/wp-content\/uploads\/2025\/03\/AEL-Gueret-Inclusion-Feminines-gouvernance.pdf\" url_new_window=\"on\" _builder_version=\"4.27.4\" _module_preset=\"default\" hover_enabled=\"0\" global_colors_info=\"{}\" theme_builder_area=\"post_content\" sticky_enabled=\"0\"][\/et_pb_image][\/et_pb_column][\/et_pb_row][\/et_pb_section]","_et_gb_content_width":"","footnotes":""},"categories":[65,199,182,179,193,181],"tags":[],"post_folder":[88],"class_list":["post-2127","post","type-post","status-publish","format-standard","has-post-thumbnail","hentry","category-bonnes-pratiques","category-championnats","category-ping-competitif","category-ping-educatif","category-ping-emploi","category-ping-inclusif"],"_links":{"self":[{"href":"https:\/\/www.fftt.com\/observatoire\/wp-json\/wp\/v2\/posts\/2127","targetHints":{"allow":["GET"]}}],"collection":[{"href":"https:\/\/www.fftt.com\/observatoire\/wp-json\/wp\/v2\/posts"}],"about":[{"href":"https:\/\/www.fftt.com\/observatoire\/wp-json\/wp\/v2\/types\/post"}],"author":[{"embeddable":true,"href":"https:\/\/www.fftt.com\/observatoire\/wp-json\/wp\/v2\/users\/9"}],"replies":[{"embeddable":true,"href":"https:\/\/www.fftt.com\/observatoire\/wp-json\/wp\/v2\/comments?post=2127"}],"version-history":[{"count":4,"href":"https:\/\/www.fftt.com\/observatoire\/wp-json\/wp\/v2\/posts\/2127\/revisions"}],"predecessor-version":[{"id":2249,"href":"https:\/\/www.fftt.com\/observatoire\/wp-json\/wp\/v2\/posts\/2127\/revisions\/2249"}],"wp:featuredmedia":[{"embeddable":true,"href":"https:\/\/www.fftt.com\/observatoire\/wp-json\/wp\/v2\/media\/1122"}],"wp:attachment":[{"href":"https:\/\/www.fftt.com\/observatoire\/wp-json\/wp\/v2\/media?parent=2127"}],"wp:term":[{"taxonomy":"category","embeddable":true,"href":"https:\/\/www.fftt.com\/observatoire\/wp-json\/wp\/v2\/categories?post=2127"},{"taxonomy":"post_tag","embeddable":true,"href":"https:\/\/www.fftt.com\/observatoire\/wp-json\/wp\/v2\/tags?post=2127"},{"taxonomy":"post_folder","embeddable":true,"href":"https:\/\/www.fftt.com\/observatoire\/wp-json\/wp\/v2\/post_folder?post=2127"}],"curies":[{"name":"wp","href":"https:\/\/api.w.org\/{rel}","templated":true}]}}