{"id":2134,"date":"2025-03-25T11:33:56","date_gmt":"2025-03-25T10:33:56","guid":{"rendered":"https:\/\/www.fftt.com\/observatoire\/?p=2134"},"modified":"2025-03-26T00:39:08","modified_gmt":"2025-03-25T23:39:08","slug":"participation-a-levenement-decathlon-vitalsport-al-coulounieix-tt","status":"publish","type":"post","link":"https:\/\/www.fftt.com\/observatoire\/participation-a-levenement-decathlon-vitalsport-al-coulounieix-tt\/","title":{"rendered":"AL Coulounieix TT &#8211; Participation Decathlon VitalSport"},"content":{"rendered":"<div class='watch-action'><div class='watch-position align-right'><div class='action-like'><a class='lbg-style1 like-2134 jlk' href='javascript:void(0)' data-task='like' data-post_id='2134' data-nonce='0a220ac3fb' rel='nofollow'><img class='wti-pixel' src='https:\/\/www.fftt.com\/observatoire\/wp-content\/plugins\/wti-like-post\/images\/pixel.gif' title='J&#039;aime' \/><span class='lc-2134 lc'>0<\/span><\/a><\/div><div class='action-unlike'><a class='unlbg-style1 unlike-2134 jlk' href='javascript:void(0)' data-task='unlike' data-post_id='2134' data-nonce='0a220ac3fb' rel='nofollow'><img class='wti-pixel' src='https:\/\/www.fftt.com\/observatoire\/wp-content\/plugins\/wti-like-post\/images\/pixel.gif' title='Je n&#039;aime pas' \/><span class='unlc-2134 unlc'>0<\/span><\/a><\/div> <\/div> <div class='status-2134 status align-right'><\/div><\/div><div class='wti-clear'><\/div>\n[et_pb_section fb_built=\u00a0\u00bb1&Prime; _builder_version=\u00a0\u00bb4.23&Prime; _module_preset=\u00a0\u00bbdefault\u00a0\u00bb custom_margin=\u00a0\u00bb-98px|||||\u00a0\u00bb custom_padding=\u00a0\u00bb0px|||||\u00a0\u00bb global_colors_info=\u00a0\u00bb{}\u00a0\u00bb theme_builder_area=\u00a0\u00bbpost_content\u00a0\u00bb][et_pb_row column_structure=\u00a0\u00bb2_5,3_5&Prime; _builder_version=\u00a0\u00bb4.23&Prime; _module_preset=\u00a0\u00bbdefault\u00a0\u00bb min_height=\u00a0\u00bb877.8px\u00a0\u00bb custom_margin=\u00a0\u00bb219px|auto||auto||\u00a0\u00bb global_colors_info=\u00a0\u00bb{}\u00a0\u00bb theme_builder_area=\u00a0\u00bbpost_content\u00a0\u00bb][et_pb_column type=\u00a0\u00bb2_5&Prime; _builder_version=\u00a0\u00bb4.23&Prime; _module_preset=\u00a0\u00bbdefault\u00a0\u00bb global_colors_info=\u00a0\u00bb{}\u00a0\u00bb theme_builder_area=\u00a0\u00bbpost_content\u00a0\u00bb][et_pb_text _builder_version=\u00a0\u00bb4.27.4&Prime; _module_preset=\u00a0\u00bbdefault\u00a0\u00bb hover_enabled=\u00a0\u00bb0&Prime; global_colors_info=\u00a0\u00bb{}\u00a0\u00bb theme_builder_area=\u00a0\u00bbpost_content\u00a0\u00bb sticky_enabled=\u00a0\u00bb0&Prime;]<p><strong>\u00c9crit par : Mouyanne Jean-Christophe<\/strong><\/p>\n<p><strong>Structure : AL Coulounieix tt<\/strong><\/p>\n<p><strong>Publics cibles de l\u2019action :<\/strong><\/p>\n<ul>\n<li>promotion grand public<\/li>\n<li>Animation Ping<\/li>\n<\/ul>\n<p><strong>Ressources humaines et mat\u00e9rielles<\/strong> :<\/p>\n<p>&#8211; 6 b\u00e9n\u00e9voles du club + des jeunes joueurs pour faire jouer les visiteurs + \u00e9ducateur<br \/>&#8211; 2 tables<br \/>&#8211; 2 mini-tables<br \/>&#8211; s\u00e9parations<br \/>&#8211; raquettes + balles<br \/>&#8211; supports de communication<\/p>\n<p><strong>Description succincte de l\u2019action :<\/strong><\/p>\n<p>Installation d&rsquo;un stand sur le parking de Decathlon Boulazac.<br \/>Rencontre avec les visiteurs<br \/>Tables et mat\u00e9riel \u00e0 disposition pour jouer, \u00e9ventuellement avec relanceurs<br \/>Pr\u00e9sence des dirigeants pour donner les renseignements n\u00e9cessaires<br \/>Interview avec l&rsquo;animateur de l&rsquo;\u00e9v\u00e9nement<br \/>Prise de licence avec la Ligue NATT<\/p>\n<ul><\/ul>\n<p><strong>Niveau de difficult\u00e9 de r\u00e9alisation de l\u2019action\u00a0<\/strong>:<\/p>\n<ul>\n<li>Tr\u00e8s facile<\/li>\n<li><strong> <\/strong>Facile<\/li>\n<li><strong>Moyen<\/strong><\/li>\n<li>Difficile<\/li>\n<\/ul>\n<p><strong>Objectif global :<\/strong><\/p>\n<p>Prendre des contacts avec des adh\u00e9rents potentiels &#8211; tous \u00e2ges et tous niveaux &#8211; Promotion du Tennis de Table<\/p>\n<p><a href=\"https:\/\/www.fftt.com\/observatoire\/wp-content\/uploads\/2025\/03\/AL-Coulounieix-Vital-Sport-Decathlon.pdf\" target=\"_blank\" rel=\"noopener\" title=\"Fiche action\">Lien pour t\u00e9l\u00e9charger la note d&rsquo;actions<\/a><\/p>\n<p>&nbsp;<\/p>[\/et_pb_text][\/et_pb_column][et_pb_column type=\u00a0\u00bb3_5&Prime; _builder_version=\u00a0\u00bb4.23&Prime; _module_preset=\u00a0\u00bbdefault\u00a0\u00bb global_colors_info=\u00a0\u00bb{}\u00a0\u00bb theme_builder_area=\u00a0\u00bbpost_content\u00a0\u00bb][et_pb_image src=\u00a0\u00bbhttps:\/\/www.fftt.com\/observatoire\/wp-content\/uploads\/2025\/03\/Capture-decran-2025-03-25-113118.png\u00a0\u00bb title_text=\u00a0\u00bbCapture d&rsquo;\u00e9cran 2025-03-25 113118&Prime; url=\u00a0\u00bbhttps:\/\/www.fftt.com\/observatoire\/wp-content\/uploads\/2025\/03\/AL-Coulounieix-Vital-Sport-Decathlon.pdf\u00a0\u00bb url_new_window=\u00a0\u00bbon\u00a0\u00bb _builder_version=\u00a0\u00bb4.27.4&Prime; _module_preset=\u00a0\u00bbdefault\u00a0\u00bb hover_enabled=\u00a0\u00bb0&Prime; global_colors_info=\u00a0\u00bb{}\u00a0\u00bb theme_builder_area=\u00a0\u00bbpost_content\u00a0\u00bb sticky_enabled=\u00a0\u00bb0&Prime;][\/et_pb_image][\/et_pb_column][\/et_pb_row][\/et_pb_section]\n","protected":false},"excerpt":{"rendered":"<p>\u00c9crit par : Mouyanne Jean-Christophe Structure : AL Coulounieix tt Publics cibles de l\u2019action : promotion grand public Animation Ping Ressources humaines et mat\u00e9rielles : &#8211; 6 b\u00e9n\u00e9voles du club + des jeunes joueurs pour faire jouer les visiteurs + \u00e9ducateur- 2 tables- 2 mini-tables- s\u00e9parations- raquettes + balles- supports de communication Description succincte de [&hellip;]<\/p>\n","protected":false},"author":9,"featured_media":1122,"comment_status":"closed","ping_status":"closed","sticky":false,"template":"","format":"standard","meta":{"_et_pb_use_builder":"on","_et_pb_old_content":"[et_pb_section fb_built=\"1\" _builder_version=\"4.23\" _module_preset=\"default\" custom_margin=\"-98px|||||\" custom_padding=\"0px|||||\" global_colors_info=\"{}\" theme_builder_area=\"post_content\"][et_pb_row column_structure=\"2_5,3_5\" _builder_version=\"4.23\" _module_preset=\"default\" min_height=\"877.8px\" custom_margin=\"219px|auto||auto||\" global_colors_info=\"{}\" theme_builder_area=\"post_content\"][et_pb_column type=\"2_5\" _builder_version=\"4.23\" _module_preset=\"default\" global_colors_info=\"{}\" theme_builder_area=\"post_content\"][et_pb_text _builder_version=\"4.27.4\" _module_preset=\"default\" hover_enabled=\"0\" global_colors_info=\"{}\" theme_builder_area=\"post_content\" sticky_enabled=\"0\"]<p><strong>\u00c9crit par : Claude MORILLEAU<\/strong><\/p>\n<p><strong>Structure : CPF AIZENAY<\/strong><\/p>\n<p><strong>Publics cibles de l\u2019action :<\/strong><\/p>\n<ul>\n<li>Formation des jeunes<\/li>\n<\/ul>\n<p><strong>Ressources humaines et mat\u00e9rielles<\/strong> :\u00a0<\/p>\n<p>1 b\u00e9n\u00e9vole<br \/>1 salle de tennis de table sp\u00e9cifique<br \/>1 vid\u00e9oprojecteur<br \/>1 carnet r\u00e9sumant les enseignements dispens\u00e9s.<\/p>\n<p><strong>Description succincte de l\u2019action :<\/strong><\/p>\n<p>1\u00e8re session th\u00e9orique de 2 h dans la salle de tennis de tale via vid\u00e9oprojecteur et pr\u00e9sentation.<\/p>\n<p>2\u00e8me session de 2h avec mise en situation pratique des diff\u00e9rentes r\u00e8gles (v\u00e9rification du service, tenue, temps des temps-morts\/ inter-manche, ...)<\/p>\n<ul><\/ul>\n<p><strong>Niveau de difficult\u00e9 de r\u00e9alisation de l\u2019action\u00a0<\/strong>:<\/p>\n<ul>\n<li>Tr\u00e8s facile<\/li>\n<li><strong> <\/strong>Facile<\/li>\n<li><strong>Moyen<\/strong><\/li>\n<li>Difficile<\/li>\n<\/ul>\n<p><strong>Objectif global :<\/strong><\/p>\n<p>Formation aux r\u00e8gles d'arbitrage chez nos jeunes Benjamins \/ Minimes. <\/p>\n<p><a href=\"https:\/\/www.fftt.com\/observatoire\/wp-content\/uploads\/2025\/03\/Aizenay-Formation-arbitrage.pdf\" target=\"_blank\" rel=\"noopener\" title=\"Fiche action\">Lien pour t\u00e9l\u00e9charger la note d'actions<\/a><\/p>\n<p>&nbsp;<\/p>[\/et_pb_text][\/et_pb_column][et_pb_column type=\"3_5\" _builder_version=\"4.23\" _module_preset=\"default\" global_colors_info=\"{}\" theme_builder_area=\"post_content\"][et_pb_image src=\"https:\/\/www.fftt.com\/observatoire\/wp-content\/uploads\/2025\/03\/Capture-decran-2025-03-25-110450.png\" title_text=\"Capture d'\u00e9cran 2025-03-25 110450\" url=\"https:\/\/www.fftt.com\/observatoire\/wp-content\/uploads\/2025\/03\/Aizenay-Formation-arbitrage.pdf\" url_new_window=\"on\" _builder_version=\"4.27.4\" _module_preset=\"default\" hover_enabled=\"0\" global_colors_info=\"{}\" theme_builder_area=\"post_content\" sticky_enabled=\"0\"][\/et_pb_image][\/et_pb_column][\/et_pb_row][\/et_pb_section]","_et_gb_content_width":"","footnotes":""},"categories":[65,180,193,189,181,190,194],"tags":[],"post_folder":[86],"class_list":["post-2134","post","type-post","status-publish","format-standard","has-post-thumbnail","hentry","category-bonnes-pratiques","category-ping-actif","category-ping-emploi","category-ping-entreprise","category-ping-inclusif","category-ping-loisirs-bien-etre","category-ping-solidaire"],"_links":{"self":[{"href":"https:\/\/www.fftt.com\/observatoire\/wp-json\/wp\/v2\/posts\/2134","targetHints":{"allow":["GET"]}}],"collection":[{"href":"https:\/\/www.fftt.com\/observatoire\/wp-json\/wp\/v2\/posts"}],"about":[{"href":"https:\/\/www.fftt.com\/observatoire\/wp-json\/wp\/v2\/types\/post"}],"author":[{"embeddable":true,"href":"https:\/\/www.fftt.com\/observatoire\/wp-json\/wp\/v2\/users\/9"}],"replies":[{"embeddable":true,"href":"https:\/\/www.fftt.com\/observatoire\/wp-json\/wp\/v2\/comments?post=2134"}],"version-history":[{"count":4,"href":"https:\/\/www.fftt.com\/observatoire\/wp-json\/wp\/v2\/posts\/2134\/revisions"}],"predecessor-version":[{"id":2248,"href":"https:\/\/www.fftt.com\/observatoire\/wp-json\/wp\/v2\/posts\/2134\/revisions\/2248"}],"wp:featuredmedia":[{"embeddable":true,"href":"https:\/\/www.fftt.com\/observatoire\/wp-json\/wp\/v2\/media\/1122"}],"wp:attachment":[{"href":"https:\/\/www.fftt.com\/observatoire\/wp-json\/wp\/v2\/media?parent=2134"}],"wp:term":[{"taxonomy":"category","embeddable":true,"href":"https:\/\/www.fftt.com\/observatoire\/wp-json\/wp\/v2\/categories?post=2134"},{"taxonomy":"post_tag","embeddable":true,"href":"https:\/\/www.fftt.com\/observatoire\/wp-json\/wp\/v2\/tags?post=2134"},{"taxonomy":"post_folder","embeddable":true,"href":"https:\/\/www.fftt.com\/observatoire\/wp-json\/wp\/v2\/post_folder?post=2134"}],"curies":[{"name":"wp","href":"https:\/\/api.w.org\/{rel}","templated":true}]}}