{"id":2297,"date":"2025-03-26T11:06:04","date_gmt":"2025-03-26T10:06:04","guid":{"rendered":"https:\/\/www.fftt.com\/observatoire\/?p=2297"},"modified":"2025-03-26T18:59:02","modified_gmt":"2025-03-26T17:59:02","slug":"laval-bourny-ping-sante-et-alzheimer","status":"publish","type":"post","link":"https:\/\/www.fftt.com\/observatoire\/laval-bourny-ping-sante-et-alzheimer\/","title":{"rendered":"Laval Bourny &#8211; Ping Sant\u00e9 et Alzheimer"},"content":{"rendered":"<div class='watch-action'><div class='watch-position align-right'><div class='action-like'><a class='lbg-style1 like-2297 jlk' href='javascript:void(0)' data-task='like' data-post_id='2297' data-nonce='0a220ac3fb' rel='nofollow'><img class='wti-pixel' src='https:\/\/www.fftt.com\/observatoire\/wp-content\/plugins\/wti-like-post\/images\/pixel.gif' title='J&#039;aime' \/><span class='lc-2297 lc'>0<\/span><\/a><\/div><div class='action-unlike'><a class='unlbg-style1 unlike-2297 jlk' href='javascript:void(0)' data-task='unlike' data-post_id='2297' data-nonce='0a220ac3fb' rel='nofollow'><img class='wti-pixel' src='https:\/\/www.fftt.com\/observatoire\/wp-content\/plugins\/wti-like-post\/images\/pixel.gif' title='Je n&#039;aime pas' \/><span class='unlc-2297 unlc'>0<\/span><\/a><\/div> <\/div> <div class='status-2297 status align-right'><\/div><\/div><div class='wti-clear'><\/div>\n[et_pb_section fb_built=\u00a0\u00bb1&Prime; _builder_version=\u00a0\u00bb4.27.4&Prime; _module_preset=\u00a0\u00bbdefault\u00a0\u00bb global_colors_info=\u00a0\u00bb{}\u00a0\u00bb theme_builder_area=\u00a0\u00bbpost_content\u00a0\u00bb][et_pb_row column_structure=\u00a0\u00bb2_3,1_3&Prime; _builder_version=\u00a0\u00bb4.27.4&Prime; _module_preset=\u00a0\u00bbdefault\u00a0\u00bb global_colors_info=\u00a0\u00bb{}\u00a0\u00bb theme_builder_area=\u00a0\u00bbpost_content\u00a0\u00bb][et_pb_column type=\u00a0\u00bb2_3&Prime; _builder_version=\u00a0\u00bb4.27.4&Prime; _module_preset=\u00a0\u00bbdefault\u00a0\u00bb global_colors_info=\u00a0\u00bb{}\u00a0\u00bb theme_builder_area=\u00a0\u00bbpost_content\u00a0\u00bb][et_pb_text _builder_version=\u00a0\u00bb4.27.4&Prime; _module_preset=\u00a0\u00bbdefault\u00a0\u00bb hover_enabled=\u00a0\u00bb0&Prime; global_colors_info=\u00a0\u00bb{}\u00a0\u00bb theme_builder_area=\u00a0\u00bbpost_content\u00a0\u00bb sticky_enabled=\u00a0\u00bb0&Prime;]<p>Nom de la structure : Laval Bourny TT<\/p>\n<p>Personne responsable : Claude Lemartinel<\/p>\n<p>T\u00e9l\u00e9phone : 06 41 12 62 81<\/p>\n<p>Mail : claude.lemartinel@orange.fr<\/p>\n<p>Titre de l\u2019action : Ping Sant\u00e9 et Ping contre Alzheimer<\/p>\n<p>&nbsp;<\/p>\n<p>Objectifs recherch\u00e9s\u00a0:<\/p>\n<p>Accueillir des personnes suite \u00e0 des probl\u00e8mes de sant\u00e9 et leur redonner une activit\u00e9 physique adapt\u00e9e \u00e0 leurs besoins. Contribuer au maintien en bonne sant\u00e9 et contribuer \u00e0 une conservation de l&rsquo;autonomie pour les personnes concern\u00e9es.<\/p>\n<p>Descriptif\u00a0:<\/p>\n<p>Mise en place d&rsquo;une convention avec l&rsquo;association \u00ab\u00a0France Alzheimer-Mayenne\u00a0\u00bb. Accueillir les personnes touch\u00e9es par la maladie et leurs accompagnants.Cr\u00e9er des s\u00e9ances adapt\u00e9es, le tennis de table est une pratique sportive reconnue pour son impact sur l&rsquo;am\u00e9lioration des fonctions cognitives ainsi que pour le bien-\u00eatre psychique.<\/p>\n<p>R\u00e9sultats obtenus\u00a0:<\/p>\n<p>Nous constatons une augmentation du nombre de licenci\u00e9s avec une coh\u00e9sion extraordinaire au niveau des aidants. Nous profitons d&rsquo;un gain de notori\u00e9t\u00e9 aupr\u00e8s des quotidiens qui ont fait para\u00eetre plusieurs articles. Nous avons b\u00e9n\u00e9fici\u00e9 \u00e9galement d&rsquo;une vid\u00e9o dans notre salle r\u00e9alis\u00e9e par la f\u00e9d\u00e9ration nationale France Alzheimer.<\/p>\n<p>&nbsp;<\/p>\n<p><strong><u><a href=\"https:\/\/www.fftt.com\/observatoire\/wp-content\/uploads\/2025\/03\/LAVAL-BOURNY-TT-Ping-Sante-Alzheimer1.pdf\" target=\"_blank\" rel=\"noopener\" title=\"Ping sant\u00e9 et Alzheimer\">Lien pour t\u00e9l\u00e9charger la fiche<\/a> <\/u><\/strong><\/p>[\/et_pb_text][\/et_pb_column][et_pb_column type=\u00a0\u00bb1_3&Prime; _builder_version=\u00a0\u00bb4.27.4&Prime; _module_preset=\u00a0\u00bbdefault\u00a0\u00bb global_colors_info=\u00a0\u00bb{}\u00a0\u00bb theme_builder_area=\u00a0\u00bbpost_content\u00a0\u00bb][et_pb_image src=\u00a0\u00bbhttps:\/\/www.fftt.com\/observatoire\/wp-content\/uploads\/2025\/03\/LAVAL-BOURNY-TT-Ping-Sante-Alzheimer1-1.png\u00a0\u00bb title_text=\u00a0\u00bbLAVAL BOURNY TT &#8211; Ping Sant\u00e9 Alzheimer(1)-1&Prime; _builder_version=\u00a0\u00bb4.27.4&Prime; _module_preset=\u00a0\u00bbdefault\u00a0\u00bb hover_enabled=\u00a0\u00bb0&Prime; global_colors_info=\u00a0\u00bb{}\u00a0\u00bb theme_builder_area=\u00a0\u00bbpost_content\u00a0\u00bb url=\u00a0\u00bbhttps:\/\/www.fftt.com\/observatoire\/wp-content\/uploads\/2025\/03\/LAVAL-BOURNY-TT-Ping-Sante-Alzheimer1.pdf\u00a0\u00bb sticky_enabled=\u00a0\u00bb0&Prime;][\/et_pb_image][\/et_pb_column][\/et_pb_row][\/et_pb_section]\n","protected":false},"excerpt":{"rendered":"<p>Nom de la structure : Laval Bourny TT Personne responsable : Claude Lemartinel T\u00e9l\u00e9phone : 06 41 12 62 81 Mail : claude.lemartinel@orange.fr Titre de l\u2019action : Ping Sant\u00e9 et Ping contre Alzheimer &nbsp; Objectifs recherch\u00e9s\u00a0: Accueillir des personnes suite \u00e0 des probl\u00e8mes de sant\u00e9 et leur redonner une activit\u00e9 physique adapt\u00e9e \u00e0 leurs besoins. [&hellip;]<\/p>\n","protected":false},"author":6,"featured_media":0,"comment_status":"closed","ping_status":"closed","sticky":false,"template":"","format":"standard","meta":{"_et_pb_use_builder":"on","_et_pb_old_content":"","_et_gb_content_width":"","footnotes":""},"categories":[1,180,190,188,191,138],"tags":[218,24,27],"post_folder":[],"class_list":["post-2297","post","type-post","status-publish","format-standard","hentry","category-non-classe","category-ping-actif","category-ping-loisirs-bien-etre","category-ping-sante","category-ping-seniors","category-sante","tag-ping-alzheimer","tag-ping-sante","tag-ping-sante-bien-etre"],"_links":{"self":[{"href":"https:\/\/www.fftt.com\/observatoire\/wp-json\/wp\/v2\/posts\/2297","targetHints":{"allow":["GET"]}}],"collection":[{"href":"https:\/\/www.fftt.com\/observatoire\/wp-json\/wp\/v2\/posts"}],"about":[{"href":"https:\/\/www.fftt.com\/observatoire\/wp-json\/wp\/v2\/types\/post"}],"author":[{"embeddable":true,"href":"https:\/\/www.fftt.com\/observatoire\/wp-json\/wp\/v2\/users\/6"}],"replies":[{"embeddable":true,"href":"https:\/\/www.fftt.com\/observatoire\/wp-json\/wp\/v2\/comments?post=2297"}],"version-history":[{"count":7,"href":"https:\/\/www.fftt.com\/observatoire\/wp-json\/wp\/v2\/posts\/2297\/revisions"}],"predecessor-version":[{"id":2312,"href":"https:\/\/www.fftt.com\/observatoire\/wp-json\/wp\/v2\/posts\/2297\/revisions\/2312"}],"wp:attachment":[{"href":"https:\/\/www.fftt.com\/observatoire\/wp-json\/wp\/v2\/media?parent=2297"}],"wp:term":[{"taxonomy":"category","embeddable":true,"href":"https:\/\/www.fftt.com\/observatoire\/wp-json\/wp\/v2\/categories?post=2297"},{"taxonomy":"post_tag","embeddable":true,"href":"https:\/\/www.fftt.com\/observatoire\/wp-json\/wp\/v2\/tags?post=2297"},{"taxonomy":"post_folder","embeddable":true,"href":"https:\/\/www.fftt.com\/observatoire\/wp-json\/wp\/v2\/post_folder?post=2297"}],"curies":[{"name":"wp","href":"https:\/\/api.w.org\/{rel}","templated":true}]}}