{"id":2319,"date":"2025-03-26T19:16:04","date_gmt":"2025-03-26T18:16:04","guid":{"rendered":"https:\/\/www.fftt.com\/observatoire\/?p=2319"},"modified":"2025-03-26T19:16:12","modified_gmt":"2025-03-26T18:16:12","slug":"le-mans-sarthe-tt-ping-sante","status":"publish","type":"post","link":"https:\/\/www.fftt.com\/observatoire\/le-mans-sarthe-tt-ping-sante\/","title":{"rendered":"Le Mans Sarthe TT &#8211; Ping sant\u00e9"},"content":{"rendered":"<div class='watch-action'><div class='watch-position align-right'><div class='action-like'><a class='lbg-style1 like-2319 jlk' href='javascript:void(0)' data-task='like' data-post_id='2319' data-nonce='0a220ac3fb' rel='nofollow'><img class='wti-pixel' src='https:\/\/www.fftt.com\/observatoire\/wp-content\/plugins\/wti-like-post\/images\/pixel.gif' title='J&#039;aime' \/><span class='lc-2319 lc'>0<\/span><\/a><\/div><div class='action-unlike'><a class='unlbg-style1 unlike-2319 jlk' href='javascript:void(0)' data-task='unlike' data-post_id='2319' data-nonce='0a220ac3fb' rel='nofollow'><img class='wti-pixel' src='https:\/\/www.fftt.com\/observatoire\/wp-content\/plugins\/wti-like-post\/images\/pixel.gif' title='Je n&#039;aime pas' \/><span class='unlc-2319 unlc'>0<\/span><\/a><\/div> <\/div> <div class='status-2319 status align-right'><\/div><\/div><div class='wti-clear'><\/div><p>[et_pb_section fb_built=\u00a0\u00bb1&Prime; _builder_version=\u00a0\u00bb4.27.4&Prime; _module_preset=\u00a0\u00bbdefault\u00a0\u00bb global_colors_info=\u00a0\u00bb{}\u00a0\u00bb theme_builder_area=\u00a0\u00bbpost_content\u00a0\u00bb][et_pb_row column_structure=\u00a0\u00bb2_3,1_3&Prime; _builder_version=\u00a0\u00bb4.27.4&Prime; _module_preset=\u00a0\u00bbdefault\u00a0\u00bb global_colors_info=\u00a0\u00bb{}\u00a0\u00bb theme_builder_area=\u00a0\u00bbpost_content\u00a0\u00bb][et_pb_column type=\u00a0\u00bb2_3&Prime; _builder_version=\u00a0\u00bb4.27.4&Prime; _module_preset=\u00a0\u00bbdefault\u00a0\u00bb global_colors_info=\u00a0\u00bb{}\u00a0\u00bb theme_builder_area=\u00a0\u00bbpost_content\u00a0\u00bb][et_pb_text _builder_version=\u00a0\u00bb4.27.4&Prime; _module_preset=\u00a0\u00bbdefault\u00a0\u00bb global_colors_info=\u00a0\u00bb{}\u00a0\u00bb theme_builder_area=\u00a0\u00bbpost_content\u00a0\u00bb]<\/p>\n<p>Nom de la structure : La Mans Sarthe TT<\/p>\n<p>Personne responsable : Jean-Claude Delareux<\/p>\n<p>T\u00e9l\u00e9phone : 06 37 84 81 18<\/p>\n<p>Mail : jcdodelareux@orange.fr<\/p>\n<p>Titre de l\u2019action : Ping Sant\u00e9<\/p>\n<p>&nbsp;<\/p>\n<p>Objectifs recherch\u00e9s\u00a0:<\/p>\n<p>Rendre accessible la pratique du tennis de table \u00e0 tous les publics, notamment aux personnes souffrant de maladies neurod\u00e9g\u00e9n\u00e9ratives.<\/p>\n<p>Descriptif\u00a0:<\/p>\n<p>Depuis 2020 : Partenariat avec France Alzheimer Sarthe<br \/>Depuis 2021 : Partenariat avec France Parkinson Sarthe<br \/>2021 : Formation d\u2019Alex Lelaure au module B (Alzheimer)<br \/>2021 : Cr\u00e9ation d\u2019une section d\u00e9di\u00e9e aux personnes souffrant de la maladie d\u2019Alzheimer et d\u2019une autre section d\u00e9di\u00e9e aux personnes souffrant de la maladie de Parkinson<br \/>2022 : Formation d\u2019Axel David au module A (Parkinson)<br \/>Depuis 2023 : Partenariat avec la R\u00e9sidence Autonomie Georges Brassens<\/p>\n<p>R\u00e9sultats obtenus\u00a0:<\/p>\n<p>Saison 2022\/2023 : huit licenci\u00e9s pour la section Alzheimer, onze licenci\u00e9s pour la section Parkinson<br \/>Saison 2023\/2024 : douze licenci\u00e9s pour la section Alzheimer, dix-huit licenci\u00e9s pour la section Parkinson<br \/>Septembre 2023 : https:\/\/www.radioprevert.fr\/actualite\/sante\/une-tonalite-sportive-et-festive-pour-la-journee-mondiale-alzheimer-2023.php<br \/>Septembre 2023 : https:\/\/youtu.be\/g42MxN_xwIM?si=NKjWLUCX42imdrO5<br \/>Septembre 2024 : https:\/\/www.francetvinfo.fr\/sante\/alzheimer-faire-du-sport-pour-soulager-la-maladie_6794404.html<\/p>\n<p>&nbsp;<\/p>\n<p><strong><u><a href=\"https:\/\/www.fftt.com\/observatoire\/wp-content\/uploads\/2025\/03\/Le-Mans-Sarthe-Ping-Sante.pdf\" target=\"_blank\" rel=\"noopener\" title=\"Ping sant\u00e9\">Lien pour t\u00e9l\u00e9charger la fiche<\/a> <\/u><\/strong><\/p>\n<p>[\/et_pb_text][\/et_pb_column][et_pb_column type=\u00a0\u00bb1_3&Prime; _builder_version=\u00a0\u00bb4.27.4&Prime; _module_preset=\u00a0\u00bbdefault\u00a0\u00bb global_colors_info=\u00a0\u00bb{}\u00a0\u00bb theme_builder_area=\u00a0\u00bbpost_content\u00a0\u00bb][et_pb_image src=\u00a0\u00bbhttps:\/\/www.fftt.com\/observatoire\/wp-content\/uploads\/2025\/03\/Le-Mans-Sarthe-Ping-Sante-1.png\u00a0\u00bb title_text=\u00a0\u00bbLe Mans Sarthe &#8211; Ping Sant\u00e9-1&Prime; url=\u00a0\u00bbhttps:\/\/www.fftt.com\/observatoire\/wp-content\/uploads\/2025\/03\/Le-Mans-Sarthe-Ping-Sante.pdf\u00a0\u00bb _builder_version=\u00a0\u00bb4.27.4&Prime; _module_preset=\u00a0\u00bbdefault\u00a0\u00bb global_colors_info=\u00a0\u00bb{}\u00a0\u00bb theme_builder_area=\u00a0\u00bbpost_content\u00a0\u00bb][\/et_pb_image][\/et_pb_column][\/et_pb_row][\/et_pb_section]<\/p>\n","protected":false},"excerpt":{"rendered":"<p>Nom de la structure : La Mans Sarthe TT Personne responsable : Jean-Claude Delareux T\u00e9l\u00e9phone : 06 37 84 81 18 Mail : jcdodelareux@orange.fr Titre de l\u2019action : Ping Sant\u00e9 &nbsp; Objectifs recherch\u00e9s\u00a0: Rendre accessible la pratique du tennis de table \u00e0 tous les publics, notamment aux personnes souffrant de maladies neurod\u00e9g\u00e9n\u00e9ratives. Descriptif\u00a0: Depuis 2020 [&hellip;]<\/p>\n","protected":false},"author":6,"featured_media":0,"comment_status":"closed","ping_status":"closed","sticky":false,"template":"","format":"standard","meta":{"_et_pb_use_builder":"on","_et_pb_old_content":"","_et_gb_content_width":"","footnotes":""},"categories":[65,180,190,188,191,138],"tags":[218,217],"post_folder":[],"class_list":["post-2319","post","type-post","status-publish","format-standard","hentry","category-bonnes-pratiques","category-ping-actif","category-ping-loisirs-bien-etre","category-ping-sante","category-ping-seniors","category-sante","tag-ping-alzheimer","tag-ping-parkinson"],"_links":{"self":[{"href":"https:\/\/www.fftt.com\/observatoire\/wp-json\/wp\/v2\/posts\/2319","targetHints":{"allow":["GET"]}}],"collection":[{"href":"https:\/\/www.fftt.com\/observatoire\/wp-json\/wp\/v2\/posts"}],"about":[{"href":"https:\/\/www.fftt.com\/observatoire\/wp-json\/wp\/v2\/types\/post"}],"author":[{"embeddable":true,"href":"https:\/\/www.fftt.com\/observatoire\/wp-json\/wp\/v2\/users\/6"}],"replies":[{"embeddable":true,"href":"https:\/\/www.fftt.com\/observatoire\/wp-json\/wp\/v2\/comments?post=2319"}],"version-history":[{"count":9,"href":"https:\/\/www.fftt.com\/observatoire\/wp-json\/wp\/v2\/posts\/2319\/revisions"}],"predecessor-version":[{"id":2331,"href":"https:\/\/www.fftt.com\/observatoire\/wp-json\/wp\/v2\/posts\/2319\/revisions\/2331"}],"wp:attachment":[{"href":"https:\/\/www.fftt.com\/observatoire\/wp-json\/wp\/v2\/media?parent=2319"}],"wp:term":[{"taxonomy":"category","embeddable":true,"href":"https:\/\/www.fftt.com\/observatoire\/wp-json\/wp\/v2\/categories?post=2319"},{"taxonomy":"post_tag","embeddable":true,"href":"https:\/\/www.fftt.com\/observatoire\/wp-json\/wp\/v2\/tags?post=2319"},{"taxonomy":"post_folder","embeddable":true,"href":"https:\/\/www.fftt.com\/observatoire\/wp-json\/wp\/v2\/post_folder?post=2319"}],"curies":[{"name":"wp","href":"https:\/\/api.w.org\/{rel}","templated":true}]}}