{"id":2369,"date":"2025-03-26T23:57:12","date_gmt":"2025-03-26T22:57:12","guid":{"rendered":"https:\/\/www.fftt.com\/observatoire\/?p=2369"},"modified":"2025-03-26T23:57:12","modified_gmt":"2025-03-26T22:57:12","slug":"entente-gouville-coutainville-stages","status":"publish","type":"post","link":"https:\/\/www.fftt.com\/observatoire\/entente-gouville-coutainville-stages\/","title":{"rendered":"Entente Gouville Coutainville &#8211; Stages"},"content":{"rendered":"<div class='watch-action'><div class='watch-position align-right'><div class='action-like'><a class='lbg-style1 like-2369 jlk' href='javascript:void(0)' data-task='like' data-post_id='2369' data-nonce='0a220ac3fb' rel='nofollow'><img class='wti-pixel' src='https:\/\/www.fftt.com\/observatoire\/wp-content\/plugins\/wti-like-post\/images\/pixel.gif' title='J&#039;aime' \/><span class='lc-2369 lc'>0<\/span><\/a><\/div><div class='action-unlike'><a class='unlbg-style1 unlike-2369 jlk' href='javascript:void(0)' data-task='unlike' data-post_id='2369' data-nonce='0a220ac3fb' rel='nofollow'><img class='wti-pixel' src='https:\/\/www.fftt.com\/observatoire\/wp-content\/plugins\/wti-like-post\/images\/pixel.gif' title='Je n&#039;aime pas' \/><span class='unlc-2369 unlc'>0<\/span><\/a><\/div> <\/div> <div class='status-2369 status align-right'><\/div><\/div><div class='wti-clear'><\/div><p>[et_pb_section fb_built=\u00a0\u00bb1&Prime; _builder_version=\u00a0\u00bb4.27.4&Prime; _module_preset=\u00a0\u00bbdefault\u00a0\u00bb global_colors_info=\u00a0\u00bb{}\u00a0\u00bb theme_builder_area=\u00a0\u00bbpost_content\u00a0\u00bb][et_pb_row column_structure=\u00a0\u00bb2_3,1_3&Prime; _builder_version=\u00a0\u00bb4.27.4&Prime; _module_preset=\u00a0\u00bbdefault\u00a0\u00bb global_colors_info=\u00a0\u00bb{}\u00a0\u00bb theme_builder_area=\u00a0\u00bbpost_content\u00a0\u00bb][et_pb_column type=\u00a0\u00bb2_3&Prime; _builder_version=\u00a0\u00bb4.27.4&Prime; _module_preset=\u00a0\u00bbdefault\u00a0\u00bb global_colors_info=\u00a0\u00bb{}\u00a0\u00bb theme_builder_area=\u00a0\u00bbpost_content\u00a0\u00bb][et_pb_text _builder_version=\u00a0\u00bb4.27.4&Prime; _module_preset=\u00a0\u00bbdefault\u00a0\u00bb hover_enabled=\u00a0\u00bb0&Prime; global_colors_info=\u00a0\u00bb{}\u00a0\u00bb theme_builder_area=\u00a0\u00bbpost_content\u00a0\u00bb sticky_enabled=\u00a0\u00bb0&Prime;]<\/p>\n<p>Nom de la structure : Entente Gouville Coutainville<\/p>\n<p>Personne responsable : LECLERC St\u00e9phane<\/p>\n<p>T\u00e9l\u00e9phone : 0661337866<\/p>\n<p>Mail : egctt@outlook.com<\/p>\n<p>Titre de l\u2019action : stages vacances<\/p>\n<p>&nbsp;<\/p>\n<p>Objectifs recherch\u00e9s\u00a0:<\/p>\n<p>Animation interne pour les jeunes du club<\/p>\n<p>Descriptif\u00a0:<\/p>\n<p>Organisation de demi-journ\u00e9es de stage \u00e0 destination des jeunes du club (ou ext\u00e9rieurs au clubs) pendant les diff\u00e9rentes vacances scolaires<\/p>\n<p>R\u00e9sultats obtenus\u00a0:<\/p>\n<p>Fid\u00e9lisation des jeunes licenci\u00e9s : 6 \u00e0 8 participants par demi-journ\u00e9e<\/p>\n<p>&nbsp;<\/p>\n<p><strong><u><a href=\"https:\/\/www.fftt.com\/observatoire\/wp-content\/uploads\/2025\/03\/ENTENTE-GOUVILLE-COUTAINVILLE-TT-Orga-stages-vacances.pdf\" target=\"_blank\" rel=\"noopener\" title=\"Stages\">Lien pour t\u00e9l\u00e9charger la fiche<\/a> <\/u><\/strong><\/p>\n<p>[\/et_pb_text][\/et_pb_column][et_pb_column type=\u00a0\u00bb1_3&Prime; _builder_version=\u00a0\u00bb4.27.4&Prime; _module_preset=\u00a0\u00bbdefault\u00a0\u00bb global_colors_info=\u00a0\u00bb{}\u00a0\u00bb theme_builder_area=\u00a0\u00bbpost_content\u00a0\u00bb][et_pb_image src=\u00a0\u00bbhttps:\/\/www.fftt.com\/observatoire\/wp-content\/uploads\/2025\/03\/ENTENTE-GOUVILLE-COUTAINVILLE-TT-Orga-stages-vacances-1.png\u00a0\u00bb title_text=\u00a0\u00bbENTENTE GOUVILLE-COUTAINVILLE TT &#8211; Orga stages vacances-1&Prime; _builder_version=\u00a0\u00bb4.27.4&Prime; _module_preset=\u00a0\u00bbdefault\u00a0\u00bb hover_enabled=\u00a0\u00bb0&Prime; global_colors_info=\u00a0\u00bb{}\u00a0\u00bb theme_builder_area=\u00a0\u00bbpost_content\u00a0\u00bb url=\u00a0\u00bbhttps:\/\/www.fftt.com\/observatoire\/wp-content\/uploads\/2025\/03\/ENTENTE-GOUVILLE-COUTAINVILLE-TT-Orga-stages-vacances.pdf\u00a0\u00bb sticky_enabled=\u00a0\u00bb0&Prime;][\/et_pb_image][\/et_pb_column][\/et_pb_row][\/et_pb_section]<\/p>\n","protected":false},"excerpt":{"rendered":"<p>Nom de la structure : Entente Gouville Coutainville Personne responsable : LECLERC St\u00e9phane T\u00e9l\u00e9phone : 0661337866 Mail : egctt@outlook.com Titre de l\u2019action : stages vacances &nbsp; Objectifs recherch\u00e9s\u00a0: Animation interne pour les jeunes du club Descriptif\u00a0: Organisation de demi-journ\u00e9es de stage \u00e0 destination des jeunes du club (ou ext\u00e9rieurs au clubs) pendant les diff\u00e9rentes vacances [&hellip;]<\/p>\n","protected":false},"author":6,"featured_media":0,"comment_status":"closed","ping_status":"closed","sticky":false,"template":"","format":"standard","meta":{"_et_pb_use_builder":"on","_et_pb_old_content":"","_et_gb_content_width":"","footnotes":""},"categories":[65,185,179],"tags":[221,222],"post_folder":[],"class_list":["post-2369","post","type-post","status-publish","format-standard","hentry","category-bonnes-pratiques","category-ping8-12","category-ping-educatif","tag-formation-jeunes","tag-organisation-stages"],"_links":{"self":[{"href":"https:\/\/www.fftt.com\/observatoire\/wp-json\/wp\/v2\/posts\/2369","targetHints":{"allow":["GET"]}}],"collection":[{"href":"https:\/\/www.fftt.com\/observatoire\/wp-json\/wp\/v2\/posts"}],"about":[{"href":"https:\/\/www.fftt.com\/observatoire\/wp-json\/wp\/v2\/types\/post"}],"author":[{"embeddable":true,"href":"https:\/\/www.fftt.com\/observatoire\/wp-json\/wp\/v2\/users\/6"}],"replies":[{"embeddable":true,"href":"https:\/\/www.fftt.com\/observatoire\/wp-json\/wp\/v2\/comments?post=2369"}],"version-history":[{"count":4,"href":"https:\/\/www.fftt.com\/observatoire\/wp-json\/wp\/v2\/posts\/2369\/revisions"}],"predecessor-version":[{"id":2374,"href":"https:\/\/www.fftt.com\/observatoire\/wp-json\/wp\/v2\/posts\/2369\/revisions\/2374"}],"wp:attachment":[{"href":"https:\/\/www.fftt.com\/observatoire\/wp-json\/wp\/v2\/media?parent=2369"}],"wp:term":[{"taxonomy":"category","embeddable":true,"href":"https:\/\/www.fftt.com\/observatoire\/wp-json\/wp\/v2\/categories?post=2369"},{"taxonomy":"post_tag","embeddable":true,"href":"https:\/\/www.fftt.com\/observatoire\/wp-json\/wp\/v2\/tags?post=2369"},{"taxonomy":"post_folder","embeddable":true,"href":"https:\/\/www.fftt.com\/observatoire\/wp-json\/wp\/v2\/post_folder?post=2369"}],"curies":[{"name":"wp","href":"https:\/\/api.w.org\/{rel}","templated":true}]}}