{"id":2465,"date":"2025-03-27T14:13:52","date_gmt":"2025-03-27T13:13:52","guid":{"rendered":"https:\/\/www.fftt.com\/observatoire\/?p=2465"},"modified":"2025-03-27T14:13:52","modified_gmt":"2025-03-27T13:13:52","slug":"al-coulounieix-tt-organisation-cf-departemental","status":"publish","type":"post","link":"https:\/\/www.fftt.com\/observatoire\/al-coulounieix-tt-organisation-cf-departemental\/","title":{"rendered":"AL Coulounieix TT &#8211; Organisation CF d\u00e9partemental"},"content":{"rendered":"<div class='watch-action'><div class='watch-position align-right'><div class='action-like'><a class='lbg-style1 like-2465 jlk' href='javascript:void(0)' data-task='like' data-post_id='2465' data-nonce='0a220ac3fb' rel='nofollow'><img class='wti-pixel' src='https:\/\/www.fftt.com\/observatoire\/wp-content\/plugins\/wti-like-post\/images\/pixel.gif' title='J&#039;aime' \/><span class='lc-2465 lc'>0<\/span><\/a><\/div><div class='action-unlike'><a class='unlbg-style1 unlike-2465 jlk' href='javascript:void(0)' data-task='unlike' data-post_id='2465' data-nonce='0a220ac3fb' rel='nofollow'><img class='wti-pixel' src='https:\/\/www.fftt.com\/observatoire\/wp-content\/plugins\/wti-like-post\/images\/pixel.gif' title='Je n&#039;aime pas' \/><span class='unlc-2465 unlc'>0<\/span><\/a><\/div> <\/div> <div class='status-2465 status align-right'><\/div><\/div><div class='wti-clear'><\/div><p>[et_pb_section fb_built=\u00a0\u00bb1&Prime; _builder_version=\u00a0\u00bb4.27.4&Prime; _module_preset=\u00a0\u00bbdefault\u00a0\u00bb global_colors_info=\u00a0\u00bb{}\u00a0\u00bb theme_builder_area=\u00a0\u00bbpost_content\u00a0\u00bb][et_pb_row column_structure=\u00a0\u00bb2_3,1_3&Prime; _builder_version=\u00a0\u00bb4.27.4&Prime; _module_preset=\u00a0\u00bbdefault\u00a0\u00bb global_colors_info=\u00a0\u00bb{}\u00a0\u00bb theme_builder_area=\u00a0\u00bbpost_content\u00a0\u00bb][et_pb_column type=\u00a0\u00bb2_3&Prime; _builder_version=\u00a0\u00bb4.27.4&Prime; _module_preset=\u00a0\u00bbdefault\u00a0\u00bb global_colors_info=\u00a0\u00bb{}\u00a0\u00bb theme_builder_area=\u00a0\u00bbpost_content\u00a0\u00bb][et_pb_text _builder_version=\u00a0\u00bb4.27.4&Prime; _module_preset=\u00a0\u00bbdefault\u00a0\u00bb hover_enabled=\u00a0\u00bb0&Prime; global_colors_info=\u00a0\u00bb{}\u00a0\u00bb theme_builder_area=\u00a0\u00bbpost_content\u00a0\u00bb sticky_enabled=\u00a0\u00bb0&Prime;]<\/p>\n<p>Nom de la structure : AL Coulounieix TT<\/p>\n<p>Personne responsable : M. Mouyanne J-Christophe<\/p>\n<p>T\u00e9l\u00e9phone : 0749892957<\/p>\n<p>Mail : alc24660ping@gmail.com<\/p>\n<p>Titre de l\u2019action : Organisation tour de Crit\u00e9rium F\u00e9d\u00e9ral D\u00e9partemental<\/p>\n<p>&nbsp;<\/p>\n<p>Objectifs recherch\u00e9s\u00a0:<\/p>\n<p>Permettre le d\u00e9roulement du crit\u00e9rium f\u00e9d\u00e9ral d\u00e9partemental dans de bonnes conditions de pratique pour les joueurs inscrits<\/p>\n<p>Descriptif\u00a0:<\/p>\n<p>Le comit\u00e9 a g\u00e9r\u00e9 l&rsquo;organisation sportive. Le club a install\u00e9 la salle et a pris en charge l&rsquo;accueil des joueurs, la bonne marche de la journ\u00e9e ainsi que la buvette.<\/p>\n<p>R\u00e9sultats obtenus\u00a0:<\/p>\n<p>D\u00e9roulement sans probl\u00e8me de la comp\u00e9tition &#8211; satisfaction des participants &#8211; petite recette sur la buvette<\/p>\n<p>&nbsp;<\/p>\n<p><strong><u><a href=\"https:\/\/www.fftt.com\/observatoire\/wp-content\/uploads\/2025\/03\/Coulounieix-Orga-Crtiterium-Federal-Dept-1.pdf\" target=\"_blank\" rel=\"noopener\" title=\"CF D\u00e9partemental\">Lien pour t\u00e9l\u00e9charger la fiche<\/a> <\/u><\/strong><\/p>\n<p>[\/et_pb_text][\/et_pb_column][et_pb_column type=\u00a0\u00bb1_3&Prime; _builder_version=\u00a0\u00bb4.27.4&Prime; _module_preset=\u00a0\u00bbdefault\u00a0\u00bb global_colors_info=\u00a0\u00bb{}\u00a0\u00bb theme_builder_area=\u00a0\u00bbpost_content\u00a0\u00bb][et_pb_image src=\u00a0\u00bbhttps:\/\/www.fftt.com\/observatoire\/wp-content\/uploads\/2025\/03\/Coulounieix-Orga-Crtiterium-Federal-Dept-1.png\u00a0\u00bb title_text=\u00a0\u00bbCoulounieix &#8211; Orga Crtit\u00e9rium F\u00e9d\u00e9ral D\u00e9pt-1&Prime; _builder_version=\u00a0\u00bb4.27.4&Prime; _module_preset=\u00a0\u00bbdefault\u00a0\u00bb hover_enabled=\u00a0\u00bb0&Prime; global_colors_info=\u00a0\u00bb{}\u00a0\u00bb theme_builder_area=\u00a0\u00bbpost_content\u00a0\u00bb url=\u00a0\u00bbhttps:\/\/www.fftt.com\/observatoire\/wp-content\/uploads\/2025\/03\/Coulounieix-Orga-Crtiterium-Federal-Dept-1.pdf\u00a0\u00bb sticky_enabled=\u00a0\u00bb0&Prime;][\/et_pb_image][\/et_pb_column][\/et_pb_row][\/et_pb_section]<\/p>\n","protected":false},"excerpt":{"rendered":"<p>Nom de la structure : AL Coulounieix TT Personne responsable : M. Mouyanne J-Christophe T\u00e9l\u00e9phone : 0749892957 Mail : alc24660ping@gmail.com Titre de l\u2019action : Organisation tour de Crit\u00e9rium F\u00e9d\u00e9ral D\u00e9partemental &nbsp; Objectifs recherch\u00e9s\u00a0: Permettre le d\u00e9roulement du crit\u00e9rium f\u00e9d\u00e9ral d\u00e9partemental dans de bonnes conditions de pratique pour les joueurs inscrits Descriptif\u00a0: Le comit\u00e9 a g\u00e9r\u00e9 [&hellip;]<\/p>\n","protected":false},"author":6,"featured_media":0,"comment_status":"closed","ping_status":"closed","sticky":false,"template":"","format":"standard","meta":{"_et_pb_use_builder":"on","_et_pb_old_content":"","_et_gb_content_width":"","footnotes":""},"categories":[198,182],"tags":[225],"post_folder":[],"class_list":["post-2465","post","type-post","status-publish","format-standard","hentry","category-criterium-federal","category-ping-competitif","tag-organisation-cf"],"_links":{"self":[{"href":"https:\/\/www.fftt.com\/observatoire\/wp-json\/wp\/v2\/posts\/2465","targetHints":{"allow":["GET"]}}],"collection":[{"href":"https:\/\/www.fftt.com\/observatoire\/wp-json\/wp\/v2\/posts"}],"about":[{"href":"https:\/\/www.fftt.com\/observatoire\/wp-json\/wp\/v2\/types\/post"}],"author":[{"embeddable":true,"href":"https:\/\/www.fftt.com\/observatoire\/wp-json\/wp\/v2\/users\/6"}],"replies":[{"embeddable":true,"href":"https:\/\/www.fftt.com\/observatoire\/wp-json\/wp\/v2\/comments?post=2465"}],"version-history":[{"count":5,"href":"https:\/\/www.fftt.com\/observatoire\/wp-json\/wp\/v2\/posts\/2465\/revisions"}],"predecessor-version":[{"id":2472,"href":"https:\/\/www.fftt.com\/observatoire\/wp-json\/wp\/v2\/posts\/2465\/revisions\/2472"}],"wp:attachment":[{"href":"https:\/\/www.fftt.com\/observatoire\/wp-json\/wp\/v2\/media?parent=2465"}],"wp:term":[{"taxonomy":"category","embeddable":true,"href":"https:\/\/www.fftt.com\/observatoire\/wp-json\/wp\/v2\/categories?post=2465"},{"taxonomy":"post_tag","embeddable":true,"href":"https:\/\/www.fftt.com\/observatoire\/wp-json\/wp\/v2\/tags?post=2465"},{"taxonomy":"post_folder","embeddable":true,"href":"https:\/\/www.fftt.com\/observatoire\/wp-json\/wp\/v2\/post_folder?post=2465"}],"curies":[{"name":"wp","href":"https:\/\/api.w.org\/{rel}","templated":true}]}}