{"id":2524,"date":"2025-03-28T08:23:48","date_gmt":"2025-03-28T07:23:48","guid":{"rendered":"https:\/\/www.fftt.com\/observatoire\/?p=2524"},"modified":"2025-03-28T08:23:49","modified_gmt":"2025-03-28T07:23:49","slug":"saint-cyr-lecole-organisation-de-competition","status":"publish","type":"post","link":"https:\/\/www.fftt.com\/observatoire\/saint-cyr-lecole-organisation-de-competition\/","title":{"rendered":"Saint Cyr l&rsquo;Ecole &#8211; Organisation de comp\u00e9tition"},"content":{"rendered":"<div class='watch-action'><div class='watch-position align-right'><div class='action-like'><a class='lbg-style1 like-2524 jlk' href='javascript:void(0)' data-task='like' data-post_id='2524' data-nonce='0a220ac3fb' rel='nofollow'><img class='wti-pixel' src='https:\/\/www.fftt.com\/observatoire\/wp-content\/plugins\/wti-like-post\/images\/pixel.gif' title='J&#039;aime' \/><span class='lc-2524 lc'>0<\/span><\/a><\/div><div class='action-unlike'><a class='unlbg-style1 unlike-2524 jlk' href='javascript:void(0)' data-task='unlike' data-post_id='2524' data-nonce='0a220ac3fb' rel='nofollow'><img class='wti-pixel' src='https:\/\/www.fftt.com\/observatoire\/wp-content\/plugins\/wti-like-post\/images\/pixel.gif' title='Je n&#039;aime pas' \/><span class='unlc-2524 unlc'>0<\/span><\/a><\/div> <\/div> <div class='status-2524 status align-right'><\/div><\/div><div class='wti-clear'><\/div><p>[et_pb_section fb_built=\u00a0\u00bb1&Prime; _builder_version=\u00a0\u00bb4.27.4&Prime; _module_preset=\u00a0\u00bbdefault\u00a0\u00bb global_colors_info=\u00a0\u00bb{}\u00a0\u00bb theme_builder_area=\u00a0\u00bbpost_content\u00a0\u00bb][et_pb_row column_structure=\u00a0\u00bb2_3,1_3&Prime; _builder_version=\u00a0\u00bb4.27.4&Prime; _module_preset=\u00a0\u00bbdefault\u00a0\u00bb global_colors_info=\u00a0\u00bb{}\u00a0\u00bb theme_builder_area=\u00a0\u00bbpost_content\u00a0\u00bb][et_pb_column type=\u00a0\u00bb2_3&Prime; _builder_version=\u00a0\u00bb4.27.4&Prime; _module_preset=\u00a0\u00bbdefault\u00a0\u00bb global_colors_info=\u00a0\u00bb{}\u00a0\u00bb theme_builder_area=\u00a0\u00bbpost_content\u00a0\u00bb][et_pb_text _builder_version=\u00a0\u00bb4.27.4&Prime; _module_preset=\u00a0\u00bbdefault\u00a0\u00bb hover_enabled=\u00a0\u00bb0&Prime; global_colors_info=\u00a0\u00bb{}\u00a0\u00bb theme_builder_area=\u00a0\u00bbpost_content\u00a0\u00bb sticky_enabled=\u00a0\u00bb0&Prime;]<\/p>\n<p>Nom de la structure : Saint Cyr l&rsquo;Ecole<\/p>\n<p>Personne responsable : Jean-Pierre Stevenot<\/p>\n<p>T\u00e9l\u00e9phone :<\/p>\n<p>Mail : scett78@gmail.com<\/p>\n<p>Titre de l\u2019action : Organisation d\u2019\u00e9v\u00e8nements au niveau d\u00e9partemental ou interd\u00e9partemental<\/p>\n<p>&nbsp;<\/p>\n<p>Objectifs recherch\u00e9s\u00a0:<\/p>\n<p>Depuis sa cr\u00e9ation en 2015 , le club s\u2019est toujours impliqu\u00e9 pour organiser et g\u00e9rer les tours du Crit\u00e9rium F\u00e9d\u00e9ral au niveau d\u00e9partemental (voire interd\u00e9partemental 78-91 pour les f\u00e9minines), les journ\u00e9es du championnat des jeunes\u2026 Avec la livraison d\u2019un nouveau complexe sportif et d\u00e9sormais dot\u00e9 d\u2019une salle sp\u00e9cifique, nous sommes pass\u00e9s \u00e0 l\u2019\u00e9chelon sup\u00e9rieur : tournoi f\u00e9minin interd\u00e9partemental (78-92) en mars 2023 (renouvellement pr\u00e9vu en mars 2025), finales par classement en mars 2024<\/p>\n<p>Descriptif\u00a0:<\/p>\n<p>En disposant d\u00e9sormais d&rsquo;une infrastructure moderne et spacieuse, nous contribuons \u00e0 la PERFORMANCE avec l\u2019organisation et la gestion des comp\u00e9titions.<\/p>\n<p>R\u00e9sultats obtenus\u00a0:<\/p>\n<p>&#8211; B\u00e9n\u00e9fice de la reconnaissance de notre savoir-faire pour l\u2019organisation d\u2019\u00e9v\u00e8nements sportifs (municipalit\u00e9, public, monde du tennis de table, club)<br \/>&#8211; Satisfaction pour les b\u00e9n\u00e9voles impliqu\u00e9s<br \/>&#8211; Permettre \u00e0 nos pongistes d\u2019\u00e9voluer \u00e0 domicile.<\/p>\n<p>&nbsp;<\/p>\n<p><strong><u><a href=\"https:\/\/www.fftt.com\/observatoire\/wp-content\/uploads\/2025\/03\/St-Cyr-LEcole-Organisation-competitions.pdf\" target=\"_blank\" rel=\"noopener\" title=\"Organisation d'\u00e9v\u00e8nements\">Lien pour t\u00e9l\u00e9charger la fiche<\/a> <\/u><\/strong><\/p>\n<p>[\/et_pb_text][\/et_pb_column][et_pb_column type=\u00a0\u00bb1_3&Prime; _builder_version=\u00a0\u00bb4.27.4&Prime; _module_preset=\u00a0\u00bbdefault\u00a0\u00bb global_colors_info=\u00a0\u00bb{}\u00a0\u00bb theme_builder_area=\u00a0\u00bbpost_content\u00a0\u00bb][et_pb_image src=\u00a0\u00bbhttps:\/\/www.fftt.com\/observatoire\/wp-content\/uploads\/2025\/03\/St-Cyr-LEcole-Organisation-competitions-1.png\u00a0\u00bb title_text=\u00a0\u00bbSt Cyr L&rsquo;Ecole &#8211; Organisation comp\u00e9titions-1&Prime; _builder_version=\u00a0\u00bb4.27.4&Prime; _module_preset=\u00a0\u00bbdefault\u00a0\u00bb hover_enabled=\u00a0\u00bb0&Prime; global_colors_info=\u00a0\u00bb{}\u00a0\u00bb theme_builder_area=\u00a0\u00bbpost_content\u00a0\u00bb url=\u00a0\u00bbhttps:\/\/www.fftt.com\/observatoire\/wp-content\/uploads\/2025\/03\/St-Cyr-LEcole-Organisation-competitions.pdf\u00a0\u00bb sticky_enabled=\u00a0\u00bb0&Prime;][\/et_pb_image][\/et_pb_column][\/et_pb_row][\/et_pb_section]<\/p>\n","protected":false},"excerpt":{"rendered":"<p>Nom de la structure : Saint Cyr l&rsquo;Ecole Personne responsable : Jean-Pierre Stevenot T\u00e9l\u00e9phone : Mail : scett78@gmail.com Titre de l\u2019action : Organisation d\u2019\u00e9v\u00e8nements au niveau d\u00e9partemental ou interd\u00e9partemental &nbsp; Objectifs recherch\u00e9s\u00a0: Depuis sa cr\u00e9ation en 2015 , le club s\u2019est toujours impliqu\u00e9 pour organiser et g\u00e9rer les tours du Crit\u00e9rium F\u00e9d\u00e9ral au niveau d\u00e9partemental [&hellip;]<\/p>\n","protected":false},"author":6,"featured_media":0,"comment_status":"closed","ping_status":"closed","sticky":false,"template":"","format":"standard","meta":{"_et_pb_use_builder":"on","_et_pb_old_content":"","_et_gb_content_width":"","footnotes":""},"categories":[199,200,198,182],"tags":[],"post_folder":[],"class_list":["post-2524","post","type-post","status-publish","format-standard","hentry","category-championnats","category-coupes-et-tournoi","category-criterium-federal","category-ping-competitif"],"_links":{"self":[{"href":"https:\/\/www.fftt.com\/observatoire\/wp-json\/wp\/v2\/posts\/2524","targetHints":{"allow":["GET"]}}],"collection":[{"href":"https:\/\/www.fftt.com\/observatoire\/wp-json\/wp\/v2\/posts"}],"about":[{"href":"https:\/\/www.fftt.com\/observatoire\/wp-json\/wp\/v2\/types\/post"}],"author":[{"embeddable":true,"href":"https:\/\/www.fftt.com\/observatoire\/wp-json\/wp\/v2\/users\/6"}],"replies":[{"embeddable":true,"href":"https:\/\/www.fftt.com\/observatoire\/wp-json\/wp\/v2\/comments?post=2524"}],"version-history":[{"count":5,"href":"https:\/\/www.fftt.com\/observatoire\/wp-json\/wp\/v2\/posts\/2524\/revisions"}],"predecessor-version":[{"id":2530,"href":"https:\/\/www.fftt.com\/observatoire\/wp-json\/wp\/v2\/posts\/2524\/revisions\/2530"}],"wp:attachment":[{"href":"https:\/\/www.fftt.com\/observatoire\/wp-json\/wp\/v2\/media?parent=2524"}],"wp:term":[{"taxonomy":"category","embeddable":true,"href":"https:\/\/www.fftt.com\/observatoire\/wp-json\/wp\/v2\/categories?post=2524"},{"taxonomy":"post_tag","embeddable":true,"href":"https:\/\/www.fftt.com\/observatoire\/wp-json\/wp\/v2\/tags?post=2524"},{"taxonomy":"post_folder","embeddable":true,"href":"https:\/\/www.fftt.com\/observatoire\/wp-json\/wp\/v2\/post_folder?post=2524"}],"curies":[{"name":"wp","href":"https:\/\/api.w.org\/{rel}","templated":true}]}}