{"id":2533,"date":"2025-03-28T08:33:40","date_gmt":"2025-03-28T07:33:40","guid":{"rendered":"https:\/\/www.fftt.com\/observatoire\/?p=2533"},"modified":"2025-03-28T08:33:40","modified_gmt":"2025-03-28T07:33:40","slug":"saint-germain-les-corbeil-tt-organisation-cf","status":"publish","type":"post","link":"https:\/\/www.fftt.com\/observatoire\/saint-germain-les-corbeil-tt-organisation-cf\/","title":{"rendered":"Saint Germain Les Corbeil TT &#8211; Organisation CF"},"content":{"rendered":"<div class='watch-action'><div class='watch-position align-right'><div class='action-like'><a class='lbg-style1 like-2533 jlk' href='javascript:void(0)' data-task='like' data-post_id='2533' data-nonce='0a220ac3fb' rel='nofollow'><img class='wti-pixel' src='https:\/\/www.fftt.com\/observatoire\/wp-content\/plugins\/wti-like-post\/images\/pixel.gif' title='J&#039;aime' \/><span class='lc-2533 lc'>0<\/span><\/a><\/div><div class='action-unlike'><a class='unlbg-style1 unlike-2533 jlk' href='javascript:void(0)' data-task='unlike' data-post_id='2533' data-nonce='0a220ac3fb' rel='nofollow'><img class='wti-pixel' src='https:\/\/www.fftt.com\/observatoire\/wp-content\/plugins\/wti-like-post\/images\/pixel.gif' title='Je n&#039;aime pas' \/><span class='unlc-2533 unlc'>0<\/span><\/a><\/div> <\/div> <div class='status-2533 status align-right'><\/div><\/div><div class='wti-clear'><\/div><p>[et_pb_section fb_built=\u00a0\u00bb1&Prime; _builder_version=\u00a0\u00bb4.27.4&Prime; _module_preset=\u00a0\u00bbdefault\u00a0\u00bb global_colors_info=\u00a0\u00bb{}\u00a0\u00bb theme_builder_area=\u00a0\u00bbpost_content\u00a0\u00bb][et_pb_row column_structure=\u00a0\u00bb2_3,1_3&Prime; _builder_version=\u00a0\u00bb4.27.4&Prime; _module_preset=\u00a0\u00bbdefault\u00a0\u00bb global_colors_info=\u00a0\u00bb{}\u00a0\u00bb theme_builder_area=\u00a0\u00bbpost_content\u00a0\u00bb][et_pb_column type=\u00a0\u00bb2_3&Prime; _builder_version=\u00a0\u00bb4.27.4&Prime; _module_preset=\u00a0\u00bbdefault\u00a0\u00bb global_colors_info=\u00a0\u00bb{}\u00a0\u00bb theme_builder_area=\u00a0\u00bbpost_content\u00a0\u00bb][et_pb_text _builder_version=\u00a0\u00bb4.27.4&Prime; _module_preset=\u00a0\u00bbdefault\u00a0\u00bb hover_enabled=\u00a0\u00bb0&Prime; global_colors_info=\u00a0\u00bb{}\u00a0\u00bb theme_builder_area=\u00a0\u00bbpost_content\u00a0\u00bb sticky_enabled=\u00a0\u00bb0&Prime;]<\/p>\n<p>Nom de la structure : Saint Germain Les Corbeil TT<\/p>\n<p>Personne responsable : Pierre Antoine Libourel<\/p>\n<p>T\u00e9l\u00e9phone : 0660396673<\/p>\n<p>Mail : balou91000@gmail.com<\/p>\n<p>Titre de l\u2019action : Organisation Crit\u00e9rium F\u00e9d\u00e9ral toutes cat\u00e9gories<\/p>\n<p>&nbsp;<\/p>\n<p>Objectifs recherch\u00e9s\u00a0:<\/p>\n<p>Nous souhaitons participer au d\u00e9veloppement du tennis de table dans notre ville en organisant cette manifestation qui permet au plus grand nombre non seulement de participer mais \u00e9galement de venir assister aux rencontres dans notre salle flambant neuve.<\/p>\n<p>Descriptif\u00a0:<\/p>\n<p>Nous accueillons le Crit\u00e9rium F\u00e9d\u00e9ral sur un week-end complet (jeunes le samedi et seniors le dimanche) avec mise en place, encadrement, accueil du juge arbitre et des joueurs.<br \/>Une ambiance chaleureuse et sportive est au rendez-vous.<br \/>Les tribunes du gymnase sont remplies et nous proposons \u00e9galement une buvette. L&rsquo;op\u00e9ration se renouvelle sur 3 week-ends dans la saison<\/p>\n<p>R\u00e9sultats obtenus\u00a0:<\/p>\n<p>Nous organisons cette comp\u00e9tition pour la premi\u00e8re fois \u00e9tant un jeune club.<br \/>A ce jour, un seul week-end a eu lieu pour la premi\u00e8re session les 12 et 13 Octobre et les retours tant du public que du juge arbitre et des participants ont \u00e9t\u00e9 tr\u00e8s positifs.<br \/>L&rsquo;ensemble des b\u00e9n\u00e9voles du club s&rsquo;est mobilis\u00e9 facilitant ces retours positifs.<\/p>\n<p>&nbsp;<\/p>\n<p><strong><u><a href=\"https:\/\/www.fftt.com\/observatoire\/wp-content\/uploads\/2025\/03\/St-Germain-Les-Corbeil-TT-CF.pdf\" target=\"_blank\" rel=\"noopener\" title=\"Organisation CF\">Lien pour t\u00e9l\u00e9charger la fiche<\/a> <\/u><\/strong><\/p>\n<p>[\/et_pb_text][\/et_pb_column][et_pb_column type=\u00a0\u00bb1_3&Prime; _builder_version=\u00a0\u00bb4.27.4&Prime; _module_preset=\u00a0\u00bbdefault\u00a0\u00bb global_colors_info=\u00a0\u00bb{}\u00a0\u00bb theme_builder_area=\u00a0\u00bbpost_content\u00a0\u00bb][et_pb_image src=\u00a0\u00bbhttps:\/\/www.fftt.com\/observatoire\/wp-content\/uploads\/2025\/03\/St-Germain-Les-Corbeil-TT-CF-1.png\u00a0\u00bb title_text=\u00a0\u00bbSt Germain Les Corbeil TT &#8211; CF-1&Prime; _builder_version=\u00a0\u00bb4.27.4&Prime; _module_preset=\u00a0\u00bbdefault\u00a0\u00bb hover_enabled=\u00a0\u00bb0&Prime; global_colors_info=\u00a0\u00bb{}\u00a0\u00bb theme_builder_area=\u00a0\u00bbpost_content\u00a0\u00bb url=\u00a0\u00bbhttps:\/\/www.fftt.com\/observatoire\/wp-content\/uploads\/2025\/03\/St-Germain-Les-Corbeil-TT-CF.pdf\u00a0\u00bb sticky_enabled=\u00a0\u00bb0&Prime;][\/et_pb_image][\/et_pb_column][\/et_pb_row][\/et_pb_section]<\/p>\n","protected":false},"excerpt":{"rendered":"<p>Nom de la structure : Saint Germain Les Corbeil TT Personne responsable : Pierre Antoine Libourel T\u00e9l\u00e9phone : 0660396673 Mail : balou91000@gmail.com Titre de l\u2019action : Organisation Crit\u00e9rium F\u00e9d\u00e9ral toutes cat\u00e9gories &nbsp; Objectifs recherch\u00e9s\u00a0: Nous souhaitons participer au d\u00e9veloppement du tennis de table dans notre ville en organisant cette manifestation qui permet au plus grand [&hellip;]<\/p>\n","protected":false},"author":6,"featured_media":0,"comment_status":"closed","ping_status":"closed","sticky":false,"template":"","format":"standard","meta":{"_et_pb_use_builder":"on","_et_pb_old_content":"","_et_gb_content_width":"","footnotes":""},"categories":[198,182],"tags":[],"post_folder":[],"class_list":["post-2533","post","type-post","status-publish","format-standard","hentry","category-criterium-federal","category-ping-competitif"],"_links":{"self":[{"href":"https:\/\/www.fftt.com\/observatoire\/wp-json\/wp\/v2\/posts\/2533","targetHints":{"allow":["GET"]}}],"collection":[{"href":"https:\/\/www.fftt.com\/observatoire\/wp-json\/wp\/v2\/posts"}],"about":[{"href":"https:\/\/www.fftt.com\/observatoire\/wp-json\/wp\/v2\/types\/post"}],"author":[{"embeddable":true,"href":"https:\/\/www.fftt.com\/observatoire\/wp-json\/wp\/v2\/users\/6"}],"replies":[{"embeddable":true,"href":"https:\/\/www.fftt.com\/observatoire\/wp-json\/wp\/v2\/comments?post=2533"}],"version-history":[{"count":5,"href":"https:\/\/www.fftt.com\/observatoire\/wp-json\/wp\/v2\/posts\/2533\/revisions"}],"predecessor-version":[{"id":2540,"href":"https:\/\/www.fftt.com\/observatoire\/wp-json\/wp\/v2\/posts\/2533\/revisions\/2540"}],"wp:attachment":[{"href":"https:\/\/www.fftt.com\/observatoire\/wp-json\/wp\/v2\/media?parent=2533"}],"wp:term":[{"taxonomy":"category","embeddable":true,"href":"https:\/\/www.fftt.com\/observatoire\/wp-json\/wp\/v2\/categories?post=2533"},{"taxonomy":"post_tag","embeddable":true,"href":"https:\/\/www.fftt.com\/observatoire\/wp-json\/wp\/v2\/tags?post=2533"},{"taxonomy":"post_folder","embeddable":true,"href":"https:\/\/www.fftt.com\/observatoire\/wp-json\/wp\/v2\/post_folder?post=2533"}],"curies":[{"name":"wp","href":"https:\/\/api.w.org\/{rel}","templated":true}]}}