{"id":2562,"date":"2025-03-28T09:19:31","date_gmt":"2025-03-28T08:19:31","guid":{"rendered":"https:\/\/www.fftt.com\/observatoire\/?p=2562"},"modified":"2025-03-28T09:20:15","modified_gmt":"2025-03-28T08:20:15","slug":"cpf-aizenay-cycle-scolaire-et-section-sportive","status":"publish","type":"post","link":"https:\/\/www.fftt.com\/observatoire\/cpf-aizenay-cycle-scolaire-et-section-sportive\/","title":{"rendered":"CPF Aizenay &#8211; Cycle scolaire et section sportive"},"content":{"rendered":"<div class='watch-action'><div class='watch-position align-right'><div class='action-like'><a class='lbg-style1 like-2562 jlk' href='javascript:void(0)' data-task='like' data-post_id='2562' data-nonce='0a220ac3fb' rel='nofollow'><img class='wti-pixel' src='https:\/\/www.fftt.com\/observatoire\/wp-content\/plugins\/wti-like-post\/images\/pixel.gif' title='J&#039;aime' \/><span class='lc-2562 lc'>0<\/span><\/a><\/div><div class='action-unlike'><a class='unlbg-style1 unlike-2562 jlk' href='javascript:void(0)' data-task='unlike' data-post_id='2562' data-nonce='0a220ac3fb' rel='nofollow'><img class='wti-pixel' src='https:\/\/www.fftt.com\/observatoire\/wp-content\/plugins\/wti-like-post\/images\/pixel.gif' title='Je n&#039;aime pas' \/><span class='unlc-2562 unlc'>0<\/span><\/a><\/div> <\/div> <div class='status-2562 status align-right'><\/div><\/div><div class='wti-clear'><\/div><p>[et_pb_section fb_built=\u00a0\u00bb1&Prime; _builder_version=\u00a0\u00bb4.27.4&Prime; _module_preset=\u00a0\u00bbdefault\u00a0\u00bb global_colors_info=\u00a0\u00bb{}\u00a0\u00bb theme_builder_area=\u00a0\u00bbpost_content\u00a0\u00bb][et_pb_row column_structure=\u00a0\u00bb2_3,1_3&Prime; _builder_version=\u00a0\u00bb4.27.4&Prime; _module_preset=\u00a0\u00bbdefault\u00a0\u00bb global_colors_info=\u00a0\u00bb{}\u00a0\u00bb theme_builder_area=\u00a0\u00bbpost_content\u00a0\u00bb][et_pb_column type=\u00a0\u00bb2_3&Prime; _builder_version=\u00a0\u00bb4.27.4&Prime; _module_preset=\u00a0\u00bbdefault\u00a0\u00bb global_colors_info=\u00a0\u00bb{}\u00a0\u00bb theme_builder_area=\u00a0\u00bbpost_content\u00a0\u00bb][et_pb_text _builder_version=\u00a0\u00bb4.27.4&Prime; _module_preset=\u00a0\u00bbdefault\u00a0\u00bb global_colors_info=\u00a0\u00bb{}\u00a0\u00bb theme_builder_area=\u00a0\u00bbpost_content\u00a0\u00bb]<\/p>\n<p>Nom de la structure : CPF Aizenay<\/p>\n<p>Personne responsable : Samuel CAILLETEAU<\/p>\n<p>T\u00e9l\u00e9phone : 06 78 29 37 65<\/p>\n<p>Mail : samuel.cailleteau@outlook.fr<\/p>\n<p>Titre de l\u2019action : Cycles scolaires &amp; section sportive<\/p>\n<p>&nbsp;<\/p>\n<p>Objectifs recherch\u00e9s\u00a0:<\/p>\n<p>Cycle scolaire : du CP jusqu&rsquo;au CM1 dans les \u00e9tablissements priv\u00e9s<br \/>L&rsquo;id\u00e9e est de proposer la d\u00e9couverte du tennis de table (r\u00e8gle, prise de raquettes, services) de fa\u00e7on plus approfondie et de d\u00e9tecter des talents d\u00e8s le plus jeune \u00e2ge.<br \/>Section Coll\u00e8ge : Proposer aux jeunes les plus motiv\u00e9s une s\u00e9ance incluse dans leur EDT en petit groupe afin de travailler plus efficacement.<\/p>\n<p>Descriptif\u00a0:<\/p>\n<p>Cycle scolaire : Les \u00e9ducateurs pr\u00e9parent des animations avec utilisation de la raquette et des balles color\u00e9s parfois de diam\u00e8tre plus cons\u00e9quent. Temps d&rsquo;animations et de p\u00e9dagogie adapt\u00e9s pour expliquer un th\u00e8me.<\/p>\n<p>Section scolaire : Les \u00e9ducateurs vont chercher les jeunes \u00e0 pied (coll\u00e8ge \u00e0 proximit\u00e9) puis construisent une s\u00e9ance en effectif r\u00e9duit, ils se fixent sur ce que souhaite travailler chaque jeune.<\/p>\n<p>R\u00e9sultats obtenus\u00a0:<\/p>\n<p>Mise en place post Covid, le nombre de licenci\u00e9s poussins\/benjamins est en tr\u00e8s nette augmentation.<br \/>Gain de visibilit\u00e9 au sein des \u00e9tablissements priv\u00e9s et reconnaissance du club dans la commune et aux alentours.<\/p>\n<p>&nbsp;<\/p>\n<p><strong><u><a href=\"https:\/\/www.fftt.com\/observatoire\/wp-content\/uploads\/2025\/03\/CPF-Aizenay-cycles-scolaires-et-section-sportive.pdf\" target=\"_blank\" rel=\"noopener\" title=\"Cycle scolaire et section sportive\">Lien pour t\u00e9l\u00e9charger la fiche<\/a> <\/u><\/strong><\/p>\n<p>[\/et_pb_text][\/et_pb_column][et_pb_column type=\u00a0\u00bb1_3&Prime; _builder_version=\u00a0\u00bb4.27.4&Prime; _module_preset=\u00a0\u00bbdefault\u00a0\u00bb global_colors_info=\u00a0\u00bb{}\u00a0\u00bb theme_builder_area=\u00a0\u00bbpost_content\u00a0\u00bb][et_pb_image src=\u00a0\u00bbhttps:\/\/www.fftt.com\/observatoire\/wp-content\/uploads\/2025\/03\/CPF-Aizenay-cycles-scolaires-et-section-sportive-1.png\u00a0\u00bb title_text=\u00a0\u00bbCPF Aizenay &#8211; cycles scolaires et section sportive-1&Prime; url=\u00a0\u00bbhttps:\/\/www.fftt.com\/observatoire\/wp-content\/uploads\/2025\/03\/CPF-Aizenay-cycles-scolaires-et-section-sportive.pdf\u00a0\u00bb _builder_version=\u00a0\u00bb4.27.4&Prime; _module_preset=\u00a0\u00bbdefault\u00a0\u00bb global_colors_info=\u00a0\u00bb{}\u00a0\u00bb theme_builder_area=\u00a0\u00bbpost_content\u00a0\u00bb][\/et_pb_image][\/et_pb_column][\/et_pb_row][\/et_pb_section]<\/p>\n","protected":false},"excerpt":{"rendered":"<p>Nom de la structure : CPF Aizenay Personne responsable : Samuel CAILLETEAU T\u00e9l\u00e9phone : 06 78 29 37 65 Mail : samuel.cailleteau@outlook.fr Titre de l\u2019action : Cycles scolaires &amp; section sportive &nbsp; Objectifs recherch\u00e9s\u00a0: Cycle scolaire : du CP jusqu&rsquo;au CM1 dans les \u00e9tablissements priv\u00e9sL&rsquo;id\u00e9e est de proposer la d\u00e9couverte du tennis de table (r\u00e8gle, [&hellip;]<\/p>\n","protected":false},"author":6,"featured_media":0,"comment_status":"closed","ping_status":"closed","sticky":false,"template":"","format":"standard","meta":{"_et_pb_use_builder":"on","_et_pb_old_content":"","_et_gb_content_width":"","footnotes":""},"categories":[184,179],"tags":[227,228],"post_folder":[],"class_list":["post-2562","post","type-post","status-publish","format-standard","hentry","category-ping-a-lecole","category-ping-educatif","tag-cycle-scolaires","tag-section-sportive"],"_links":{"self":[{"href":"https:\/\/www.fftt.com\/observatoire\/wp-json\/wp\/v2\/posts\/2562","targetHints":{"allow":["GET"]}}],"collection":[{"href":"https:\/\/www.fftt.com\/observatoire\/wp-json\/wp\/v2\/posts"}],"about":[{"href":"https:\/\/www.fftt.com\/observatoire\/wp-json\/wp\/v2\/types\/post"}],"author":[{"embeddable":true,"href":"https:\/\/www.fftt.com\/observatoire\/wp-json\/wp\/v2\/users\/6"}],"replies":[{"embeddable":true,"href":"https:\/\/www.fftt.com\/observatoire\/wp-json\/wp\/v2\/comments?post=2562"}],"version-history":[{"count":5,"href":"https:\/\/www.fftt.com\/observatoire\/wp-json\/wp\/v2\/posts\/2562\/revisions"}],"predecessor-version":[{"id":2568,"href":"https:\/\/www.fftt.com\/observatoire\/wp-json\/wp\/v2\/posts\/2562\/revisions\/2568"}],"wp:attachment":[{"href":"https:\/\/www.fftt.com\/observatoire\/wp-json\/wp\/v2\/media?parent=2562"}],"wp:term":[{"taxonomy":"category","embeddable":true,"href":"https:\/\/www.fftt.com\/observatoire\/wp-json\/wp\/v2\/categories?post=2562"},{"taxonomy":"post_tag","embeddable":true,"href":"https:\/\/www.fftt.com\/observatoire\/wp-json\/wp\/v2\/tags?post=2562"},{"taxonomy":"post_folder","embeddable":true,"href":"https:\/\/www.fftt.com\/observatoire\/wp-json\/wp\/v2\/post_folder?post=2562"}],"curies":[{"name":"wp","href":"https:\/\/api.w.org\/{rel}","templated":true}]}}