{"id":2597,"date":"2025-03-28T14:07:48","date_gmt":"2025-03-28T13:07:48","guid":{"rendered":"https:\/\/www.fftt.com\/observatoire\/?p=2597"},"modified":"2025-03-28T14:07:48","modified_gmt":"2025-03-28T13:07:48","slug":"cos-villers-les-nancy-handiping","status":"publish","type":"post","link":"https:\/\/www.fftt.com\/observatoire\/cos-villers-les-nancy-handiping\/","title":{"rendered":"COS Villers Les Nancy &#8211; Handi&rsquo;ping"},"content":{"rendered":"<div class='watch-action'><div class='watch-position align-right'><div class='action-like'><a class='lbg-style1 like-2597 jlk' href='javascript:void(0)' data-task='like' data-post_id='2597' data-nonce='0a220ac3fb' rel='nofollow'><img class='wti-pixel' src='https:\/\/www.fftt.com\/observatoire\/wp-content\/plugins\/wti-like-post\/images\/pixel.gif' title='J&#039;aime' \/><span class='lc-2597 lc'>0<\/span><\/a><\/div><div class='action-unlike'><a class='unlbg-style1 unlike-2597 jlk' href='javascript:void(0)' data-task='unlike' data-post_id='2597' data-nonce='0a220ac3fb' rel='nofollow'><img class='wti-pixel' src='https:\/\/www.fftt.com\/observatoire\/wp-content\/plugins\/wti-like-post\/images\/pixel.gif' title='Je n&#039;aime pas' \/><span class='unlc-2597 unlc'>0<\/span><\/a><\/div> <\/div> <div class='status-2597 status align-right'><\/div><\/div><div class='wti-clear'><\/div><p>[et_pb_section fb_built=\u00a0\u00bb1&Prime; _builder_version=\u00a0\u00bb4.27.4&Prime; _module_preset=\u00a0\u00bbdefault\u00a0\u00bb global_colors_info=\u00a0\u00bb{}\u00a0\u00bb theme_builder_area=\u00a0\u00bbpost_content\u00a0\u00bb][et_pb_row column_structure=\u00a0\u00bb2_3,1_3&Prime; _builder_version=\u00a0\u00bb4.27.4&Prime; _module_preset=\u00a0\u00bbdefault\u00a0\u00bb global_colors_info=\u00a0\u00bb{}\u00a0\u00bb theme_builder_area=\u00a0\u00bbpost_content\u00a0\u00bb][et_pb_column type=\u00a0\u00bb2_3&Prime; _builder_version=\u00a0\u00bb4.27.4&Prime; _module_preset=\u00a0\u00bbdefault\u00a0\u00bb global_colors_info=\u00a0\u00bb{}\u00a0\u00bb theme_builder_area=\u00a0\u00bbpost_content\u00a0\u00bb][et_pb_text _builder_version=\u00a0\u00bb4.27.4&Prime; _module_preset=\u00a0\u00bbdefault\u00a0\u00bb hover_enabled=\u00a0\u00bb0&Prime; global_colors_info=\u00a0\u00bb{}\u00a0\u00bb theme_builder_area=\u00a0\u00bbpost_content\u00a0\u00bb sticky_enabled=\u00a0\u00bb0&Prime;]<\/p>\n<p>Nom de la structure : COS Villers les Nancy Tennis de table<\/p>\n<p>Personne responsable : Alain GALECKI<\/p>\n<p>T\u00e9l\u00e9phone : 0637965983<\/p>\n<p>Mail : agm54@wanadoo.fr<\/p>\n<p>Titre de l\u2019action : Promouvoir le tennis de table aupr\u00e8s d&rsquo;un public handi<\/p>\n<p>&nbsp;<\/p>\n<p>Objectifs recherch\u00e9s\u00a0:<\/p>\n<p>Faire d\u00e9couvrir \u00e0 un maximum d&rsquo;\u00e9l\u00e8ves de l&rsquo;\u00e9tablissement r\u00e9gional d&rsquo;enseignement adapt\u00e9 de Flavigny sur moselle le tennis de table, les amener \u00e0 d\u00e9couvrir le tennis de table en club et de pouvoir ensuite de les licencier<\/p>\n<p>Descriptif\u00a0:<\/p>\n<p>Chaque semaine, 2 classes sont amen\u00e9es \u00e0 d\u00e9couvrir le tennis de table. En fonction des handicaps et des qualit\u00e9s de chaque \u00e9l\u00e8ve, des exercices autour du tennis de table leur sont propos\u00e9s.<br \/>A chaque fin de trimestre, on va organiser une s\u00e9ance de validation des acquis pour mat\u00e9rialiser les progressions des \u00e9l\u00e8ves.<\/p>\n<p>R\u00e9sultats obtenus\u00a0:<\/p>\n<p>Les s\u00e9ances de tennis de table sont tr\u00e8s appr\u00e9ci\u00e9es des \u00e9l\u00e8ves, de leurs professeurs et de leur direction.<br \/>Nous allons mettre en place des d\u00e9placements de ses \u00e9l\u00e8ves dans notre salle sp\u00e9cifique de tennis de table pour les plus motiv\u00e9s et les licencier s&rsquo;ils veulent d\u00e9couvrir les comp\u00e9titions.<\/p>\n<p>&nbsp;<\/p>\n<p><strong><u><a href=\"https:\/\/www.fftt.com\/observatoire\/wp-content\/uploads\/2025\/03\/COS-Villers-les-Nancy-TT-Ping-handi.pdf\" target=\"_blank\" rel=\"noopener\" title=\"Ping Handi\">Lien pour t\u00e9l\u00e9charger la fiche<\/a> <\/u><\/strong><\/p>\n<p>[\/et_pb_text][\/et_pb_column][et_pb_column type=\u00a0\u00bb1_3&Prime; _builder_version=\u00a0\u00bb4.27.4&Prime; _module_preset=\u00a0\u00bbdefault\u00a0\u00bb global_colors_info=\u00a0\u00bb{}\u00a0\u00bb theme_builder_area=\u00a0\u00bbpost_content\u00a0\u00bb][et_pb_image src=\u00a0\u00bbhttps:\/\/www.fftt.com\/observatoire\/wp-content\/uploads\/2025\/03\/COS-Villers-les-Nancy-TT-Ping-handi-1.png\u00a0\u00bb title_text=\u00a0\u00bbCOS Villers les Nancy TT &#8211; Ping handi-1&Prime; _builder_version=\u00a0\u00bb4.27.4&Prime; _module_preset=\u00a0\u00bbdefault\u00a0\u00bb hover_enabled=\u00a0\u00bb0&Prime; global_colors_info=\u00a0\u00bb{}\u00a0\u00bb theme_builder_area=\u00a0\u00bbpost_content\u00a0\u00bb url=\u00a0\u00bbhttps:\/\/www.fftt.com\/observatoire\/wp-content\/uploads\/2025\/03\/COS-Villers-les-Nancy-TT-Ping-handi.pdf\u00a0\u00bb sticky_enabled=\u00a0\u00bb0&Prime;][\/et_pb_image][\/et_pb_column][\/et_pb_row][\/et_pb_section]<\/p>\n","protected":false},"excerpt":{"rendered":"<p>Nom de la structure : COS Villers les Nancy Tennis de table Personne responsable : Alain GALECKI T\u00e9l\u00e9phone : 0637965983 Mail : agm54@wanadoo.fr Titre de l\u2019action : Promouvoir le tennis de table aupr\u00e8s d&rsquo;un public handi &nbsp; Objectifs recherch\u00e9s\u00a0: Faire d\u00e9couvrir \u00e0 un maximum d&rsquo;\u00e9l\u00e8ves de l&rsquo;\u00e9tablissement r\u00e9gional d&rsquo;enseignement adapt\u00e9 de Flavigny sur moselle le [&hellip;]<\/p>\n","protected":false},"author":6,"featured_media":0,"comment_status":"closed","ping_status":"closed","sticky":false,"template":"","format":"standard","meta":{"_et_pb_use_builder":"on","_et_pb_old_content":"","_et_gb_content_width":"","footnotes":""},"categories":[195,181],"tags":[],"post_folder":[],"class_list":["post-2597","post","type-post","status-publish","format-standard","hentry","category-ping-handi","category-ping-inclusif"],"_links":{"self":[{"href":"https:\/\/www.fftt.com\/observatoire\/wp-json\/wp\/v2\/posts\/2597","targetHints":{"allow":["GET"]}}],"collection":[{"href":"https:\/\/www.fftt.com\/observatoire\/wp-json\/wp\/v2\/posts"}],"about":[{"href":"https:\/\/www.fftt.com\/observatoire\/wp-json\/wp\/v2\/types\/post"}],"author":[{"embeddable":true,"href":"https:\/\/www.fftt.com\/observatoire\/wp-json\/wp\/v2\/users\/6"}],"replies":[{"embeddable":true,"href":"https:\/\/www.fftt.com\/observatoire\/wp-json\/wp\/v2\/comments?post=2597"}],"version-history":[{"count":6,"href":"https:\/\/www.fftt.com\/observatoire\/wp-json\/wp\/v2\/posts\/2597\/revisions"}],"predecessor-version":[{"id":2607,"href":"https:\/\/www.fftt.com\/observatoire\/wp-json\/wp\/v2\/posts\/2597\/revisions\/2607"}],"wp:attachment":[{"href":"https:\/\/www.fftt.com\/observatoire\/wp-json\/wp\/v2\/media?parent=2597"}],"wp:term":[{"taxonomy":"category","embeddable":true,"href":"https:\/\/www.fftt.com\/observatoire\/wp-json\/wp\/v2\/categories?post=2597"},{"taxonomy":"post_tag","embeddable":true,"href":"https:\/\/www.fftt.com\/observatoire\/wp-json\/wp\/v2\/tags?post=2597"},{"taxonomy":"post_folder","embeddable":true,"href":"https:\/\/www.fftt.com\/observatoire\/wp-json\/wp\/v2\/post_folder?post=2597"}],"curies":[{"name":"wp","href":"https:\/\/api.w.org\/{rel}","templated":true}]}}