{"id":2652,"date":"2025-03-28T15:06:21","date_gmt":"2025-03-28T14:06:21","guid":{"rendered":"https:\/\/www.fftt.com\/observatoire\/?p=2652"},"modified":"2025-03-28T15:06:21","modified_gmt":"2025-03-28T14:06:21","slug":"us-saint-egreve-tt-journee-sport-adpate","status":"publish","type":"post","link":"https:\/\/www.fftt.com\/observatoire\/us-saint-egreve-tt-journee-sport-adpate\/","title":{"rendered":"US Saint Egr\u00e8ve TT &#8211; Journ\u00e9e sport adpat\u00e9"},"content":{"rendered":"<div class='watch-action'><div class='watch-position align-right'><div class='action-like'><a class='lbg-style1 like-2652 jlk' href='javascript:void(0)' data-task='like' data-post_id='2652' data-nonce='0a220ac3fb' rel='nofollow'><img class='wti-pixel' src='https:\/\/www.fftt.com\/observatoire\/wp-content\/plugins\/wti-like-post\/images\/pixel.gif' title='J&#039;aime' \/><span class='lc-2652 lc'>0<\/span><\/a><\/div><div class='action-unlike'><a class='unlbg-style1 unlike-2652 jlk' href='javascript:void(0)' data-task='unlike' data-post_id='2652' data-nonce='0a220ac3fb' rel='nofollow'><img class='wti-pixel' src='https:\/\/www.fftt.com\/observatoire\/wp-content\/plugins\/wti-like-post\/images\/pixel.gif' title='Je n&#039;aime pas' \/><span class='unlc-2652 unlc'>0<\/span><\/a><\/div> <\/div> <div class='status-2652 status align-right'><\/div><\/div><div class='wti-clear'><\/div><p>[et_pb_section fb_built=\u00a0\u00bb1&Prime; _builder_version=\u00a0\u00bb4.27.4&Prime; _module_preset=\u00a0\u00bbdefault\u00a0\u00bb global_colors_info=\u00a0\u00bb{}\u00a0\u00bb theme_builder_area=\u00a0\u00bbpost_content\u00a0\u00bb][et_pb_row column_structure=\u00a0\u00bb2_3,1_3&Prime; _builder_version=\u00a0\u00bb4.27.4&Prime; _module_preset=\u00a0\u00bbdefault\u00a0\u00bb global_colors_info=\u00a0\u00bb{}\u00a0\u00bb theme_builder_area=\u00a0\u00bbpost_content\u00a0\u00bb][et_pb_column type=\u00a0\u00bb2_3&Prime; _builder_version=\u00a0\u00bb4.27.4&Prime; _module_preset=\u00a0\u00bbdefault\u00a0\u00bb global_colors_info=\u00a0\u00bb{}\u00a0\u00bb theme_builder_area=\u00a0\u00bbpost_content\u00a0\u00bb][et_pb_text _builder_version=\u00a0\u00bb4.27.4&Prime; _module_preset=\u00a0\u00bbdefault\u00a0\u00bb hover_enabled=\u00a0\u00bb0&Prime; global_colors_info=\u00a0\u00bb{}\u00a0\u00bb theme_builder_area=\u00a0\u00bbpost_content\u00a0\u00bb sticky_enabled=\u00a0\u00bb0&Prime;]<\/p>\n<p>Nom de la structure : US ST EGREVE TT<\/p>\n<p>Personne responsable : Bourbon<\/p>\n<p>T\u00e9l\u00e9phone : 0687876361<\/p>\n<p>Mail : stegrevett@gmail.com<\/p>\n<p>Titre de l\u2019action : Journ\u00e9e Sport Adapt\u00e9<\/p>\n<p>&nbsp;<\/p>\n<p>Objectifs recherch\u00e9s\u00a0:<\/p>\n<p>Se faire conna\u00eetre aupr\u00e8s du public de Sport Adapt\u00e9<\/p>\n<p>Descriptif\u00a0:<\/p>\n<p>La journ\u00e9e d\u00e9bute par l&rsquo;accueil des participants venant de divers centres IME de l&rsquo;Is\u00e8re. La matin\u00e9e se d\u00e9roule avec des ateliers ou du jeu \u00e0 la table. L&rsquo;apr\u00e8s-midi est consacr\u00e9e \u00e0 un tournoi de style mont\u00e9es-descentes. La journ\u00e9e se termine par une remise de dipl\u00f4mes.<\/p>\n<p>R\u00e9sultats obtenus\u00a0:<\/p>\n<p>Se faire connaitre en tant que club accueillant du sport adapt\u00e9 &#8211; Travailler en collaboration avec le comit\u00e9 du sport adapt\u00e9 du d\u00e9partement &#8211; Faire accepter \u00ab\u00a0la diff\u00e9rence\u00a0\u00bb \u00e0 nos licenci\u00e9s<\/p>\n<p>&nbsp;<\/p>\n<p><strong><u><a href=\"https:\/\/www.fftt.com\/observatoire\/wp-content\/uploads\/2025\/03\/US-St-Egreve-TT-sport-adapte.pdf\" target=\"_blank\" rel=\"noopener\" title=\"Journ\u00e9e sport adapt\u00e9\">Lien pour t\u00e9l\u00e9charger la fiche<\/a> <\/u><\/strong><\/p>\n<p>[\/et_pb_text][\/et_pb_column][et_pb_column type=\u00a0\u00bb1_3&Prime; _builder_version=\u00a0\u00bb4.27.4&Prime; _module_preset=\u00a0\u00bbdefault\u00a0\u00bb global_colors_info=\u00a0\u00bb{}\u00a0\u00bb theme_builder_area=\u00a0\u00bbpost_content\u00a0\u00bb][et_pb_image src=\u00a0\u00bbhttps:\/\/www.fftt.com\/observatoire\/wp-content\/uploads\/2025\/03\/US-St-Egreve-TT-sport-adapte-1.png\u00a0\u00bb title_text=\u00a0\u00bbUS St Egr\u00e8ve TT &#8211; sport adapt\u00e9-1&Prime; _builder_version=\u00a0\u00bb4.27.4&Prime; _module_preset=\u00a0\u00bbdefault\u00a0\u00bb hover_enabled=\u00a0\u00bb0&Prime; global_colors_info=\u00a0\u00bb{}\u00a0\u00bb theme_builder_area=\u00a0\u00bbpost_content\u00a0\u00bb url=\u00a0\u00bbhttps:\/\/www.fftt.com\/observatoire\/wp-content\/uploads\/2025\/03\/US-St-Egreve-TT-sport-adapte.pdf\u00a0\u00bb sticky_enabled=\u00a0\u00bb0&Prime;][\/et_pb_image][\/et_pb_column][\/et_pb_row][\/et_pb_section]<\/p>\n","protected":false},"excerpt":{"rendered":"<p>Nom de la structure : US ST EGREVE TT Personne responsable : Bourbon T\u00e9l\u00e9phone : 0687876361 Mail : stegrevett@gmail.com Titre de l\u2019action : Journ\u00e9e Sport Adapt\u00e9 &nbsp; Objectifs recherch\u00e9s\u00a0: Se faire conna\u00eetre aupr\u00e8s du public de Sport Adapt\u00e9 Descriptif\u00a0: La journ\u00e9e d\u00e9bute par l&rsquo;accueil des participants venant de divers centres IME de l&rsquo;Is\u00e8re. La matin\u00e9e [&hellip;]<\/p>\n","protected":false},"author":6,"featured_media":0,"comment_status":"closed","ping_status":"closed","sticky":false,"template":"","format":"standard","meta":{"_et_pb_use_builder":"on","_et_pb_old_content":"","_et_gb_content_width":"","footnotes":""},"categories":[195,181],"tags":[60],"post_folder":[],"class_list":["post-2652","post","type-post","status-publish","format-standard","hentry","category-ping-handi","category-ping-inclusif","tag-sport-adapte-ffsa"],"_links":{"self":[{"href":"https:\/\/www.fftt.com\/observatoire\/wp-json\/wp\/v2\/posts\/2652","targetHints":{"allow":["GET"]}}],"collection":[{"href":"https:\/\/www.fftt.com\/observatoire\/wp-json\/wp\/v2\/posts"}],"about":[{"href":"https:\/\/www.fftt.com\/observatoire\/wp-json\/wp\/v2\/types\/post"}],"author":[{"embeddable":true,"href":"https:\/\/www.fftt.com\/observatoire\/wp-json\/wp\/v2\/users\/6"}],"replies":[{"embeddable":true,"href":"https:\/\/www.fftt.com\/observatoire\/wp-json\/wp\/v2\/comments?post=2652"}],"version-history":[{"count":5,"href":"https:\/\/www.fftt.com\/observatoire\/wp-json\/wp\/v2\/posts\/2652\/revisions"}],"predecessor-version":[{"id":2659,"href":"https:\/\/www.fftt.com\/observatoire\/wp-json\/wp\/v2\/posts\/2652\/revisions\/2659"}],"wp:attachment":[{"href":"https:\/\/www.fftt.com\/observatoire\/wp-json\/wp\/v2\/media?parent=2652"}],"wp:term":[{"taxonomy":"category","embeddable":true,"href":"https:\/\/www.fftt.com\/observatoire\/wp-json\/wp\/v2\/categories?post=2652"},{"taxonomy":"post_tag","embeddable":true,"href":"https:\/\/www.fftt.com\/observatoire\/wp-json\/wp\/v2\/tags?post=2652"},{"taxonomy":"post_folder","embeddable":true,"href":"https:\/\/www.fftt.com\/observatoire\/wp-json\/wp\/v2\/post_folder?post=2652"}],"curies":[{"name":"wp","href":"https:\/\/api.w.org\/{rel}","templated":true}]}}