{"id":2689,"date":"2025-03-28T15:57:19","date_gmt":"2025-03-28T14:57:19","guid":{"rendered":"https:\/\/www.fftt.com\/observatoire\/?p=2689"},"modified":"2025-03-28T15:57:30","modified_gmt":"2025-03-28T14:57:30","slug":"chelles-tt-portes-ouvertes","status":"publish","type":"post","link":"https:\/\/www.fftt.com\/observatoire\/chelles-tt-portes-ouvertes\/","title":{"rendered":"Chelles TT &#8211; Portes ouvertes"},"content":{"rendered":"<div class='watch-action'><div class='watch-position align-right'><div class='action-like'><a class='lbg-style1 like-2689 jlk' href='javascript:void(0)' data-task='like' data-post_id='2689' data-nonce='0a220ac3fb' rel='nofollow'><img class='wti-pixel' src='https:\/\/www.fftt.com\/observatoire\/wp-content\/plugins\/wti-like-post\/images\/pixel.gif' title='J&#039;aime' \/><span class='lc-2689 lc'>0<\/span><\/a><\/div><div class='action-unlike'><a class='unlbg-style1 unlike-2689 jlk' href='javascript:void(0)' data-task='unlike' data-post_id='2689' data-nonce='0a220ac3fb' rel='nofollow'><img class='wti-pixel' src='https:\/\/www.fftt.com\/observatoire\/wp-content\/plugins\/wti-like-post\/images\/pixel.gif' title='Je n&#039;aime pas' \/><span class='unlc-2689 unlc'>0<\/span><\/a><\/div> <\/div> <div class='status-2689 status align-right'><\/div><\/div><div class='wti-clear'><\/div><p>[et_pb_section fb_built=\u00a0\u00bb1&Prime; _builder_version=\u00a0\u00bb4.27.4&Prime; _module_preset=\u00a0\u00bbdefault\u00a0\u00bb global_colors_info=\u00a0\u00bb{}\u00a0\u00bb theme_builder_area=\u00a0\u00bbpost_content\u00a0\u00bb][et_pb_row column_structure=\u00a0\u00bb2_3,1_3&Prime; _builder_version=\u00a0\u00bb4.27.4&Prime; _module_preset=\u00a0\u00bbdefault\u00a0\u00bb global_colors_info=\u00a0\u00bb{}\u00a0\u00bb theme_builder_area=\u00a0\u00bbpost_content\u00a0\u00bb][et_pb_column type=\u00a0\u00bb2_3&Prime; _builder_version=\u00a0\u00bb4.27.4&Prime; _module_preset=\u00a0\u00bbdefault\u00a0\u00bb global_colors_info=\u00a0\u00bb{}\u00a0\u00bb theme_builder_area=\u00a0\u00bbpost_content\u00a0\u00bb][et_pb_text _builder_version=\u00a0\u00bb4.27.4&Prime; _module_preset=\u00a0\u00bbdefault\u00a0\u00bb hover_enabled=\u00a0\u00bb0&Prime; global_colors_info=\u00a0\u00bb{}\u00a0\u00bb theme_builder_area=\u00a0\u00bbpost_content\u00a0\u00bb sticky_enabled=\u00a0\u00bb0&Prime;]<\/p>\n<p>Nom de la structure : Chelles tennis de table<\/p>\n<p>Personne responsable : Collet<\/p>\n<p>T\u00e9l\u00e9phone : 0779946356<\/p>\n<p>Mail : ttchelles@gmail.com<\/p>\n<p>Titre de l\u2019action : Portes ouvertes<\/p>\n<p>&nbsp;<\/p>\n<p>Objectifs recherch\u00e9s\u00a0:<\/p>\n<p>Nous avons cr\u00e9\u00e9 3 sessions \u00ab\u00a0portes ouvertes\u00a0\u00bb pour faire d\u00e9couvrir notre discipline.<\/p>\n<p>Descriptif\u00a0:<\/p>\n<p>L&rsquo;organisation s&rsquo;est pass\u00e9e de la mani\u00e8re suivante:<br \/>-d\u00e9termination des dates avec les membres du bureau<br \/>-cr\u00e9ation du flyer<br \/>-information aux b\u00e9n\u00e9voles<br \/>-distribution des flyers \u00e0 4 jours de l&rsquo;\u00e9v\u00e8nement<br \/>-mise en place de la salle<br \/>-R\u00e9ception des participants par notre secr\u00e9taire pour guider et r\u00e9pondre aux demandes (tarifs, horaires etc..)<\/p>\n<p>R\u00e9sultats obtenus\u00a0:<\/p>\n<p>Hormis l&rsquo;effet JO, nous avions anticip\u00e9 nos \u00ab\u00a0portes ouvertes\u00a0\u00bb afin de d\u00e9velopper le nombre de licenci\u00e9s au club.<br \/>Lors de nos \u00e9v\u00e8nements, 12 jeunes ont pris leur adh\u00e9sion \u00e0 l&rsquo;association pour l&rsquo;ann\u00e9e suivante.<\/p>\n<p>&nbsp;<\/p>\n<p><strong><u><a href=\"https:\/\/www.fftt.com\/observatoire\/wp-content\/uploads\/2025\/03\/Chelles-TT-Sessions-portes-ouvertes.pdf\" target=\"_blank\" rel=\"noopener\" title=\"Portes ouvertes\">Lien pour t\u00e9l\u00e9charger la fiche<\/a> <\/u><\/strong><\/p>\n<p>[\/et_pb_text][\/et_pb_column][et_pb_column type=\u00a0\u00bb1_3&Prime; _builder_version=\u00a0\u00bb4.27.4&Prime; _module_preset=\u00a0\u00bbdefault\u00a0\u00bb global_colors_info=\u00a0\u00bb{}\u00a0\u00bb theme_builder_area=\u00a0\u00bbpost_content\u00a0\u00bb][et_pb_image src=\u00a0\u00bbhttps:\/\/www.fftt.com\/observatoire\/wp-content\/uploads\/2025\/03\/Chelles-TT-Sessions-portes-ouvertes-1.png\u00a0\u00bb title_text=\u00a0\u00bbChelles TT &#8211; Sessions portes ouvertes-1&Prime; _builder_version=\u00a0\u00bb4.27.4&Prime; _module_preset=\u00a0\u00bbdefault\u00a0\u00bb hover_enabled=\u00a0\u00bb0&Prime; global_colors_info=\u00a0\u00bb{}\u00a0\u00bb theme_builder_area=\u00a0\u00bbpost_content\u00a0\u00bb url=\u00a0\u00bbhttps:\/\/www.fftt.com\/observatoire\/wp-content\/uploads\/2025\/03\/Chelles-TT-Sessions-portes-ouvertes.pdf\u00a0\u00bb sticky_enabled=\u00a0\u00bb0&Prime;][\/et_pb_image][\/et_pb_column][\/et_pb_row][\/et_pb_section]<\/p>\n","protected":false},"excerpt":{"rendered":"<p>Nom de la structure : Chelles tennis de table Personne responsable : Collet T\u00e9l\u00e9phone : 0779946356 Mail : ttchelles@gmail.com Titre de l\u2019action : Portes ouvertes &nbsp; Objectifs recherch\u00e9s\u00a0: Nous avons cr\u00e9\u00e9 3 sessions \u00ab\u00a0portes ouvertes\u00a0\u00bb pour faire d\u00e9couvrir notre discipline. Descriptif\u00a0: L&rsquo;organisation s&rsquo;est pass\u00e9e de la mani\u00e8re suivante:-d\u00e9termination des dates avec les membres du bureau-cr\u00e9ation [&hellip;]<\/p>\n","protected":false},"author":6,"featured_media":0,"comment_status":"closed","ping_status":"closed","sticky":false,"template":"","format":"standard","meta":{"_et_pb_use_builder":"on","_et_pb_old_content":"","_et_gb_content_width":"","footnotes":""},"categories":[180],"tags":[143],"post_folder":[],"class_list":["post-2689","post","type-post","status-publish","format-standard","hentry","category-ping-actif","tag-promotion"],"_links":{"self":[{"href":"https:\/\/www.fftt.com\/observatoire\/wp-json\/wp\/v2\/posts\/2689","targetHints":{"allow":["GET"]}}],"collection":[{"href":"https:\/\/www.fftt.com\/observatoire\/wp-json\/wp\/v2\/posts"}],"about":[{"href":"https:\/\/www.fftt.com\/observatoire\/wp-json\/wp\/v2\/types\/post"}],"author":[{"embeddable":true,"href":"https:\/\/www.fftt.com\/observatoire\/wp-json\/wp\/v2\/users\/6"}],"replies":[{"embeddable":true,"href":"https:\/\/www.fftt.com\/observatoire\/wp-json\/wp\/v2\/comments?post=2689"}],"version-history":[{"count":6,"href":"https:\/\/www.fftt.com\/observatoire\/wp-json\/wp\/v2\/posts\/2689\/revisions"}],"predecessor-version":[{"id":2700,"href":"https:\/\/www.fftt.com\/observatoire\/wp-json\/wp\/v2\/posts\/2689\/revisions\/2700"}],"wp:attachment":[{"href":"https:\/\/www.fftt.com\/observatoire\/wp-json\/wp\/v2\/media?parent=2689"}],"wp:term":[{"taxonomy":"category","embeddable":true,"href":"https:\/\/www.fftt.com\/observatoire\/wp-json\/wp\/v2\/categories?post=2689"},{"taxonomy":"post_tag","embeddable":true,"href":"https:\/\/www.fftt.com\/observatoire\/wp-json\/wp\/v2\/tags?post=2689"},{"taxonomy":"post_folder","embeddable":true,"href":"https:\/\/www.fftt.com\/observatoire\/wp-json\/wp\/v2\/post_folder?post=2689"}],"curies":[{"name":"wp","href":"https:\/\/api.w.org\/{rel}","templated":true}]}}