{"id":2701,"date":"2025-03-28T16:08:25","date_gmt":"2025-03-28T15:08:25","guid":{"rendered":"https:\/\/www.fftt.com\/observatoire\/?p=2701"},"modified":"2025-03-28T16:08:29","modified_gmt":"2025-03-28T15:08:29","slug":"entente-gouville-coutainville-forum-associations","status":"publish","type":"post","link":"https:\/\/www.fftt.com\/observatoire\/entente-gouville-coutainville-forum-associations\/","title":{"rendered":"Entente Gouville Coutainville &#8211; Forum associations"},"content":{"rendered":"<div class='watch-action'><div class='watch-position align-right'><div class='action-like'><a class='lbg-style1 like-2701 jlk' href='javascript:void(0)' data-task='like' data-post_id='2701' data-nonce='0a220ac3fb' rel='nofollow'><img class='wti-pixel' src='https:\/\/www.fftt.com\/observatoire\/wp-content\/plugins\/wti-like-post\/images\/pixel.gif' title='J&#039;aime' \/><span class='lc-2701 lc'>0<\/span><\/a><\/div><div class='action-unlike'><a class='unlbg-style1 unlike-2701 jlk' href='javascript:void(0)' data-task='unlike' data-post_id='2701' data-nonce='0a220ac3fb' rel='nofollow'><img class='wti-pixel' src='https:\/\/www.fftt.com\/observatoire\/wp-content\/plugins\/wti-like-post\/images\/pixel.gif' title='Je n&#039;aime pas' \/><span class='unlc-2701 unlc'>0<\/span><\/a><\/div> <\/div> <div class='status-2701 status align-right'><\/div><\/div><div class='wti-clear'><\/div><p>[et_pb_section fb_built=\u00a0\u00bb1&Prime; _builder_version=\u00a0\u00bb4.27.4&Prime; _module_preset=\u00a0\u00bbdefault\u00a0\u00bb global_colors_info=\u00a0\u00bb{}\u00a0\u00bb theme_builder_area=\u00a0\u00bbpost_content\u00a0\u00bb][et_pb_row column_structure=\u00a0\u00bb2_3,1_3&Prime; _builder_version=\u00a0\u00bb4.27.4&Prime; _module_preset=\u00a0\u00bbdefault\u00a0\u00bb global_colors_info=\u00a0\u00bb{}\u00a0\u00bb theme_builder_area=\u00a0\u00bbpost_content\u00a0\u00bb][et_pb_column type=\u00a0\u00bb2_3&Prime; _builder_version=\u00a0\u00bb4.27.4&Prime; _module_preset=\u00a0\u00bbdefault\u00a0\u00bb global_colors_info=\u00a0\u00bb{}\u00a0\u00bb theme_builder_area=\u00a0\u00bbpost_content\u00a0\u00bb][et_pb_text _builder_version=\u00a0\u00bb4.27.4&Prime; _module_preset=\u00a0\u00bbdefault\u00a0\u00bb hover_enabled=\u00a0\u00bb0&Prime; global_colors_info=\u00a0\u00bb{}\u00a0\u00bb theme_builder_area=\u00a0\u00bbpost_content\u00a0\u00bb sticky_enabled=\u00a0\u00bb0&Prime;]<\/p>\n<p>Nom de la structure : ENTENTE GOUVILLE-COUTAINVILLE TT<\/p>\n<p>Personne responsable : LECLERC St\u00e9phane<\/p>\n<p>T\u00e9l\u00e9phone : 0661337866<\/p>\n<p>Mail : egctt@outlook.com<\/p>\n<p>Titre de l\u2019action : Forums des associations<\/p>\n<p>&nbsp;<\/p>\n<p>Objectifs recherch\u00e9s\u00a0:<\/p>\n<p>Participation aux forums des associations des communes de Gouville sur mer et d&rsquo;Agon-Coutainville : action associative pour faire connaitre les activit\u00e9s propos\u00e9es par notre structure et recruter des nouveaux adh\u00e9rents dans les diff\u00e9rentes cat\u00e9gories d&rsquo;\u00e2ge et de pratique.<\/p>\n<p>Descriptif\u00a0:<\/p>\n<p>Pr\u00e9paration de panneaux d&rsquo;affichage et des documents de communication (flyers) et d&rsquo;adh\u00e9sion au club en amont des forums (pendant l&rsquo;\u00e9t\u00e9).<br \/>Participation aux forums des associations des communes de Gouville sur mer et d&rsquo;Agon-Coutainville \u00e0 2 membres du club en chaque endroit, pr\u00e9sentation des activit\u00e9s de notre structure aux diff\u00e9rents visiteurs.<\/p>\n<p>R\u00e9sultats obtenus\u00a0:<\/p>\n<p>La participation \u00e0 ces forums permet de faire connaitre notre association et de faire venir de nouveaux adh\u00e9rents tous les ans (entre 10 et 20).<\/p>\n<p>&nbsp;<\/p>\n<p><strong><u><a href=\"https:\/\/www.fftt.com\/observatoire\/wp-content\/uploads\/2025\/03\/Entente-Gouville-Coutainville-TT-forums-assos.pdf\" target=\"_blank\" rel=\"noopener\" title=\"Forum associztions\">Lien pour t\u00e9l\u00e9charger la fiche<\/a> <\/u><\/strong><\/p>\n<p>[\/et_pb_text][\/et_pb_column][et_pb_column type=\u00a0\u00bb1_3&Prime; _builder_version=\u00a0\u00bb4.27.4&Prime; _module_preset=\u00a0\u00bbdefault\u00a0\u00bb global_colors_info=\u00a0\u00bb{}\u00a0\u00bb theme_builder_area=\u00a0\u00bbpost_content\u00a0\u00bb][et_pb_image src=\u00a0\u00bbhttps:\/\/www.fftt.com\/observatoire\/wp-content\/uploads\/2025\/03\/Entente-Gouville-Coutainville-TT-forums-assos-1.png\u00a0\u00bb title_text=\u00a0\u00bbEntente Gouville Coutainville TT- forums assos-1&Prime; _builder_version=\u00a0\u00bb4.27.4&Prime; _module_preset=\u00a0\u00bbdefault\u00a0\u00bb hover_enabled=\u00a0\u00bb0&Prime; global_colors_info=\u00a0\u00bb{}\u00a0\u00bb theme_builder_area=\u00a0\u00bbpost_content\u00a0\u00bb url=\u00a0\u00bbhttps:\/\/www.fftt.com\/observatoire\/wp-content\/uploads\/2025\/03\/Entente-Gouville-Coutainville-TT-forums-assos.pdf\u00a0\u00bb sticky_enabled=\u00a0\u00bb0&Prime;][\/et_pb_image][\/et_pb_column][\/et_pb_row][\/et_pb_section]<\/p>\n","protected":false},"excerpt":{"rendered":"<p>Nom de la structure : ENTENTE GOUVILLE-COUTAINVILLE TT Personne responsable : LECLERC St\u00e9phane T\u00e9l\u00e9phone : 0661337866 Mail : egctt@outlook.com Titre de l\u2019action : Forums des associations &nbsp; Objectifs recherch\u00e9s\u00a0: Participation aux forums des associations des communes de Gouville sur mer et d&rsquo;Agon-Coutainville : action associative pour faire connaitre les activit\u00e9s propos\u00e9es par notre structure et [&hellip;]<\/p>\n","protected":false},"author":6,"featured_media":0,"comment_status":"closed","ping_status":"closed","sticky":false,"template":"","format":"standard","meta":{"_et_pb_use_builder":"on","_et_pb_old_content":"","_et_gb_content_width":"","footnotes":""},"categories":[180],"tags":[143],"post_folder":[],"class_list":["post-2701","post","type-post","status-publish","format-standard","hentry","category-ping-actif","tag-promotion"],"_links":{"self":[{"href":"https:\/\/www.fftt.com\/observatoire\/wp-json\/wp\/v2\/posts\/2701","targetHints":{"allow":["GET"]}}],"collection":[{"href":"https:\/\/www.fftt.com\/observatoire\/wp-json\/wp\/v2\/posts"}],"about":[{"href":"https:\/\/www.fftt.com\/observatoire\/wp-json\/wp\/v2\/types\/post"}],"author":[{"embeddable":true,"href":"https:\/\/www.fftt.com\/observatoire\/wp-json\/wp\/v2\/users\/6"}],"replies":[{"embeddable":true,"href":"https:\/\/www.fftt.com\/observatoire\/wp-json\/wp\/v2\/comments?post=2701"}],"version-history":[{"count":5,"href":"https:\/\/www.fftt.com\/observatoire\/wp-json\/wp\/v2\/posts\/2701\/revisions"}],"predecessor-version":[{"id":2710,"href":"https:\/\/www.fftt.com\/observatoire\/wp-json\/wp\/v2\/posts\/2701\/revisions\/2710"}],"wp:attachment":[{"href":"https:\/\/www.fftt.com\/observatoire\/wp-json\/wp\/v2\/media?parent=2701"}],"wp:term":[{"taxonomy":"category","embeddable":true,"href":"https:\/\/www.fftt.com\/observatoire\/wp-json\/wp\/v2\/categories?post=2701"},{"taxonomy":"post_tag","embeddable":true,"href":"https:\/\/www.fftt.com\/observatoire\/wp-json\/wp\/v2\/tags?post=2701"},{"taxonomy":"post_folder","embeddable":true,"href":"https:\/\/www.fftt.com\/observatoire\/wp-json\/wp\/v2\/post_folder?post=2701"}],"curies":[{"name":"wp","href":"https:\/\/api.w.org\/{rel}","templated":true}]}}