{"id":2714,"date":"2025-03-31T08:38:21","date_gmt":"2025-03-31T06:38:21","guid":{"rendered":"https:\/\/www.fftt.com\/observatoire\/?p=2714"},"modified":"2025-03-31T08:38:27","modified_gmt":"2025-03-31T06:38:27","slug":"es-vitry-fetes-de-la-ville","status":"publish","type":"post","link":"https:\/\/www.fftt.com\/observatoire\/es-vitry-fetes-de-la-ville\/","title":{"rendered":"ES Vitry &#8211; F\u00eates de la ville"},"content":{"rendered":"<div class='watch-action'><div class='watch-position align-right'><div class='action-like'><a class='lbg-style1 like-2714 jlk' href='javascript:void(0)' data-task='like' data-post_id='2714' data-nonce='0a220ac3fb' rel='nofollow'><img class='wti-pixel' src='https:\/\/www.fftt.com\/observatoire\/wp-content\/plugins\/wti-like-post\/images\/pixel.gif' title='J&#039;aime' \/><span class='lc-2714 lc'>0<\/span><\/a><\/div><div class='action-unlike'><a class='unlbg-style1 unlike-2714 jlk' href='javascript:void(0)' data-task='unlike' data-post_id='2714' data-nonce='0a220ac3fb' rel='nofollow'><img class='wti-pixel' src='https:\/\/www.fftt.com\/observatoire\/wp-content\/plugins\/wti-like-post\/images\/pixel.gif' title='Je n&#039;aime pas' \/><span class='unlc-2714 unlc'>0<\/span><\/a><\/div> <\/div> <div class='status-2714 status align-right'><\/div><\/div><div class='wti-clear'><\/div><p>[et_pb_section fb_built=\u00a0\u00bb1&Prime; _builder_version=\u00a0\u00bb4.27.4&Prime; _module_preset=\u00a0\u00bbdefault\u00a0\u00bb global_colors_info=\u00a0\u00bb{}\u00a0\u00bb theme_builder_area=\u00a0\u00bbpost_content\u00a0\u00bb][et_pb_row column_structure=\u00a0\u00bb2_3,1_3&Prime; _builder_version=\u00a0\u00bb4.27.4&Prime; _module_preset=\u00a0\u00bbdefault\u00a0\u00bb global_colors_info=\u00a0\u00bb{}\u00a0\u00bb theme_builder_area=\u00a0\u00bbpost_content\u00a0\u00bb][et_pb_column type=\u00a0\u00bb2_3&Prime; _builder_version=\u00a0\u00bb4.27.4&Prime; _module_preset=\u00a0\u00bbdefault\u00a0\u00bb global_colors_info=\u00a0\u00bb{}\u00a0\u00bb theme_builder_area=\u00a0\u00bbpost_content\u00a0\u00bb][et_pb_text _builder_version=\u00a0\u00bb4.27.4&Prime; _module_preset=\u00a0\u00bbdefault\u00a0\u00bb global_colors_info=\u00a0\u00bb{}\u00a0\u00bb theme_builder_area=\u00a0\u00bbpost_content\u00a0\u00bb]<\/p>\n<p>Nom de la structure : ENTENTE SPORTIVE DE VITRY<\/p>\n<p>Personne responsable : LOTH<\/p>\n<p>T\u00e9l\u00e9phone : 06 70 42 97 75<\/p>\n<p>Mail : narbesvtt@gmail.com<\/p>\n<p>Titre de l\u2019action : Participation aux F\u00eates de la ville de Vitry sur Seine<\/p>\n<p>&nbsp;<\/p>\n<p>Objectifs recherch\u00e9s\u00a0:<\/p>\n<p>Promouvoir et d\u00e9velopper la pratique du Tennis de Table pour le plus grand nombre et de tous \u00e2ges<br \/>Partager un savoir-vivre ensemble dans le respect de soi et des autres pour un plaisir commun.<\/p>\n<p>Descriptif\u00a0:<\/p>\n<p>Apr\u00e8s accueil du public, mise en situation de jeu, relance, ateliers \u00e9ducatifs en relation avec le Tennis de Table, distribution d&rsquo;un flyer d\u00e9crivant notre section et d&rsquo;un bon pour une \u00ab\u00a0S\u00e9ances de d\u00e9couverte\u00a0\u00bb.<\/p>\n<p>R\u00e9sultats obtenus\u00a0:<\/p>\n<p>Adh\u00e9sion d&rsquo;un nombre significatif d&rsquo;enfants, augmentation des effectifs.<\/p>\n<p>&nbsp;<\/p>\n<p><strong><u><a href=\"https:\/\/www.fftt.com\/observatoire\/wp-content\/uploads\/2025\/03\/ES-Vitry-Animation-Fete-de-la-ville.pdf\" target=\"_blank\" rel=\"noopener\" title=\"F\u00eates de la ville\">Lien pour t\u00e9l\u00e9charger la fiche<\/a> <\/u><\/strong><\/p>\n<p>[\/et_pb_text][\/et_pb_column][et_pb_column type=\u00a0\u00bb1_3&Prime; _builder_version=\u00a0\u00bb4.27.4&Prime; _module_preset=\u00a0\u00bbdefault\u00a0\u00bb global_colors_info=\u00a0\u00bb{}\u00a0\u00bb theme_builder_area=\u00a0\u00bbpost_content\u00a0\u00bb][et_pb_image src=\u00a0\u00bbhttps:\/\/www.fftt.com\/observatoire\/wp-content\/uploads\/2025\/03\/ES-Vitry-Animation-Fete-de-la-ville-1.png\u00a0\u00bb title_text=\u00a0\u00bbES Vitry &#8211; Animation F\u00eate de la ville-1&Prime; url=\u00a0\u00bbhttps:\/\/www.fftt.com\/observatoire\/wp-content\/uploads\/2025\/03\/ES-Vitry-Animation-Fete-de-la-ville.pdf\u00a0\u00bb _builder_version=\u00a0\u00bb4.27.4&Prime; _module_preset=\u00a0\u00bbdefault\u00a0\u00bb global_colors_info=\u00a0\u00bb{}\u00a0\u00bb theme_builder_area=\u00a0\u00bbpost_content\u00a0\u00bb][\/et_pb_image][\/et_pb_column][\/et_pb_row][\/et_pb_section]<\/p>\n","protected":false},"excerpt":{"rendered":"<p>Nom de la structure : ENTENTE SPORTIVE DE VITRY Personne responsable : LOTH T\u00e9l\u00e9phone : 06 70 42 97 75 Mail : narbesvtt@gmail.com Titre de l\u2019action : Participation aux F\u00eates de la ville de Vitry sur Seine &nbsp; Objectifs recherch\u00e9s\u00a0: Promouvoir et d\u00e9velopper la pratique du Tennis de Table pour le plus grand nombre et [&hellip;]<\/p>\n","protected":false},"author":6,"featured_media":0,"comment_status":"closed","ping_status":"closed","sticky":false,"template":"","format":"standard","meta":{"_et_pb_use_builder":"on","_et_pb_old_content":"","_et_gb_content_width":"","footnotes":""},"categories":[180],"tags":[143],"post_folder":[],"class_list":["post-2714","post","type-post","status-publish","format-standard","hentry","category-ping-actif","tag-promotion"],"_links":{"self":[{"href":"https:\/\/www.fftt.com\/observatoire\/wp-json\/wp\/v2\/posts\/2714","targetHints":{"allow":["GET"]}}],"collection":[{"href":"https:\/\/www.fftt.com\/observatoire\/wp-json\/wp\/v2\/posts"}],"about":[{"href":"https:\/\/www.fftt.com\/observatoire\/wp-json\/wp\/v2\/types\/post"}],"author":[{"embeddable":true,"href":"https:\/\/www.fftt.com\/observatoire\/wp-json\/wp\/v2\/users\/6"}],"replies":[{"embeddable":true,"href":"https:\/\/www.fftt.com\/observatoire\/wp-json\/wp\/v2\/comments?post=2714"}],"version-history":[{"count":5,"href":"https:\/\/www.fftt.com\/observatoire\/wp-json\/wp\/v2\/posts\/2714\/revisions"}],"predecessor-version":[{"id":2720,"href":"https:\/\/www.fftt.com\/observatoire\/wp-json\/wp\/v2\/posts\/2714\/revisions\/2720"}],"wp:attachment":[{"href":"https:\/\/www.fftt.com\/observatoire\/wp-json\/wp\/v2\/media?parent=2714"}],"wp:term":[{"taxonomy":"category","embeddable":true,"href":"https:\/\/www.fftt.com\/observatoire\/wp-json\/wp\/v2\/categories?post=2714"},{"taxonomy":"post_tag","embeddable":true,"href":"https:\/\/www.fftt.com\/observatoire\/wp-json\/wp\/v2\/tags?post=2714"},{"taxonomy":"post_folder","embeddable":true,"href":"https:\/\/www.fftt.com\/observatoire\/wp-json\/wp\/v2\/post_folder?post=2714"}],"curies":[{"name":"wp","href":"https:\/\/api.w.org\/{rel}","templated":true}]}}