{"id":2723,"date":"2025-03-31T08:54:50","date_gmt":"2025-03-31T06:54:50","guid":{"rendered":"https:\/\/www.fftt.com\/observatoire\/?p=2723"},"modified":"2025-03-31T08:54:55","modified_gmt":"2025-03-31T06:54:55","slug":"fr-les-ageux-porte-ouverte","status":"publish","type":"post","link":"https:\/\/www.fftt.com\/observatoire\/fr-les-ageux-porte-ouverte\/","title":{"rendered":"FR Les Ageux &#8211; Porte ouverte"},"content":{"rendered":"<div class='watch-action'><div class='watch-position align-right'><div class='action-like'><a class='lbg-style1 like-2723 jlk' href='javascript:void(0)' data-task='like' data-post_id='2723' data-nonce='0a220ac3fb' rel='nofollow'><img class='wti-pixel' src='https:\/\/www.fftt.com\/observatoire\/wp-content\/plugins\/wti-like-post\/images\/pixel.gif' title='J&#039;aime' \/><span class='lc-2723 lc'>0<\/span><\/a><\/div><div class='action-unlike'><a class='unlbg-style1 unlike-2723 jlk' href='javascript:void(0)' data-task='unlike' data-post_id='2723' data-nonce='0a220ac3fb' rel='nofollow'><img class='wti-pixel' src='https:\/\/www.fftt.com\/observatoire\/wp-content\/plugins\/wti-like-post\/images\/pixel.gif' title='Je n&#039;aime pas' \/><span class='unlc-2723 unlc'>0<\/span><\/a><\/div> <\/div> <div class='status-2723 status align-right'><\/div><\/div><div class='wti-clear'><\/div><p>[et_pb_section fb_built=\u00a0\u00bb1&Prime; _builder_version=\u00a0\u00bb4.27.4&Prime; _module_preset=\u00a0\u00bbdefault\u00a0\u00bb global_colors_info=\u00a0\u00bb{}\u00a0\u00bb theme_builder_area=\u00a0\u00bbpost_content\u00a0\u00bb][et_pb_row column_structure=\u00a0\u00bb2_3,1_3&Prime; _builder_version=\u00a0\u00bb4.27.4&Prime; _module_preset=\u00a0\u00bbdefault\u00a0\u00bb global_colors_info=\u00a0\u00bb{}\u00a0\u00bb theme_builder_area=\u00a0\u00bbpost_content\u00a0\u00bb][et_pb_column type=\u00a0\u00bb2_3&Prime; _builder_version=\u00a0\u00bb4.27.4&Prime; _module_preset=\u00a0\u00bbdefault\u00a0\u00bb global_colors_info=\u00a0\u00bb{}\u00a0\u00bb theme_builder_area=\u00a0\u00bbpost_content\u00a0\u00bb][et_pb_text _builder_version=\u00a0\u00bb4.27.4&Prime; _module_preset=\u00a0\u00bbdefault\u00a0\u00bb global_colors_info=\u00a0\u00bb{}\u00a0\u00bb theme_builder_area=\u00a0\u00bbpost_content\u00a0\u00bb]<\/p>\n<p>Nom de la structure : Fr Les Ageux<\/p>\n<p>Personne responsable : Hautemer<\/p>\n<p>T\u00e9l\u00e9phone : 0623544330<\/p>\n<p>Mail : t.hautemer@laposte.net<\/p>\n<p>Titre de l\u2019action : Porte Ouverte<\/p>\n<p>&nbsp;<\/p>\n<p>Objectifs recherch\u00e9s\u00a0:<\/p>\n<p>Promotion grand public<br \/>Comp\u00e9tition &#8211; loisir<br \/>Portes Ouvertes<br \/>Action sp\u00e9cifique ax\u00e9e sur le recrutement des jeunes afin de cr\u00e9er une ou plusieurs \u00e9quipe(s) jeune(s) dans le club<\/p>\n<p>Descriptif\u00a0:<\/p>\n<p>D\u00e9finition de la date avec le Foyer Rural<br \/>D\u00e9finition de l objectif.<br \/>Pr\u00e9paration de la communication de l&rsquo;\u00e9v\u00e9nement.<br \/>Mise en place et d\u00e9coration de la salle pour promouvoir le club (photos &#8211; historique)<br \/>Renseignements aux futurs licenci\u00e9s du club. (tarifs, cr\u00e9neaux,&#8230;)<\/p>\n<p>R\u00e9sultats obtenus\u00a0:<\/p>\n<p>Gain de licenci\u00e9 Jeune.<br \/>Cr\u00e9ation de deux \u00e9quipes jeune pour la saison.<\/p>\n<p>&nbsp;<\/p>\n<p><strong><u><a href=\"https:\/\/www.fftt.com\/observatoire\/wp-content\/uploads\/2025\/03\/FR-Les-Ageux-Portes-Ouvertes.pdf\" target=\"_blank\" rel=\"noopener\" title=\"Porte ouverte\">Lien pour t\u00e9l\u00e9charger la fiche<\/a> <\/u><\/strong><\/p>\n<p>[\/et_pb_text][\/et_pb_column][et_pb_column type=\u00a0\u00bb1_3&Prime; _builder_version=\u00a0\u00bb4.27.4&Prime; _module_preset=\u00a0\u00bbdefault\u00a0\u00bb global_colors_info=\u00a0\u00bb{}\u00a0\u00bb theme_builder_area=\u00a0\u00bbpost_content\u00a0\u00bb][et_pb_image src=\u00a0\u00bbhttps:\/\/www.fftt.com\/observatoire\/wp-content\/uploads\/2025\/03\/FR-Les-Ageux-Portes-Ouvertes-1.png\u00a0\u00bb title_text=\u00a0\u00bbFR Les Ageux &#8211; Portes Ouvertes-1&Prime; url=\u00a0\u00bbhttps:\/\/www.fftt.com\/observatoire\/wp-content\/uploads\/2025\/03\/FR-Les-Ageux-Portes-Ouvertes.pdf\u00a0\u00bb _builder_version=\u00a0\u00bb4.27.4&Prime; _module_preset=\u00a0\u00bbdefault\u00a0\u00bb global_colors_info=\u00a0\u00bb{}\u00a0\u00bb theme_builder_area=\u00a0\u00bbpost_content\u00a0\u00bb][\/et_pb_image][\/et_pb_column][\/et_pb_row][\/et_pb_section]<\/p>\n","protected":false},"excerpt":{"rendered":"<p>Nom de la structure : Fr Les Ageux Personne responsable : Hautemer T\u00e9l\u00e9phone : 0623544330 Mail : t.hautemer@laposte.net Titre de l\u2019action : Porte Ouverte &nbsp; Objectifs recherch\u00e9s\u00a0: Promotion grand publicComp\u00e9tition &#8211; loisirPortes OuvertesAction sp\u00e9cifique ax\u00e9e sur le recrutement des jeunes afin de cr\u00e9er une ou plusieurs \u00e9quipe(s) jeune(s) dans le club Descriptif\u00a0: D\u00e9finition de la [&hellip;]<\/p>\n","protected":false},"author":6,"featured_media":0,"comment_status":"closed","ping_status":"closed","sticky":false,"template":"","format":"standard","meta":{"_et_pb_use_builder":"on","_et_pb_old_content":"","_et_gb_content_width":"","footnotes":""},"categories":[180],"tags":[143],"post_folder":[],"class_list":["post-2723","post","type-post","status-publish","format-standard","hentry","category-ping-actif","tag-promotion"],"_links":{"self":[{"href":"https:\/\/www.fftt.com\/observatoire\/wp-json\/wp\/v2\/posts\/2723","targetHints":{"allow":["GET"]}}],"collection":[{"href":"https:\/\/www.fftt.com\/observatoire\/wp-json\/wp\/v2\/posts"}],"about":[{"href":"https:\/\/www.fftt.com\/observatoire\/wp-json\/wp\/v2\/types\/post"}],"author":[{"embeddable":true,"href":"https:\/\/www.fftt.com\/observatoire\/wp-json\/wp\/v2\/users\/6"}],"replies":[{"embeddable":true,"href":"https:\/\/www.fftt.com\/observatoire\/wp-json\/wp\/v2\/comments?post=2723"}],"version-history":[{"count":6,"href":"https:\/\/www.fftt.com\/observatoire\/wp-json\/wp\/v2\/posts\/2723\/revisions"}],"predecessor-version":[{"id":2730,"href":"https:\/\/www.fftt.com\/observatoire\/wp-json\/wp\/v2\/posts\/2723\/revisions\/2730"}],"wp:attachment":[{"href":"https:\/\/www.fftt.com\/observatoire\/wp-json\/wp\/v2\/media?parent=2723"}],"wp:term":[{"taxonomy":"category","embeddable":true,"href":"https:\/\/www.fftt.com\/observatoire\/wp-json\/wp\/v2\/categories?post=2723"},{"taxonomy":"post_tag","embeddable":true,"href":"https:\/\/www.fftt.com\/observatoire\/wp-json\/wp\/v2\/tags?post=2723"},{"taxonomy":"post_folder","embeddable":true,"href":"https:\/\/www.fftt.com\/observatoire\/wp-json\/wp\/v2\/post_folder?post=2723"}],"curies":[{"name":"wp","href":"https:\/\/api.w.org\/{rel}","templated":true}]}}