{"id":2755,"date":"2025-04-01T16:41:49","date_gmt":"2025-04-01T14:41:49","guid":{"rendered":"https:\/\/www.fftt.com\/observatoire\/?p=2755"},"modified":"2025-04-01T16:41:49","modified_gmt":"2025-04-01T14:41:49","slug":"as-avrille-encadrement-des-entrainements-et-accompagnements-jeunes","status":"publish","type":"post","link":"https:\/\/www.fftt.com\/observatoire\/as-avrille-encadrement-des-entrainements-et-accompagnements-jeunes\/","title":{"rendered":"AS Avrill\u00e9 &#8211; ENCADREMENT DES ENTRAINEMENTS ET ACCOMPAGNEMENTS JEUNES"},"content":{"rendered":"<div class='watch-action'><div class='watch-position align-right'><div class='action-like'><a class='lbg-style1 like-2755 jlk' href='javascript:void(0)' data-task='like' data-post_id='2755' data-nonce='0a220ac3fb' rel='nofollow'><img class='wti-pixel' src='https:\/\/www.fftt.com\/observatoire\/wp-content\/plugins\/wti-like-post\/images\/pixel.gif' title='J&#039;aime' \/><span class='lc-2755 lc'>0<\/span><\/a><\/div><div class='action-unlike'><a class='unlbg-style1 unlike-2755 jlk' href='javascript:void(0)' data-task='unlike' data-post_id='2755' data-nonce='0a220ac3fb' rel='nofollow'><img class='wti-pixel' src='https:\/\/www.fftt.com\/observatoire\/wp-content\/plugins\/wti-like-post\/images\/pixel.gif' title='Je n&#039;aime pas' \/><span class='unlc-2755 unlc'>0<\/span><\/a><\/div> <\/div> <div class='status-2755 status align-right'><\/div><\/div><div class='wti-clear'><\/div><p>[et_pb_section fb_built=\u00a0\u00bb1&Prime; _builder_version=\u00a0\u00bb4.23&Prime; _module_preset=\u00a0\u00bbdefault\u00a0\u00bb custom_margin=\u00a0\u00bb-98px|||||\u00a0\u00bb custom_padding=\u00a0\u00bb0px|||||\u00a0\u00bb global_colors_info=\u00a0\u00bb{}\u00a0\u00bb theme_builder_area=\u00a0\u00bbpost_content\u00a0\u00bb][et_pb_row column_structure=\u00a0\u00bb2_5,3_5&Prime; _builder_version=\u00a0\u00bb4.23&Prime; _module_preset=\u00a0\u00bbdefault\u00a0\u00bb min_height=\u00a0\u00bb877.8px\u00a0\u00bb custom_margin=\u00a0\u00bb219px|auto||auto||\u00a0\u00bb global_colors_info=\u00a0\u00bb{}\u00a0\u00bb theme_builder_area=\u00a0\u00bbpost_content\u00a0\u00bb][et_pb_column type=\u00a0\u00bb2_5&Prime; _builder_version=\u00a0\u00bb4.23&Prime; _module_preset=\u00a0\u00bbdefault\u00a0\u00bb global_colors_info=\u00a0\u00bb{}\u00a0\u00bb theme_builder_area=\u00a0\u00bbpost_content\u00a0\u00bb][et_pb_text _builder_version=\u00a0\u00bb4.27.4&Prime; _module_preset=\u00a0\u00bbdefault\u00a0\u00bb hover_enabled=\u00a0\u00bb0&Prime; global_colors_info=\u00a0\u00bb{}\u00a0\u00bb theme_builder_area=\u00a0\u00bbpost_content\u00a0\u00bb sticky_enabled=\u00a0\u00bb0&Prime;]<\/p>\n<p><strong>\u00c9crit par : GELLIOT C\u00e9dric<\/strong><\/p>\n<p><strong>Structure : AS Avrill\u00e9<\/strong><\/p>\n<p><strong>Publics cibles de l\u2019action :<\/strong><\/p>\n<ul>\n<li>Loisirs jeunes et\/ou adultes<\/li>\n<\/ul>\n<p><strong>Ressources humaines et mat\u00e9rielles<\/strong> :<\/p>\n<p>Encadrement des entra\u00eenements des jeunes (2 s\u00e9ances) par 3 b\u00e9n\u00e9voles du club dont 1 b\u00e9n\u00e9vole initiateur de club.<br \/>Accompagnement des jeunes lors des championnats des clubs jeunes, avec 1 adulte faisant de la comp\u00e9tition par \u00e9quipe de jeunes.<\/p>\n<p><strong>Description succincte de l\u2019action :<\/strong><\/p>\n<p>Comprenant :<br \/>&#8211; Encadrement des entra\u00eenements des jeunes (2 s\u00e9ances) par 3 b\u00e9n\u00e9voles du club dont 1 b\u00e9n\u00e9vole initiateur de club.<br \/>&#8211; Encadrement des entra\u00eenements adultes comp\u00e9tition par 2 b\u00e9n\u00e9voles dont 1 initiateur de club.<br \/>&#8211; Propositions aux licenci\u00e9s loisirs du club de tournois d&rsquo;\u00e9t\u00e9 avec accompagnement par des licenci\u00e9s \u00ab\u00a0comp\u00e9tition\u00a0\u00bb.<br \/>&#8211; Accompagnement des jeunes lors des championnats des clubs jeunes, avec 1 adulte faisant de la comp\u00e9tition par \u00e9quipe de jeunes.<\/p>\n<ul><\/ul>\n<p><strong>Niveau de difficult\u00e9 de r\u00e9alisation de l\u2019action\u00a0<\/strong>:<\/p>\n<ul>\n<li>Tr\u00e8s facile<\/li>\n<li><strong> <\/strong>Facile<\/li>\n<li><strong>Moyen<\/strong><\/li>\n<li>Difficile<\/li>\n<\/ul>\n<p><strong>Objectif global :<\/strong><\/p>\n<p>Propos\u00e9s \u00e0 tous les licenci\u00e9s adultes et jeunes des entra\u00eenements encadr\u00e9s.<br \/>Accompagner les jeunes lors des comp\u00e9titions par des adultes.<br \/>Propositions de tournois d&rsquo;\u00e9t\u00e9 ouverts \u00e0 tous et accompagnement pour les licenci\u00e9s loisirs.<\/p>\n<p><a href=\"https:\/\/www.fftt.com\/observatoire\/wp-content\/uploads\/2025\/04\/ASTT-Breal-Entrainement-et-accompagnement-jeunes.pdf\" target=\"_blank\" rel=\"noopener\" title=\"Fiche action\">Lien pour t\u00e9l\u00e9charger la note d&rsquo;actions<\/a><\/p>\n<p>&nbsp;<\/p>\n<p>[\/et_pb_text][\/et_pb_column][et_pb_column type=\u00a0\u00bb3_5&Prime; _builder_version=\u00a0\u00bb4.23&Prime; _module_preset=\u00a0\u00bbdefault\u00a0\u00bb global_colors_info=\u00a0\u00bb{}\u00a0\u00bb theme_builder_area=\u00a0\u00bbpost_content\u00a0\u00bb][et_pb_image src=\u00a0\u00bbhttps:\/\/www.fftt.com\/observatoire\/wp-content\/uploads\/2025\/04\/Capture-decran-2025-04-01-163946.png\u00a0\u00bb title_text=\u00a0\u00bbCapture d&rsquo;\u00e9cran 2025-04-01 163946&Prime; url=\u00a0\u00bbhttps:\/\/www.fftt.com\/observatoire\/wp-content\/uploads\/2025\/04\/ASTT-Breal-Entrainement-et-accompagnement-jeunes.pdf\u00a0\u00bb url_new_window=\u00a0\u00bbon\u00a0\u00bb _builder_version=\u00a0\u00bb4.27.4&Prime; _module_preset=\u00a0\u00bbdefault\u00a0\u00bb hover_enabled=\u00a0\u00bb0&Prime; global_colors_info=\u00a0\u00bb{}\u00a0\u00bb theme_builder_area=\u00a0\u00bbpost_content\u00a0\u00bb sticky_enabled=\u00a0\u00bb0&Prime;][\/et_pb_image][\/et_pb_column][\/et_pb_row][\/et_pb_section]<\/p>\n","protected":false},"excerpt":{"rendered":"<p>\u00c9crit par : GELLIOT C\u00e9dric Structure : AS Avrill\u00e9 Publics cibles de l\u2019action : Loisirs jeunes et\/ou adultes Ressources humaines et mat\u00e9rielles : Encadrement des entra\u00eenements des jeunes (2 s\u00e9ances) par 3 b\u00e9n\u00e9voles du club dont 1 b\u00e9n\u00e9vole initiateur de club.Accompagnement des jeunes lors des championnats des clubs jeunes, avec 1 adulte faisant de la [&hellip;]<\/p>\n","protected":false},"author":9,"featured_media":1122,"comment_status":"closed","ping_status":"closed","sticky":false,"template":"","format":"standard","meta":{"_et_pb_use_builder":"on","_et_pb_old_content":"[et_pb_section fb_built=\"1\" _builder_version=\"4.23\" _module_preset=\"default\" custom_margin=\"-98px|||||\" custom_padding=\"0px|||||\" global_colors_info=\"{}\" theme_builder_area=\"post_content\"][et_pb_row column_structure=\"2_5,3_5\" _builder_version=\"4.23\" _module_preset=\"default\" min_height=\"877.8px\" custom_margin=\"219px|auto||auto||\" global_colors_info=\"{}\" theme_builder_area=\"post_content\"][et_pb_column type=\"2_5\" _builder_version=\"4.23\" _module_preset=\"default\" global_colors_info=\"{}\" theme_builder_area=\"post_content\"][et_pb_text _builder_version=\"4.27.4\" _module_preset=\"default\" hover_enabled=\"0\" global_colors_info=\"{}\" theme_builder_area=\"post_content\" sticky_enabled=\"0\"]<p><strong>\u00c9crit par : Moreaux Sebastien<\/strong><\/p>\n<p><strong>Structure : AS Avrill\u00e9<\/strong><\/p>\n<p><strong>Publics cibles de l\u2019action :<\/strong><\/p>\n<ul>\n<li>Actions sp\u00e9cifiques f\u00e9minines ou mixit\u00e9<\/li>\n<\/ul>\n<p><strong>Ressources humaines et mat\u00e9rielles<\/strong> :<\/p>\n<p>R\u00e9servation du gymnase Delaune \u00e0 c\u00f4t\u00e9 de notre salle sp\u00e9cifique<br \/>Installation de 8 tables + s\u00e9parations<\/p>\n<p><strong>Description succincte de l\u2019action :<\/strong><\/p>\n<p>- Invitations aupr\u00e8s d'autres associations sportives, des \u00e9lus de la ville d'Avrill\u00e9, de la presse, du comit\u00e9 Maine &amp; Loire, de la ligue des Pays de la Loire, de la FFTT<br \/>- Invitation d'une guest star (Jia Nan Yuan) par le biais du pr\u00e9sident du club de Poitiers (h\u00e9las indisponible \u00e0 cette date)<br \/>- Organisation d'un moment convivial avec les joueuses autour d'un go\u00fbter pr\u00e9par\u00e9 par le club (boissons, fruits frais, brioches)<\/p>\n<ul><\/ul>\n<p><strong>Niveau de difficult\u00e9 de r\u00e9alisation de l\u2019action\u00a0<\/strong>:<\/p>\n<ul>\n<li>Tr\u00e8s facile<\/li>\n<li><strong> <\/strong>Facile<\/li>\n<li><strong>Moyen<\/strong><\/li>\n<li>Difficile<\/li>\n<\/ul>\n<p><strong>Objectif global :<\/strong><\/p>\n<p>- Promotion du Ping f\u00e9minin au sein de l'association<br \/>- Promotion de l'activit\u00e9 Tennis de table aupr\u00e8s des avrillais en organisant cette journ\u00e9e f\u00e9minine suivie d'une rencontre de nationale masculine.<\/p>\n<p><a href=\"https:\/\/www.fftt.com\/observatoire\/wp-content\/uploads\/2025\/03\/AS-Avrille-Organisation-tournoi-feminin-interdep.pdf\" target=\"_blank\" rel=\"noopener\" title=\"Fiche action\">Lien pour t\u00e9l\u00e9charger la note d'actions<\/a><\/p>\n<p>&nbsp;<\/p>[\/et_pb_text][\/et_pb_column][et_pb_column type=\"3_5\" _builder_version=\"4.23\" _module_preset=\"default\" global_colors_info=\"{}\" theme_builder_area=\"post_content\"][et_pb_image src=\"https:\/\/www.fftt.com\/observatoire\/wp-content\/uploads\/2025\/03\/Capture-decran-2025-03-25-165851.png\" title_text=\"Capture d'\u00e9cran 2025-03-25 165851\" url=\"https:\/\/www.fftt.com\/observatoire\/wp-content\/uploads\/2025\/03\/AS-Avrille-Organisation-tournoi-feminin-interdep.pdf\" url_new_window=\"on\" _builder_version=\"4.27.4\" _module_preset=\"default\" hover_enabled=\"0\" global_colors_info=\"{}\" theme_builder_area=\"post_content\" sticky_enabled=\"0\"][\/et_pb_image][\/et_pb_column][\/et_pb_row][\/et_pb_section]","_et_gb_content_width":"","footnotes":""},"categories":[180,187,179,190,194],"tags":[],"post_folder":[86,87],"class_list":["post-2755","post","type-post","status-publish","format-standard","has-post-thumbnail","hentry","category-ping-actif","category-ping-ado","category-ping-educatif","category-ping-loisirs-bien-etre","category-ping-solidaire"],"_links":{"self":[{"href":"https:\/\/www.fftt.com\/observatoire\/wp-json\/wp\/v2\/posts\/2755","targetHints":{"allow":["GET"]}}],"collection":[{"href":"https:\/\/www.fftt.com\/observatoire\/wp-json\/wp\/v2\/posts"}],"about":[{"href":"https:\/\/www.fftt.com\/observatoire\/wp-json\/wp\/v2\/types\/post"}],"author":[{"embeddable":true,"href":"https:\/\/www.fftt.com\/observatoire\/wp-json\/wp\/v2\/users\/9"}],"replies":[{"embeddable":true,"href":"https:\/\/www.fftt.com\/observatoire\/wp-json\/wp\/v2\/comments?post=2755"}],"version-history":[{"count":3,"href":"https:\/\/www.fftt.com\/observatoire\/wp-json\/wp\/v2\/posts\/2755\/revisions"}],"predecessor-version":[{"id":2759,"href":"https:\/\/www.fftt.com\/observatoire\/wp-json\/wp\/v2\/posts\/2755\/revisions\/2759"}],"wp:featuredmedia":[{"embeddable":true,"href":"https:\/\/www.fftt.com\/observatoire\/wp-json\/wp\/v2\/media\/1122"}],"wp:attachment":[{"href":"https:\/\/www.fftt.com\/observatoire\/wp-json\/wp\/v2\/media?parent=2755"}],"wp:term":[{"taxonomy":"category","embeddable":true,"href":"https:\/\/www.fftt.com\/observatoire\/wp-json\/wp\/v2\/categories?post=2755"},{"taxonomy":"post_tag","embeddable":true,"href":"https:\/\/www.fftt.com\/observatoire\/wp-json\/wp\/v2\/tags?post=2755"},{"taxonomy":"post_folder","embeddable":true,"href":"https:\/\/www.fftt.com\/observatoire\/wp-json\/wp\/v2\/post_folder?post=2755"}],"curies":[{"name":"wp","href":"https:\/\/api.w.org\/{rel}","templated":true}]}}