{"id":2769,"date":"2025-04-02T10:59:34","date_gmt":"2025-04-02T08:59:34","guid":{"rendered":"https:\/\/www.fftt.com\/observatoire\/?p=2769"},"modified":"2025-04-02T10:59:34","modified_gmt":"2025-04-02T08:59:34","slug":"astt-sarreguemines-site-web","status":"publish","type":"post","link":"https:\/\/www.fftt.com\/observatoire\/astt-sarreguemines-site-web\/","title":{"rendered":"ASTT sarreguemines &#8211; site web"},"content":{"rendered":"<div class='watch-action'><div class='watch-position align-right'><div class='action-like'><a class='lbg-style1 like-2769 jlk' href='javascript:void(0)' data-task='like' data-post_id='2769' data-nonce='0a220ac3fb' rel='nofollow'><img class='wti-pixel' src='https:\/\/www.fftt.com\/observatoire\/wp-content\/plugins\/wti-like-post\/images\/pixel.gif' title='J&#039;aime' \/><span class='lc-2769 lc'>0<\/span><\/a><\/div><div class='action-unlike'><a class='unlbg-style1 unlike-2769 jlk' href='javascript:void(0)' data-task='unlike' data-post_id='2769' data-nonce='0a220ac3fb' rel='nofollow'><img class='wti-pixel' src='https:\/\/www.fftt.com\/observatoire\/wp-content\/plugins\/wti-like-post\/images\/pixel.gif' title='Je n&#039;aime pas' \/><span class='unlc-2769 unlc'>0<\/span><\/a><\/div> <\/div> <div class='status-2769 status align-right'><\/div><\/div><div class='wti-clear'><\/div><p>[et_pb_section fb_built=\u00a0\u00bb1&Prime; _builder_version=\u00a0\u00bb4.23&Prime; _module_preset=\u00a0\u00bbdefault\u00a0\u00bb custom_margin=\u00a0\u00bb-98px|||||\u00a0\u00bb custom_padding=\u00a0\u00bb0px|||||\u00a0\u00bb global_colors_info=\u00a0\u00bb{}\u00a0\u00bb theme_builder_area=\u00a0\u00bbpost_content\u00a0\u00bb][et_pb_row column_structure=\u00a0\u00bb2_5,3_5&Prime; _builder_version=\u00a0\u00bb4.23&Prime; _module_preset=\u00a0\u00bbdefault\u00a0\u00bb min_height=\u00a0\u00bb877.8px\u00a0\u00bb custom_margin=\u00a0\u00bb219px|auto||auto||\u00a0\u00bb global_colors_info=\u00a0\u00bb{}\u00a0\u00bb theme_builder_area=\u00a0\u00bbpost_content\u00a0\u00bb][et_pb_column type=\u00a0\u00bb2_5&Prime; _builder_version=\u00a0\u00bb4.23&Prime; _module_preset=\u00a0\u00bbdefault\u00a0\u00bb global_colors_info=\u00a0\u00bb{}\u00a0\u00bb theme_builder_area=\u00a0\u00bbpost_content\u00a0\u00bb][et_pb_text _builder_version=\u00a0\u00bb4.27.4&Prime; _module_preset=\u00a0\u00bbdefault\u00a0\u00bb hover_enabled=\u00a0\u00bb0&Prime; global_colors_info=\u00a0\u00bb{}\u00a0\u00bb theme_builder_area=\u00a0\u00bbpost_content\u00a0\u00bb sticky_enabled=\u00a0\u00bb0&Prime;]<\/p>\n<p><strong>\u00c9crit par : David BERRY<\/strong><\/p>\n<p><strong>Structure : ASTT Sarreguemines<\/strong><\/p>\n<p><strong>Publics cibles de l\u2019action :\u00a0<\/strong><\/p>\n<ul>\n<li>promotion grand public<\/li>\n<\/ul>\n<p><strong>Ressources humaines et mat\u00e9rielles<\/strong> :<\/p>\n<p>Philippe-b\u00e9n\u00e9vole-r\u00e9alisation du site internet et de la cr\u00e9ation de la page facebook.<br \/>7 b\u00e9n\u00e9voles pour alimenter en contenu.<\/p>\n<p><strong>Description succincte de l\u2019action :<\/strong><\/p>\n<p>Profiter du savoir faire professionnel d&rsquo;un de nos membres (Philippe pour le nommer) pour mettre cette action en place \u00e0 moindre co\u00fbt.<br \/>Les \u00e9tapes de la conception qui ont \u00e9t\u00e9 les plus marquants sont:<br \/>&#8211; le choix de la charte graphique<br \/>&#8211; la cr\u00e9ation de notre logo<\/p>\n<ul><\/ul>\n<p><strong>Niveau de difficult\u00e9 de r\u00e9alisation de l\u2019action\u00a0<\/strong>:<\/p>\n<ul>\n<li><strong>Tr\u00e8s facile<\/strong><\/li>\n<li><strong> <\/strong>Facile<\/li>\n<li>Moyen<\/li>\n<li>Difficile<\/li>\n<\/ul>\n<p><strong>Objectif global :<\/strong><\/p>\n<p>Faciliter l&rsquo;acc\u00e8s aux informations essentielles pour nos membres mais \u00e9galement \u00e0 l&rsquo;ensemble de la plan\u00e8te pour les inciter \u00e0 venir jouer au tennis de table avec nous.<\/p>\n<p><a href=\"https:\/\/www.fftt.com\/observatoire\/wp-content\/uploads\/2025\/04\/ASTT-sarreguemines-site-web.pdf\" target=\"_blank\" rel=\"noopener\" title=\"Fiche action\">Lien pour t\u00e9l\u00e9charger la note d&rsquo;actions<\/a><\/p>\n<p>&nbsp;<\/p>\n<p>[\/et_pb_text][\/et_pb_column][et_pb_column type=\u00a0\u00bb3_5&Prime; _builder_version=\u00a0\u00bb4.23&Prime; _module_preset=\u00a0\u00bbdefault\u00a0\u00bb global_colors_info=\u00a0\u00bb{}\u00a0\u00bb theme_builder_area=\u00a0\u00bbpost_content\u00a0\u00bb][et_pb_image src=\u00a0\u00bbhttps:\/\/www.fftt.com\/observatoire\/wp-content\/uploads\/2025\/04\/Capture-decran-2025-04-02-104540.png\u00a0\u00bb title_text=\u00a0\u00bbCapture d&rsquo;\u00e9cran 2025-04-02 104540&Prime; url=\u00a0\u00bbhttps:\/\/www.fftt.com\/observatoire\/wp-content\/uploads\/2025\/04\/ASTT-sarreguemines-site-web.pdf\u00a0\u00bb url_new_window=\u00a0\u00bbon\u00a0\u00bb _builder_version=\u00a0\u00bb4.27.4&Prime; _module_preset=\u00a0\u00bbdefault\u00a0\u00bb hover_enabled=\u00a0\u00bb0&Prime; global_colors_info=\u00a0\u00bb{}\u00a0\u00bb theme_builder_area=\u00a0\u00bbpost_content\u00a0\u00bb sticky_enabled=\u00a0\u00bb0&Prime;][\/et_pb_image][\/et_pb_column][\/et_pb_row][\/et_pb_section]<\/p>\n","protected":false},"excerpt":{"rendered":"<p>\u00c9crit par : David BERRY Structure : ASTT Sarreguemines Publics cibles de l\u2019action :\u00a0 promotion grand public Ressources humaines et mat\u00e9rielles : Philippe-b\u00e9n\u00e9vole-r\u00e9alisation du site internet et de la cr\u00e9ation de la page facebook.7 b\u00e9n\u00e9voles pour alimenter en contenu. Description succincte de l\u2019action : Profiter du savoir faire professionnel d&rsquo;un de nos membres (Philippe pour [&hellip;]<\/p>\n","protected":false},"author":9,"featured_media":1122,"comment_status":"closed","ping_status":"closed","sticky":false,"template":"","format":"standard","meta":{"_et_pb_use_builder":"on","_et_pb_old_content":"[et_pb_section fb_built=\"1\" _builder_version=\"4.23\" _module_preset=\"default\" custom_margin=\"-98px|||||\" custom_padding=\"0px|||||\" global_colors_info=\"{}\" theme_builder_area=\"post_content\"][et_pb_row column_structure=\"2_5,3_5\" _builder_version=\"4.23\" _module_preset=\"default\" min_height=\"877.8px\" custom_margin=\"219px|auto||auto||\" global_colors_info=\"{}\" theme_builder_area=\"post_content\"][et_pb_column type=\"2_5\" _builder_version=\"4.23\" _module_preset=\"default\" global_colors_info=\"{}\" theme_builder_area=\"post_content\"][et_pb_text _builder_version=\"4.27.4\" _module_preset=\"default\" hover_enabled=\"0\" global_colors_info=\"{}\" theme_builder_area=\"post_content\" sticky_enabled=\"0\"]<p><strong>\u00c9crit par : GELLIOT C\u00e9dric<\/strong><\/p>\n<p><strong>Structure : AS Avrill\u00e9<\/strong><\/p>\n<p><strong>Publics cibles de l\u2019action :\u00a0<\/strong><\/p>\n<ul>\n<li>Loisirs jeunes et\/ou adultes<\/li>\n<\/ul>\n<p><strong>Ressources humaines et mat\u00e9rielles<\/strong> :<\/p>\n<p>Nombre de b\u00e9n\u00e9voles : 6 dont 1 initiateur de club<br \/>Nombre de tables : 12<br \/>Acquisition de nombreux lots pour l'ensemble des jeunes (coupes, m\u00e9dailles, bonbons, divers lots comme sacs de sort, sacs \u00e0 dos, portes cl\u00e9s, stylos,...).<\/p>\n<p><strong>Description succincte de l\u2019action :<\/strong><\/p>\n<p>Le tournoi a \u00e9t\u00e9 organis\u00e9 au sein de notre salle de tennis de table, avec mise en place de la salle 1h00 avant le commencement du tournoi, pr\u00e9paration et mise en place des r\u00e9compenses avant l'arriv\u00e9e des participants.<br \/>Tournoi sous forme de classement int\u00e9gral diviser en plusieurs tableaux par niveau pour que les jeunes jouent avec des joueurs de leur niveau, pas d'\u00e9limination pour que tous les jeunes jouent jusqu'\u00e0 la fin du tournoi.<\/p>\n<ul><\/ul>\n<p><strong>Niveau de difficult\u00e9 de r\u00e9alisation de l\u2019action\u00a0<\/strong>:<\/p>\n<ul>\n<li>Tr\u00e8s facile<\/li>\n<li><strong> <\/strong>Facile<\/li>\n<li><strong>Moyen<\/strong><\/li>\n<li>Difficile<\/li>\n<\/ul>\n<p><strong>Objectif global :<\/strong><\/p>\n<p>Tournoi gratuit - Rassembler l'ensemble des jeunes du club autour d'un tournoi et f\u00e9d\u00e9rer pour la saison prochaine - R\u00e9compenser l'ensemble des jeunes - Ouvrir et favoriser les jeunes non licenci\u00e9s \u00e0 venir participer pour favoriser le d\u00e9veloppement du nombre de jeunes prochaine - F\u00e9d\u00e9rer les parents et les inviter \u00e0 \u00e9changer avec les autres parents pour que le club soit un lieu social et d'\u00e9change a chaque entra\u00eenement.<\/p>\n<p><a href=\"https:\/\/www.fftt.com\/observatoire\/wp-content\/uploads\/2025\/04\/ASTT-Breal-Organisation-tournoi-jeunes-fin-saison.pdf\" target=\"_blank\" rel=\"noopener\" title=\"Fiche action\">Lien pour t\u00e9l\u00e9charger la note d'actions<\/a><\/p>\n<p>&nbsp;<\/p>[\/et_pb_text][\/et_pb_column][et_pb_column type=\"3_5\" _builder_version=\"4.23\" _module_preset=\"default\" global_colors_info=\"{}\" theme_builder_area=\"post_content\"][et_pb_image src=\"https:\/\/www.fftt.com\/observatoire\/wp-content\/uploads\/2025\/04\/Capture-decran-2025-04-02-093622.png\" title_text=\"Capture d'\u00e9cran 2025-04-02 093622\" url=\"https:\/\/www.fftt.com\/observatoire\/wp-content\/uploads\/2025\/04\/ASTT-Breal-Organisation-tournoi-jeunes-fin-saison.pdf\" url_new_window=\"on\" _builder_version=\"4.27.4\" _module_preset=\"default\" hover_enabled=\"0\" global_colors_info=\"{}\" theme_builder_area=\"post_content\" sticky_enabled=\"0\"][\/et_pb_image][\/et_pb_column][\/et_pb_row][\/et_pb_section]","_et_gb_content_width":"","footnotes":""},"categories":[1],"tags":[],"post_folder":[],"class_list":["post-2769","post","type-post","status-publish","format-standard","has-post-thumbnail","hentry","category-non-classe"],"_links":{"self":[{"href":"https:\/\/www.fftt.com\/observatoire\/wp-json\/wp\/v2\/posts\/2769","targetHints":{"allow":["GET"]}}],"collection":[{"href":"https:\/\/www.fftt.com\/observatoire\/wp-json\/wp\/v2\/posts"}],"about":[{"href":"https:\/\/www.fftt.com\/observatoire\/wp-json\/wp\/v2\/types\/post"}],"author":[{"embeddable":true,"href":"https:\/\/www.fftt.com\/observatoire\/wp-json\/wp\/v2\/users\/9"}],"replies":[{"embeddable":true,"href":"https:\/\/www.fftt.com\/observatoire\/wp-json\/wp\/v2\/comments?post=2769"}],"version-history":[{"count":3,"href":"https:\/\/www.fftt.com\/observatoire\/wp-json\/wp\/v2\/posts\/2769\/revisions"}],"predecessor-version":[{"id":2775,"href":"https:\/\/www.fftt.com\/observatoire\/wp-json\/wp\/v2\/posts\/2769\/revisions\/2775"}],"wp:featuredmedia":[{"embeddable":true,"href":"https:\/\/www.fftt.com\/observatoire\/wp-json\/wp\/v2\/media\/1122"}],"wp:attachment":[{"href":"https:\/\/www.fftt.com\/observatoire\/wp-json\/wp\/v2\/media?parent=2769"}],"wp:term":[{"taxonomy":"category","embeddable":true,"href":"https:\/\/www.fftt.com\/observatoire\/wp-json\/wp\/v2\/categories?post=2769"},{"taxonomy":"post_tag","embeddable":true,"href":"https:\/\/www.fftt.com\/observatoire\/wp-json\/wp\/v2\/tags?post=2769"},{"taxonomy":"post_folder","embeddable":true,"href":"https:\/\/www.fftt.com\/observatoire\/wp-json\/wp\/v2\/post_folder?post=2769"}],"curies":[{"name":"wp","href":"https:\/\/api.w.org\/{rel}","templated":true}]}}