{"id":2831,"date":"2025-04-03T06:44:47","date_gmt":"2025-04-03T04:44:47","guid":{"rendered":"https:\/\/www.fftt.com\/observatoire\/?p=2831"},"modified":"2025-04-03T06:44:47","modified_gmt":"2025-04-03T04:44:47","slug":"quimper-ctt-forum-associations","status":"publish","type":"post","link":"https:\/\/www.fftt.com\/observatoire\/quimper-ctt-forum-associations\/","title":{"rendered":"Quimper CTT &#8211; Forum associations"},"content":{"rendered":"<div class='watch-action'><div class='watch-position align-right'><div class='action-like'><a class='lbg-style1 like-2831 jlk' href='javascript:void(0)' data-task='like' data-post_id='2831' data-nonce='0a220ac3fb' rel='nofollow'><img class='wti-pixel' src='https:\/\/www.fftt.com\/observatoire\/wp-content\/plugins\/wti-like-post\/images\/pixel.gif' title='J&#039;aime' \/><span class='lc-2831 lc'>0<\/span><\/a><\/div><div class='action-unlike'><a class='unlbg-style1 unlike-2831 jlk' href='javascript:void(0)' data-task='unlike' data-post_id='2831' data-nonce='0a220ac3fb' rel='nofollow'><img class='wti-pixel' src='https:\/\/www.fftt.com\/observatoire\/wp-content\/plugins\/wti-like-post\/images\/pixel.gif' title='Je n&#039;aime pas' \/><span class='unlc-2831 unlc'>0<\/span><\/a><\/div> <\/div> <div class='status-2831 status align-right'><\/div><\/div><div class='wti-clear'><\/div><p>[et_pb_section fb_built=\u00a0\u00bb1&Prime; _builder_version=\u00a0\u00bb4.27.4&Prime; _module_preset=\u00a0\u00bbdefault\u00a0\u00bb global_colors_info=\u00a0\u00bb{}\u00a0\u00bb theme_builder_area=\u00a0\u00bbpost_content\u00a0\u00bb][et_pb_row column_structure=\u00a0\u00bb2_3,1_3&Prime; _builder_version=\u00a0\u00bb4.27.4&Prime; _module_preset=\u00a0\u00bbdefault\u00a0\u00bb global_colors_info=\u00a0\u00bb{}\u00a0\u00bb theme_builder_area=\u00a0\u00bbpost_content\u00a0\u00bb][et_pb_column type=\u00a0\u00bb2_3&Prime; _builder_version=\u00a0\u00bb4.27.4&Prime; _module_preset=\u00a0\u00bbdefault\u00a0\u00bb global_colors_info=\u00a0\u00bb{}\u00a0\u00bb theme_builder_area=\u00a0\u00bbpost_content\u00a0\u00bb][et_pb_text _builder_version=\u00a0\u00bb4.27.4&Prime; _module_preset=\u00a0\u00bbdefault\u00a0\u00bb hover_enabled=\u00a0\u00bb0&Prime; global_colors_info=\u00a0\u00bb{}\u00a0\u00bb theme_builder_area=\u00a0\u00bbpost_content\u00a0\u00bb sticky_enabled=\u00a0\u00bb0&Prime;]<\/p>\n<p>Nom de la structure : Quimper CTT<\/p>\n<p>Personne responsable : Jordaney Jean-Manuel<\/p>\n<p>T\u00e9l\u00e9phone : 0672228124<\/p>\n<p>Mail : conctactbis.qctt@gmail.com<\/p>\n<p>Titre de l\u2019action : Forums des associations<\/p>\n<p>&nbsp;<\/p>\n<p>Objectifs recherch\u00e9s\u00a0:<\/p>\n<p>Promotion du club.<br \/>Gain en visibilit\u00e9 locale.<br \/>Coh\u00e9sion des adh\u00e9rents.<\/p>\n<p>Descriptif\u00a0:<\/p>\n<p>Installation du stand la veille.<br \/>Pr\u00e9sence sur les stands de 9h 18h \u00e0 Quimper, de 9h \u00e0 13h \u00e0 Ergu\u00e9 Gab\u00e9ric.<br \/>Accueil du public. Renseignements, inscriptions.<\/p>\n<p>R\u00e9sultats obtenus\u00a0:<\/p>\n<p>Gain en visibilit\u00e9. Gain en licenci\u00e9s.<\/p>\n<p>&nbsp;<\/p>\n<p><strong><u><a href=\"https:\/\/www.fftt.com\/observatoire\/wp-content\/uploads\/2025\/04\/Quimper-CTT-forum-des-associations.pdf\" target=\"_blank\" rel=\"noopener\" title=\"Forum associaitons\">Lien pour t\u00e9l\u00e9charger la fiche<\/a> <\/u><\/strong><\/p>\n<p>[\/et_pb_text][\/et_pb_column][et_pb_column type=\u00a0\u00bb1_3&Prime; _builder_version=\u00a0\u00bb4.27.4&Prime; _module_preset=\u00a0\u00bbdefault\u00a0\u00bb global_colors_info=\u00a0\u00bb{}\u00a0\u00bb theme_builder_area=\u00a0\u00bbpost_content\u00a0\u00bb][et_pb_image src=\u00a0\u00bbhttps:\/\/www.fftt.com\/observatoire\/wp-content\/uploads\/2025\/04\/Quimper-CTT-forum-des-associations-1.png\u00a0\u00bb title_text=\u00a0\u00bbQuimper CTT &#8211; forum des associations-1&Prime; _builder_version=\u00a0\u00bb4.27.4&Prime; _module_preset=\u00a0\u00bbdefault\u00a0\u00bb hover_enabled=\u00a0\u00bb0&Prime; global_colors_info=\u00a0\u00bb{}\u00a0\u00bb theme_builder_area=\u00a0\u00bbpost_content\u00a0\u00bb url=\u00a0\u00bbhttps:\/\/www.fftt.com\/observatoire\/wp-content\/uploads\/2025\/04\/Quimper-CTT-forum-des-associations.pdf\u00a0\u00bb sticky_enabled=\u00a0\u00bb0&Prime;][\/et_pb_image][\/et_pb_column][\/et_pb_row][\/et_pb_section]<\/p>\n","protected":false},"excerpt":{"rendered":"<p>Nom de la structure : Quimper CTT Personne responsable : Jordaney Jean-Manuel T\u00e9l\u00e9phone : 0672228124 Mail : conctactbis.qctt@gmail.com Titre de l\u2019action : Forums des associations &nbsp; Objectifs recherch\u00e9s\u00a0: Promotion du club.Gain en visibilit\u00e9 locale.Coh\u00e9sion des adh\u00e9rents. Descriptif\u00a0: Installation du stand la veille.Pr\u00e9sence sur les stands de 9h 18h \u00e0 Quimper, de 9h \u00e0 13h \u00e0 [&hellip;]<\/p>\n","protected":false},"author":6,"featured_media":0,"comment_status":"closed","ping_status":"closed","sticky":false,"template":"","format":"standard","meta":{"_et_pb_use_builder":"on","_et_pb_old_content":"","_et_gb_content_width":"","footnotes":""},"categories":[180],"tags":[143],"post_folder":[],"class_list":["post-2831","post","type-post","status-publish","format-standard","hentry","category-ping-actif","tag-promotion"],"_links":{"self":[{"href":"https:\/\/www.fftt.com\/observatoire\/wp-json\/wp\/v2\/posts\/2831","targetHints":{"allow":["GET"]}}],"collection":[{"href":"https:\/\/www.fftt.com\/observatoire\/wp-json\/wp\/v2\/posts"}],"about":[{"href":"https:\/\/www.fftt.com\/observatoire\/wp-json\/wp\/v2\/types\/post"}],"author":[{"embeddable":true,"href":"https:\/\/www.fftt.com\/observatoire\/wp-json\/wp\/v2\/users\/6"}],"replies":[{"embeddable":true,"href":"https:\/\/www.fftt.com\/observatoire\/wp-json\/wp\/v2\/comments?post=2831"}],"version-history":[{"count":4,"href":"https:\/\/www.fftt.com\/observatoire\/wp-json\/wp\/v2\/posts\/2831\/revisions"}],"predecessor-version":[{"id":2836,"href":"https:\/\/www.fftt.com\/observatoire\/wp-json\/wp\/v2\/posts\/2831\/revisions\/2836"}],"wp:attachment":[{"href":"https:\/\/www.fftt.com\/observatoire\/wp-json\/wp\/v2\/media?parent=2831"}],"wp:term":[{"taxonomy":"category","embeddable":true,"href":"https:\/\/www.fftt.com\/observatoire\/wp-json\/wp\/v2\/categories?post=2831"},{"taxonomy":"post_tag","embeddable":true,"href":"https:\/\/www.fftt.com\/observatoire\/wp-json\/wp\/v2\/tags?post=2831"},{"taxonomy":"post_folder","embeddable":true,"href":"https:\/\/www.fftt.com\/observatoire\/wp-json\/wp\/v2\/post_folder?post=2831"}],"curies":[{"name":"wp","href":"https:\/\/api.w.org\/{rel}","templated":true}]}}