{"id":2839,"date":"2025-04-03T06:58:00","date_gmt":"2025-04-03T04:58:00","guid":{"rendered":"https:\/\/www.fftt.com\/observatoire\/?p=2839"},"modified":"2025-04-03T06:58:00","modified_gmt":"2025-04-03T04:58:00","slug":"tt-germinois-forum-associations","status":"publish","type":"post","link":"https:\/\/www.fftt.com\/observatoire\/tt-germinois-forum-associations\/","title":{"rendered":"TT Germinois &#8211; Forum associations"},"content":{"rendered":"<div class='watch-action'><div class='watch-position align-right'><div class='action-like'><a class='lbg-style1 like-2839 jlk' href='javascript:void(0)' data-task='like' data-post_id='2839' data-nonce='0a220ac3fb' rel='nofollow'><img class='wti-pixel' src='https:\/\/www.fftt.com\/observatoire\/wp-content\/plugins\/wti-like-post\/images\/pixel.gif' title='J&#039;aime' \/><span class='lc-2839 lc'>0<\/span><\/a><\/div><div class='action-unlike'><a class='unlbg-style1 unlike-2839 jlk' href='javascript:void(0)' data-task='unlike' data-post_id='2839' data-nonce='0a220ac3fb' rel='nofollow'><img class='wti-pixel' src='https:\/\/www.fftt.com\/observatoire\/wp-content\/plugins\/wti-like-post\/images\/pixel.gif' title='Je n&#039;aime pas' \/><span class='unlc-2839 unlc'>0<\/span><\/a><\/div> <\/div> <div class='status-2839 status align-right'><\/div><\/div><div class='wti-clear'><\/div><p>[et_pb_section fb_built=\u00a0\u00bb1&Prime; _builder_version=\u00a0\u00bb4.27.4&Prime; _module_preset=\u00a0\u00bbdefault\u00a0\u00bb global_colors_info=\u00a0\u00bb{}\u00a0\u00bb theme_builder_area=\u00a0\u00bbpost_content\u00a0\u00bb][et_pb_row column_structure=\u00a0\u00bb2_3,1_3&Prime; _builder_version=\u00a0\u00bb4.27.4&Prime; _module_preset=\u00a0\u00bbdefault\u00a0\u00bb global_colors_info=\u00a0\u00bb{}\u00a0\u00bb theme_builder_area=\u00a0\u00bbpost_content\u00a0\u00bb][et_pb_column type=\u00a0\u00bb2_3&Prime; _builder_version=\u00a0\u00bb4.27.4&Prime; _module_preset=\u00a0\u00bbdefault\u00a0\u00bb global_colors_info=\u00a0\u00bb{}\u00a0\u00bb theme_builder_area=\u00a0\u00bbpost_content\u00a0\u00bb][et_pb_text _builder_version=\u00a0\u00bb4.27.4&Prime; _module_preset=\u00a0\u00bbdefault\u00a0\u00bb hover_enabled=\u00a0\u00bb0&Prime; global_colors_info=\u00a0\u00bb{}\u00a0\u00bb theme_builder_area=\u00a0\u00bbpost_content\u00a0\u00bb sticky_enabled=\u00a0\u00bb0&Prime;]<\/p>\n<p>Nom de la structure : TT Germinois<\/p>\n<p>Personne responsable : Jean-Michel Brechard<\/p>\n<p>T\u00e9l\u00e9phone : 06.09.47.87.94<\/p>\n<p>Mail : jm.brechard@wanadoo.fr<\/p>\n<p>Titre de l\u2019action : Forum des associations<\/p>\n<p>&nbsp;<\/p>\n<p>Objectifs recherch\u00e9s\u00a0:<\/p>\n<p>Se faire connaitre aupr\u00e8s de nouveaux adh\u00e9rents potentiels.<\/p>\n<p>Descriptif\u00a0:<\/p>\n<p>Nous installons un stand comme les autres associations de la ville, et dans le gymnase quelques tables sont mont\u00e9es pour permettre \u00e0 chacun de venir essayer notre discipline. Quelques uns de nos adh\u00e9rents, de tous niveaux, viennent pour faire jouer, et donnent quelques conseils au passage (comment bien tenir sa raquette, la position du bras, des jambes&#8230;).<br \/>\u00c0 la fin de la journ\u00e9e, les b\u00e9n\u00e9voles rangent tout le mat\u00e9riel.<\/p>\n<p>R\u00e9sultats obtenus\u00a0:<\/p>\n<p>Chaque ann\u00e9e, nous recrutons quelques adh\u00e9rents suppl\u00e9mentaires, qui commencent en loisir puis certains passent \u00e0 la comp\u00e9tition au fil du temps.<\/p>\n<p>&nbsp;<\/p>\n<p><strong><u><a href=\"https:\/\/www.fftt.com\/observatoire\/wp-content\/uploads\/2025\/04\/TT-Germinois-Forum-des-assos.pdf\" target=\"_blank\" rel=\"noopener\" title=\"Forum associations\">Lien pour t\u00e9l\u00e9charger la fiche<\/a> <\/u><\/strong><\/p>\n<p>[\/et_pb_text][\/et_pb_column][et_pb_column type=\u00a0\u00bb1_3&Prime; _builder_version=\u00a0\u00bb4.27.4&Prime; _module_preset=\u00a0\u00bbdefault\u00a0\u00bb global_colors_info=\u00a0\u00bb{}\u00a0\u00bb theme_builder_area=\u00a0\u00bbpost_content\u00a0\u00bb][et_pb_image src=\u00a0\u00bbhttps:\/\/www.fftt.com\/observatoire\/wp-content\/uploads\/2025\/04\/TT-Germinois-Forum-des-assos-1.png\u00a0\u00bb title_text=\u00a0\u00bbTT Germinois &#8211; Forum des assos-1&Prime; _builder_version=\u00a0\u00bb4.27.4&Prime; _module_preset=\u00a0\u00bbdefault\u00a0\u00bb hover_enabled=\u00a0\u00bb0&Prime; global_colors_info=\u00a0\u00bb{}\u00a0\u00bb theme_builder_area=\u00a0\u00bbpost_content\u00a0\u00bb url=\u00a0\u00bbhttps:\/\/www.fftt.com\/observatoire\/wp-content\/uploads\/2025\/04\/TT-Germinois-Forum-des-assos.pdf\u00a0\u00bb sticky_enabled=\u00a0\u00bb0&Prime;][\/et_pb_image][\/et_pb_column][\/et_pb_row][\/et_pb_section]<\/p>\n","protected":false},"excerpt":{"rendered":"<p>Nom de la structure : TT Germinois Personne responsable : Jean-Michel Brechard T\u00e9l\u00e9phone : 06.09.47.87.94 Mail : jm.brechard@wanadoo.fr Titre de l\u2019action : Forum des associations &nbsp; Objectifs recherch\u00e9s\u00a0: Se faire connaitre aupr\u00e8s de nouveaux adh\u00e9rents potentiels. Descriptif\u00a0: Nous installons un stand comme les autres associations de la ville, et dans le gymnase quelques tables sont [&hellip;]<\/p>\n","protected":false},"author":6,"featured_media":0,"comment_status":"closed","ping_status":"closed","sticky":false,"template":"","format":"standard","meta":{"_et_pb_use_builder":"on","_et_pb_old_content":"","_et_gb_content_width":"","footnotes":""},"categories":[180],"tags":[143],"post_folder":[],"class_list":["post-2839","post","type-post","status-publish","format-standard","hentry","category-ping-actif","tag-promotion"],"_links":{"self":[{"href":"https:\/\/www.fftt.com\/observatoire\/wp-json\/wp\/v2\/posts\/2839","targetHints":{"allow":["GET"]}}],"collection":[{"href":"https:\/\/www.fftt.com\/observatoire\/wp-json\/wp\/v2\/posts"}],"about":[{"href":"https:\/\/www.fftt.com\/observatoire\/wp-json\/wp\/v2\/types\/post"}],"author":[{"embeddable":true,"href":"https:\/\/www.fftt.com\/observatoire\/wp-json\/wp\/v2\/users\/6"}],"replies":[{"embeddable":true,"href":"https:\/\/www.fftt.com\/observatoire\/wp-json\/wp\/v2\/comments?post=2839"}],"version-history":[{"count":6,"href":"https:\/\/www.fftt.com\/observatoire\/wp-json\/wp\/v2\/posts\/2839\/revisions"}],"predecessor-version":[{"id":2847,"href":"https:\/\/www.fftt.com\/observatoire\/wp-json\/wp\/v2\/posts\/2839\/revisions\/2847"}],"wp:attachment":[{"href":"https:\/\/www.fftt.com\/observatoire\/wp-json\/wp\/v2\/media?parent=2839"}],"wp:term":[{"taxonomy":"category","embeddable":true,"href":"https:\/\/www.fftt.com\/observatoire\/wp-json\/wp\/v2\/categories?post=2839"},{"taxonomy":"post_tag","embeddable":true,"href":"https:\/\/www.fftt.com\/observatoire\/wp-json\/wp\/v2\/tags?post=2839"},{"taxonomy":"post_folder","embeddable":true,"href":"https:\/\/www.fftt.com\/observatoire\/wp-json\/wp\/v2\/post_folder?post=2839"}],"curies":[{"name":"wp","href":"https:\/\/api.w.org\/{rel}","templated":true}]}}