{"id":2888,"date":"2025-04-04T08:18:10","date_gmt":"2025-04-04T06:18:10","guid":{"rendered":"https:\/\/www.fftt.com\/observatoire\/?p=2888"},"modified":"2025-04-04T08:18:10","modified_gmt":"2025-04-04T06:18:10","slug":"villeurbanne-tt-structuration-developpement","status":"publish","type":"post","link":"https:\/\/www.fftt.com\/observatoire\/villeurbanne-tt-structuration-developpement\/","title":{"rendered":"Villeurbanne TT &#8211; Structuration &#8211; d\u00e9veloppement"},"content":{"rendered":"<div class='watch-action'><div class='watch-position align-right'><div class='action-like'><a class='lbg-style1 like-2888 jlk' href='javascript:void(0)' data-task='like' data-post_id='2888' data-nonce='0a220ac3fb' rel='nofollow'><img class='wti-pixel' src='https:\/\/www.fftt.com\/observatoire\/wp-content\/plugins\/wti-like-post\/images\/pixel.gif' title='J&#039;aime' \/><span class='lc-2888 lc'>+1<\/span><\/a><\/div><div class='action-unlike'><a class='unlbg-style1 unlike-2888 jlk' href='javascript:void(0)' data-task='unlike' data-post_id='2888' data-nonce='0a220ac3fb' rel='nofollow'><img class='wti-pixel' src='https:\/\/www.fftt.com\/observatoire\/wp-content\/plugins\/wti-like-post\/images\/pixel.gif' title='Je n&#039;aime pas' \/><span class='unlc-2888 unlc'>0<\/span><\/a><\/div> <\/div> <div class='status-2888 status align-right'><\/div><\/div><div class='wti-clear'><\/div><p>[et_pb_section fb_built=\u00a0\u00bb1&Prime; _builder_version=\u00a0\u00bb4.27.4&Prime; _module_preset=\u00a0\u00bbdefault\u00a0\u00bb global_colors_info=\u00a0\u00bb{}\u00a0\u00bb theme_builder_area=\u00a0\u00bbpost_content\u00a0\u00bb][et_pb_row column_structure=\u00a0\u00bb2_3,1_3&Prime; _builder_version=\u00a0\u00bb4.27.4&Prime; _module_preset=\u00a0\u00bbdefault\u00a0\u00bb global_colors_info=\u00a0\u00bb{}\u00a0\u00bb theme_builder_area=\u00a0\u00bbpost_content\u00a0\u00bb][et_pb_column type=\u00a0\u00bb2_3&Prime; _builder_version=\u00a0\u00bb4.27.4&Prime; _module_preset=\u00a0\u00bbdefault\u00a0\u00bb global_colors_info=\u00a0\u00bb{}\u00a0\u00bb theme_builder_area=\u00a0\u00bbpost_content\u00a0\u00bb][et_pb_text _builder_version=\u00a0\u00bb4.27.4&Prime; _module_preset=\u00a0\u00bbdefault\u00a0\u00bb hover_enabled=\u00a0\u00bb0&Prime; global_colors_info=\u00a0\u00bb{}\u00a0\u00bb theme_builder_area=\u00a0\u00bbpost_content\u00a0\u00bb sticky_enabled=\u00a0\u00bb0&Prime;]<\/p>\n<p>Nom de la structure : Villeurbanne TT<\/p>\n<p>Personne responsable : Florian Herrou<\/p>\n<p>T\u00e9l\u00e9phone : 0680821827<\/p>\n<p>Mail : ttvilleurbanne@gmail.com<\/p>\n<p>Titre de l\u2019action : Projet Horizon Villeurbanne TT<\/p>\n<p>&nbsp;<\/p>\n<p>Objectifs recherch\u00e9s\u00a0:<\/p>\n<p>Transformer notre club en 7 points : (voir pdf pour plus de d\u00e9tails)<br \/>1) Plus de transparence aupr\u00e8s des adh\u00e9rents et adh\u00e9rentes.<br \/>2) Am\u00e9lioration des statuts, plus de pouvoir aux adh\u00e9rents et adh\u00e9rentes.<br \/>3) Les jeunes : Tournoi \u00ab\u00a0joue avec ton copain\u00a0\u00bb, animations internes, stages, \u00e9quipes jeunes<br \/>4) Inclusivit\u00e9 : Affiliation \u00e0 la FFH, mise en place d&rsquo;un projet sport sant\u00e9.<br \/>5) Convivialit\u00e9 : Events festifs, palmar\u00e8s, nomination d&rsquo;un responsable RSE<br \/>6) Comp\u00e9titivit\u00e9 : Plus de cr\u00e9neaux d&rsquo;entra\u00eenements, plus de comp\u00e9titeurs, comp\u00e9titrices. Prise en charge des frais li\u00e9s aux comp\u00e9titions. Prise en charge des formations AR, JA, AF et EF.<br \/>7) Visibilit\u00e9 : Partenariat JOOLA, WENJA, recherche de nouveaux m\u00e9c\u00e8nes, plus de communication sur les r\u00e9seaux.<\/p>\n<p>Descriptif\u00a0:<\/p>\n<p>Suite \u00e0 l&rsquo;\u00e9lection d&rsquo;un bureau majoritairement reconstitu\u00e9, vous avons d\u00e9cid\u00e9 de mettre le club dans une nouvelle dynamique, plus ax\u00e9e sur nos adh\u00e9rentes et adh\u00e9rents, et sur l&rsquo;inclusivit\u00e9.<br \/>Cela passe par la recherche de subventions, de labels, et la reconnaissance du club aupr\u00e8s des organismes publics.<\/p>\n<p>R\u00e9sultats obtenus\u00a0:<\/p>\n<p>Nous sommes pass\u00e9 de 156 licenci\u00e9s \u00e0 166.<br \/>La Mairie de Villeurbanne nous a accord\u00e9 une salle suppl\u00e9mentaire et des cr\u00e9neaux suppl\u00e9mentaires.<br \/>Obtention de la subvention Accueillir plus \/ Accueillir mieux de la FFTT.<br \/>Plus de mobilisation des adh\u00e9rents et adh\u00e9rentes.<br \/>Partenariat accru avec nos partenaires et obtention d&rsquo;une dotation JOOLA.<br \/>Satisfaction et forte implication des parents.<\/p>\n<p>&nbsp;<\/p>\n<p><strong><u><a href=\"https:\/\/www.fftt.com\/observatoire\/wp-content\/uploads\/2025\/04\/Villeurbanne-structuration-fonctionnement.pdf\" target=\"_blank\" rel=\"noopener\" title=\"Structuratiion\">Lien pour t\u00e9l\u00e9charger la fiche<\/a> <\/u><\/strong><\/p>\n<p>[\/et_pb_text][\/et_pb_column][et_pb_column type=\u00a0\u00bb1_3&Prime; _builder_version=\u00a0\u00bb4.27.4&Prime; _module_preset=\u00a0\u00bbdefault\u00a0\u00bb global_colors_info=\u00a0\u00bb{}\u00a0\u00bb theme_builder_area=\u00a0\u00bbpost_content\u00a0\u00bb][et_pb_image src=\u00a0\u00bbhttps:\/\/www.fftt.com\/observatoire\/wp-content\/uploads\/2025\/04\/Villeurbanne-structuration-fonctionnement-1.png\u00a0\u00bb title_text=\u00a0\u00bbVilleurbanne &#8211; structuration fonctionnement-1&Prime; _builder_version=\u00a0\u00bb4.27.4&Prime; _module_preset=\u00a0\u00bbdefault\u00a0\u00bb hover_enabled=\u00a0\u00bb0&Prime; global_colors_info=\u00a0\u00bb{}\u00a0\u00bb theme_builder_area=\u00a0\u00bbpost_content\u00a0\u00bb url=\u00a0\u00bbhttps:\/\/www.fftt.com\/observatoire\/wp-content\/uploads\/2025\/04\/Villeurbanne-structuration-fonctionnement.pdf\u00a0\u00bb sticky_enabled=\u00a0\u00bb0&Prime;][\/et_pb_image][\/et_pb_column][\/et_pb_row][\/et_pb_section]<\/p>\n","protected":false},"excerpt":{"rendered":"<p>Nom de la structure : Villeurbanne TT Personne responsable : Florian Herrou T\u00e9l\u00e9phone : 0680821827 Mail : ttvilleurbanne@gmail.com Titre de l\u2019action : Projet Horizon Villeurbanne TT &nbsp; Objectifs recherch\u00e9s\u00a0: Transformer notre club en 7 points : (voir pdf pour plus de d\u00e9tails)1) Plus de transparence aupr\u00e8s des adh\u00e9rents et adh\u00e9rentes.2) Am\u00e9lioration des statuts, plus de [&hellip;]<\/p>\n","protected":false},"author":6,"featured_media":0,"comment_status":"closed","ping_status":"closed","sticky":false,"template":"","format":"standard","meta":{"_et_pb_use_builder":"on","_et_pb_old_content":"","_et_gb_content_width":"","footnotes":""},"categories":[180],"tags":[233,232],"post_folder":[],"class_list":["post-2888","post","type-post","status-publish","format-standard","hentry","category-ping-actif","tag-developpement","tag-structuration"],"_links":{"self":[{"href":"https:\/\/www.fftt.com\/observatoire\/wp-json\/wp\/v2\/posts\/2888","targetHints":{"allow":["GET"]}}],"collection":[{"href":"https:\/\/www.fftt.com\/observatoire\/wp-json\/wp\/v2\/posts"}],"about":[{"href":"https:\/\/www.fftt.com\/observatoire\/wp-json\/wp\/v2\/types\/post"}],"author":[{"embeddable":true,"href":"https:\/\/www.fftt.com\/observatoire\/wp-json\/wp\/v2\/users\/6"}],"replies":[{"embeddable":true,"href":"https:\/\/www.fftt.com\/observatoire\/wp-json\/wp\/v2\/comments?post=2888"}],"version-history":[{"count":4,"href":"https:\/\/www.fftt.com\/observatoire\/wp-json\/wp\/v2\/posts\/2888\/revisions"}],"predecessor-version":[{"id":2893,"href":"https:\/\/www.fftt.com\/observatoire\/wp-json\/wp\/v2\/posts\/2888\/revisions\/2893"}],"wp:attachment":[{"href":"https:\/\/www.fftt.com\/observatoire\/wp-json\/wp\/v2\/media?parent=2888"}],"wp:term":[{"taxonomy":"category","embeddable":true,"href":"https:\/\/www.fftt.com\/observatoire\/wp-json\/wp\/v2\/categories?post=2888"},{"taxonomy":"post_tag","embeddable":true,"href":"https:\/\/www.fftt.com\/observatoire\/wp-json\/wp\/v2\/tags?post=2888"},{"taxonomy":"post_folder","embeddable":true,"href":"https:\/\/www.fftt.com\/observatoire\/wp-json\/wp\/v2\/post_folder?post=2888"}],"curies":[{"name":"wp","href":"https:\/\/api.w.org\/{rel}","templated":true}]}}