{"id":2941,"date":"2025-04-04T11:51:26","date_gmt":"2025-04-04T09:51:26","guid":{"rendered":"https:\/\/www.fftt.com\/observatoire\/?p=2941"},"modified":"2025-04-04T11:51:26","modified_gmt":"2025-04-04T09:51:26","slug":"ermont-plessis-bouchard-tt-tournoi-inter-entreprises","status":"publish","type":"post","link":"https:\/\/www.fftt.com\/observatoire\/ermont-plessis-bouchard-tt-tournoi-inter-entreprises\/","title":{"rendered":"Ermont Plessis Bouchard TT &#8211; Tournoi inter-entreprises"},"content":{"rendered":"<div class='watch-action'><div class='watch-position align-right'><div class='action-like'><a class='lbg-style1 like-2941 jlk' href='javascript:void(0)' data-task='like' data-post_id='2941' data-nonce='0a220ac3fb' rel='nofollow'><img class='wti-pixel' src='https:\/\/www.fftt.com\/observatoire\/wp-content\/plugins\/wti-like-post\/images\/pixel.gif' title='J&#039;aime' \/><span class='lc-2941 lc'>0<\/span><\/a><\/div><div class='action-unlike'><a class='unlbg-style1 unlike-2941 jlk' href='javascript:void(0)' data-task='unlike' data-post_id='2941' data-nonce='0a220ac3fb' rel='nofollow'><img class='wti-pixel' src='https:\/\/www.fftt.com\/observatoire\/wp-content\/plugins\/wti-like-post\/images\/pixel.gif' title='Je n&#039;aime pas' \/><span class='unlc-2941 unlc'>0<\/span><\/a><\/div> <\/div> <div class='status-2941 status align-right'><\/div><\/div><div class='wti-clear'><\/div><p>[et_pb_section fb_built=\u00a0\u00bb1&Prime; _builder_version=\u00a0\u00bb4.23&Prime; _module_preset=\u00a0\u00bbdefault\u00a0\u00bb custom_margin=\u00a0\u00bb-98px|||||\u00a0\u00bb custom_padding=\u00a0\u00bb0px|||||\u00a0\u00bb global_colors_info=\u00a0\u00bb{}\u00a0\u00bb theme_builder_area=\u00a0\u00bbpost_content\u00a0\u00bb][et_pb_row column_structure=\u00a0\u00bb2_5,3_5&Prime; _builder_version=\u00a0\u00bb4.23&Prime; _module_preset=\u00a0\u00bbdefault\u00a0\u00bb min_height=\u00a0\u00bb877.8px\u00a0\u00bb custom_margin=\u00a0\u00bb219px|auto||auto||\u00a0\u00bb global_colors_info=\u00a0\u00bb{}\u00a0\u00bb theme_builder_area=\u00a0\u00bbpost_content\u00a0\u00bb][et_pb_column type=\u00a0\u00bb2_5&Prime; _builder_version=\u00a0\u00bb4.23&Prime; _module_preset=\u00a0\u00bbdefault\u00a0\u00bb global_colors_info=\u00a0\u00bb{}\u00a0\u00bb theme_builder_area=\u00a0\u00bbpost_content\u00a0\u00bb][et_pb_text _builder_version=\u00a0\u00bb4.27.4&Prime; _module_preset=\u00a0\u00bbdefault\u00a0\u00bb hover_enabled=\u00a0\u00bb0&Prime; global_colors_info=\u00a0\u00bb{}\u00a0\u00bb theme_builder_area=\u00a0\u00bbpost_content\u00a0\u00bb sticky_enabled=\u00a0\u00bb0&Prime;]<\/p>\n<p><strong>\u00c9crit par : Mohamed Aboudrar<\/strong><\/p>\n<p><strong>Structure : Ermont Plessis Bouchard TT<\/strong><\/p>\n<p><strong>Publics cibles de l\u2019action :\u00a0<\/strong><\/p>\n<ul>\n<li>Animation d\u2019entreprise<\/li>\n<\/ul>\n<p><strong>Ressources humaines et mat\u00e9rielles<\/strong> :<\/p>\n<p>Pour accueillir 18 entreprises (36 participants), nous avons eu besoin de :<br \/>&#8211; 9 tables<br \/>&#8211; 9 marqueurs.<br \/>&#8211; Une \u00e9quipe de 15 b\u00e9n\u00e9voles (dont 9 arbitres).<\/p>\n<p><strong>Description succincte de l\u2019action :<\/strong><\/p>\n<p>Le tournoi inter-entreprises du club d\u00e9bute par l&rsquo;accueil des participants \u00e0 18h, suivi des matchs de poules jusqu&rsquo;\u00e0 20h30 puis des phases finales jusqu&rsquo;\u00e0 21h30.<br \/>La remise des r\u00e9compenses aux \u00e9quipes gagnantes a \u00e9t\u00e9 organis\u00e9e juste apr\u00e8s le discours des officiels suivie d\u2019un ap\u00e9ritif convivial pour clore la soir\u00e9e.<\/p>\n<ul><\/ul>\n<p><strong>Niveau de difficult\u00e9 de r\u00e9alisation de l\u2019action\u00a0<\/strong>:<\/p>\n<ul>\n<li>Tr\u00e8s facile<\/li>\n<li><strong> Facile<\/strong><\/li>\n<li>Moyen<\/li>\n<li>Difficile<\/li>\n<\/ul>\n<p><strong>Objectif global :<\/strong><\/p>\n<p>&#8211; Renforcer les liens locaux<br \/>&#8211; Promouvoir le tennis de table<br \/>&#8211; Encourager le bien-\u00eatre en entreprise<br \/>&#8211; Soutenir le club EPBTT<br \/>&#8211; Fid\u00e9liser les participants<br \/>&#8211; Collecter des fonds<br \/>&#8211; Mobiliser des b\u00e9n\u00e9voles<\/p>\n<p><a href=\"https:\/\/www.fftt.com\/observatoire\/wp-content\/uploads\/2025\/04\/Ermont-Plessis-Bouchard-TT-Tournoi-Interentreprises-2.pdf\">Lien pour t\u00e9l\u00e9charger la note d&rsquo;actions<\/a><\/p>\n<p><a href=\"https:\/\/www.fftt.com\/observatoire\/wp-content\/uploads\/2025\/04\/CPF-Aizenay-Entretien-et-suivi-jeunes-competiteurs.pdf\">\u00a0<\/a><\/p>\n<p>[\/et_pb_text][\/et_pb_column][et_pb_column type=\u00a0\u00bb3_5&Prime; _builder_version=\u00a0\u00bb4.23&Prime; _module_preset=\u00a0\u00bbdefault\u00a0\u00bb global_colors_info=\u00a0\u00bb{}\u00a0\u00bb theme_builder_area=\u00a0\u00bbpost_content\u00a0\u00bb][et_pb_image src=\u00a0\u00bbhttps:\/\/www.fftt.com\/observatoire\/wp-content\/uploads\/2025\/04\/Capture-decran-2025-04-04-114920.png\u00a0\u00bb title_text=\u00a0\u00bbCapture d&rsquo;\u00e9cran 2025-04-04 114920&Prime; url=\u00a0\u00bbhttps:\/\/www.fftt.com\/observatoire\/wp-content\/uploads\/2025\/04\/Ermont-Plessis-Bouchard-TT-Tournoi-Interentreprises-2.pdf\u00a0\u00bb url_new_window=\u00a0\u00bbon\u00a0\u00bb _builder_version=\u00a0\u00bb4.27.4&Prime; _module_preset=\u00a0\u00bbdefault\u00a0\u00bb hover_enabled=\u00a0\u00bb0&Prime; global_colors_info=\u00a0\u00bb{}\u00a0\u00bb theme_builder_area=\u00a0\u00bbpost_content\u00a0\u00bb sticky_enabled=\u00a0\u00bb0&Prime;][\/et_pb_image][\/et_pb_column][\/et_pb_row][\/et_pb_section]<\/p>\n","protected":false},"excerpt":{"rendered":"<p>\u00c9crit par : Mohamed Aboudrar Structure : Ermont Plessis Bouchard TT Publics cibles de l\u2019action :\u00a0 Animation d\u2019entreprise Ressources humaines et mat\u00e9rielles : Pour accueillir 18 entreprises (36 participants), nous avons eu besoin de :- 9 tables- 9 marqueurs.- Une \u00e9quipe de 15 b\u00e9n\u00e9voles (dont 9 arbitres). Description succincte de l\u2019action : Le tournoi inter-entreprises [&hellip;]<\/p>\n","protected":false},"author":9,"featured_media":1122,"comment_status":"closed","ping_status":"closed","sticky":false,"template":"","format":"standard","meta":{"_et_pb_use_builder":"on","_et_pb_old_content":"[et_pb_section fb_built=\"1\" _builder_version=\"4.23\" _module_preset=\"default\" custom_margin=\"-98px|||||\" custom_padding=\"0px|||||\" global_colors_info=\"{}\" theme_builder_area=\"post_content\"][et_pb_row column_structure=\"2_5,3_5\" _builder_version=\"4.23\" _module_preset=\"default\" min_height=\"877.8px\" custom_margin=\"219px|auto||auto||\" global_colors_info=\"{}\" theme_builder_area=\"post_content\"][et_pb_column type=\"2_5\" _builder_version=\"4.23\" _module_preset=\"default\" global_colors_info=\"{}\" theme_builder_area=\"post_content\"][et_pb_text _builder_version=\"4.27.4\" _module_preset=\"default\" hover_enabled=\"0\" global_colors_info=\"{}\" theme_builder_area=\"post_content\" sticky_enabled=\"0\"]<p><strong>\u00c9crit par : LECLERC St\u00e9phane<\/strong><\/p>\n<p><strong>Structure : ENTENTE GOUVILLE-COUTAINVILLE TT<\/strong><\/p>\n<p><strong>Publics cibles de l\u2019action :\u00a0<\/strong><\/p>\n<ul>\n<li>Forum association<\/li>\n<\/ul>\n<p><strong>Ressources humaines et mat\u00e9rielles<\/strong> :<\/p>\n<p>6 b\u00e9n\u00e9voles et le salari\u00e9 se relaient sur les forums des 2 communes qui se d\u00e9roulent le m\u00eame jour.<\/p>\n<p><strong>Description succincte de l\u2019action :<\/strong><\/p>\n<p>Pr\u00e9paration de panneaux d'affichage et des documents de communication (flyers) et d'adh\u00e9sion au club en amont des forums (pendant l'\u00e9t\u00e9).<br \/>Participation aux forums des associations des communes de Gouville sur mer et d'Agon-Coutainville.<\/p>\n<ul><\/ul>\n<p><strong>Niveau de difficult\u00e9 de r\u00e9alisation de l\u2019action\u00a0<\/strong>:<\/p>\n<ul>\n<li>Tr\u00e8s facile<\/li>\n<li><strong> Facile<\/strong><\/li>\n<li>Moyen<\/li>\n<li>Difficile<\/li>\n<\/ul>\n<p><strong>Objectif global :<\/strong><\/p>\n<p>Participation aux forums des associations des communes de Gouville sur mer et d'Agon-Coutainville : action associative pour faire connaitre les activit\u00e9s propos\u00e9es par notre structure et recruter des nouveaux adh\u00e9rents dans les diff\u00e9rentes cat\u00e9gories d'\u00e2ge et de pratique.<\/p>\n<p><a href=\"https:\/\/www.fftt.com\/observatoire\/wp-content\/uploads\/2025\/04\/Entente-Gouville-Coutainville-TT-forums-assos.pdf\">Lien pour t\u00e9l\u00e9charger la note d'actions<\/a><\/p>\n<p><a href=\"https:\/\/www.fftt.com\/observatoire\/wp-content\/uploads\/2025\/04\/CPF-Aizenay-Entretien-et-suivi-jeunes-competiteurs.pdf\">\u00a0<\/a><\/p>[\/et_pb_text][\/et_pb_column][et_pb_column type=\"3_5\" _builder_version=\"4.23\" _module_preset=\"default\" global_colors_info=\"{}\" theme_builder_area=\"post_content\"][et_pb_image src=\"https:\/\/www.fftt.com\/observatoire\/wp-content\/uploads\/2025\/04\/Capture-decran-2025-04-04-113535.png\" title_text=\"Capture d'\u00e9cran 2025-04-04 113535\" url=\"https:\/\/www.fftt.com\/observatoire\/wp-content\/uploads\/2025\/04\/Entente-Gouville-Coutainville-TT-forums-assos.pdf\" url_new_window=\"on\" _builder_version=\"4.27.4\" _module_preset=\"default\" hover_enabled=\"0\" global_colors_info=\"{}\" theme_builder_area=\"post_content\" sticky_enabled=\"0\"][\/et_pb_image][\/et_pb_column][\/et_pb_row][\/et_pb_section]","_et_gb_content_width":"","footnotes":""},"categories":[180,189],"tags":[],"post_folder":[87],"class_list":["post-2941","post","type-post","status-publish","format-standard","has-post-thumbnail","hentry","category-ping-actif","category-ping-entreprise"],"_links":{"self":[{"href":"https:\/\/www.fftt.com\/observatoire\/wp-json\/wp\/v2\/posts\/2941","targetHints":{"allow":["GET"]}}],"collection":[{"href":"https:\/\/www.fftt.com\/observatoire\/wp-json\/wp\/v2\/posts"}],"about":[{"href":"https:\/\/www.fftt.com\/observatoire\/wp-json\/wp\/v2\/types\/post"}],"author":[{"embeddable":true,"href":"https:\/\/www.fftt.com\/observatoire\/wp-json\/wp\/v2\/users\/9"}],"replies":[{"embeddable":true,"href":"https:\/\/www.fftt.com\/observatoire\/wp-json\/wp\/v2\/comments?post=2941"}],"version-history":[{"count":3,"href":"https:\/\/www.fftt.com\/observatoire\/wp-json\/wp\/v2\/posts\/2941\/revisions"}],"predecessor-version":[{"id":2947,"href":"https:\/\/www.fftt.com\/observatoire\/wp-json\/wp\/v2\/posts\/2941\/revisions\/2947"}],"wp:featuredmedia":[{"embeddable":true,"href":"https:\/\/www.fftt.com\/observatoire\/wp-json\/wp\/v2\/media\/1122"}],"wp:attachment":[{"href":"https:\/\/www.fftt.com\/observatoire\/wp-json\/wp\/v2\/media?parent=2941"}],"wp:term":[{"taxonomy":"category","embeddable":true,"href":"https:\/\/www.fftt.com\/observatoire\/wp-json\/wp\/v2\/categories?post=2941"},{"taxonomy":"post_tag","embeddable":true,"href":"https:\/\/www.fftt.com\/observatoire\/wp-json\/wp\/v2\/tags?post=2941"},{"taxonomy":"post_folder","embeddable":true,"href":"https:\/\/www.fftt.com\/observatoire\/wp-json\/wp\/v2\/post_folder?post=2941"}],"curies":[{"name":"wp","href":"https:\/\/api.w.org\/{rel}","templated":true}]}}