{"id":2996,"date":"2025-04-07T09:19:00","date_gmt":"2025-04-07T07:19:00","guid":{"rendered":"https:\/\/www.fftt.com\/observatoire\/?p=2996"},"modified":"2025-04-07T09:19:00","modified_gmt":"2025-04-07T07:19:00","slug":"tt-germinois-coupe-mixte","status":"publish","type":"post","link":"https:\/\/www.fftt.com\/observatoire\/tt-germinois-coupe-mixte\/","title":{"rendered":"TT Germinois &#8211; Coupe mixte"},"content":{"rendered":"<div class='watch-action'><div class='watch-position align-right'><div class='action-like'><a class='lbg-style1 like-2996 jlk' href='javascript:void(0)' data-task='like' data-post_id='2996' data-nonce='0a220ac3fb' rel='nofollow'><img class='wti-pixel' src='https:\/\/www.fftt.com\/observatoire\/wp-content\/plugins\/wti-like-post\/images\/pixel.gif' title='J&#039;aime' \/><span class='lc-2996 lc'>0<\/span><\/a><\/div><div class='action-unlike'><a class='unlbg-style1 unlike-2996 jlk' href='javascript:void(0)' data-task='unlike' data-post_id='2996' data-nonce='0a220ac3fb' rel='nofollow'><img class='wti-pixel' src='https:\/\/www.fftt.com\/observatoire\/wp-content\/plugins\/wti-like-post\/images\/pixel.gif' title='Je n&#039;aime pas' \/><span class='unlc-2996 unlc'>0<\/span><\/a><\/div> <\/div> <div class='status-2996 status align-right'><\/div><\/div><div class='wti-clear'><\/div><p>[et_pb_section fb_built=\u00a0\u00bb1&Prime; _builder_version=\u00a0\u00bb4.27.4&Prime; _module_preset=\u00a0\u00bbdefault\u00a0\u00bb global_colors_info=\u00a0\u00bb{}\u00a0\u00bb theme_builder_area=\u00a0\u00bbpost_content\u00a0\u00bb][et_pb_row column_structure=\u00a0\u00bb2_3,1_3&Prime; _builder_version=\u00a0\u00bb4.27.4&Prime; _module_preset=\u00a0\u00bbdefault\u00a0\u00bb global_colors_info=\u00a0\u00bb{}\u00a0\u00bb theme_builder_area=\u00a0\u00bbpost_content\u00a0\u00bb][et_pb_column type=\u00a0\u00bb2_3&Prime; _builder_version=\u00a0\u00bb4.27.4&Prime; _module_preset=\u00a0\u00bbdefault\u00a0\u00bb global_colors_info=\u00a0\u00bb{}\u00a0\u00bb theme_builder_area=\u00a0\u00bbpost_content\u00a0\u00bb][et_pb_text _builder_version=\u00a0\u00bb4.27.4&Prime; _module_preset=\u00a0\u00bbdefault\u00a0\u00bb hover_enabled=\u00a0\u00bb0&Prime; global_colors_info=\u00a0\u00bb{}\u00a0\u00bb theme_builder_area=\u00a0\u00bbpost_content\u00a0\u00bb sticky_enabled=\u00a0\u00bb0&Prime;]<\/p>\n<p>Nom de la structure : TT Germinois<\/p>\n<p>Personne responsable : Jean-Michel Brechard<\/p>\n<p>T\u00e9l\u00e9phone : 06.09.47.87.94<\/p>\n<p>Mail : jm.brechard@wanadoo.fr<\/p>\n<p>Titre de l\u2019action : Coupe mixte<\/p>\n<p>&nbsp;<\/p>\n<p>Objectifs recherch\u00e9s :<\/p>\n<p>L&rsquo;objectif de cette manifestation est de conqu\u00e9rir de nouvelles adh\u00e9rentes et d&rsquo;amener les f\u00e9minines \u00e0 la pratique de comp\u00e9tition.<\/p>\n<p>Descriptif\u00a0:<\/p>\n<p>Comme pour chaque manifestation, il faut installer les aires de jeu, pr\u00e9parer la buvette, recevoir les joueurs, les accompagnateurs et les autorit\u00e9s qui se d\u00e9placent.<br \/>Les b\u00e9n\u00e9voles aident au bon d\u00e9roulement de la comp\u00e9tition, et rangent la salle \u00e0 la fin de la soir\u00e9e une fois la comp\u00e9tition termin\u00e9e.<br \/>Le temps fort, c&rsquo;est la comp\u00e9tition en elle-m\u00eame.<\/p>\n<p>R\u00e9sultats obtenus\u00a0:<\/p>\n<p>Cette action est b\u00e9n\u00e9fique pour l&rsquo;ensemble des clubs.<\/p>\n<p>&nbsp;<\/p>\n<p><strong><u><a href=\"https:\/\/www.fftt.com\/observatoire\/wp-content\/uploads\/2025\/04\/TT-Germinois-Coupe-mixte-1.pdf\" target=\"_blank\" rel=\"noopener\" title=\"Coupe mixte\">Lien pour t\u00e9l\u00e9charger la fiche<\/a> <\/u><\/strong><\/p>\n<p>[\/et_pb_text][\/et_pb_column][et_pb_column type=\u00a0\u00bb1_3&Prime; _builder_version=\u00a0\u00bb4.27.4&Prime; _module_preset=\u00a0\u00bbdefault\u00a0\u00bb global_colors_info=\u00a0\u00bb{}\u00a0\u00bb theme_builder_area=\u00a0\u00bbpost_content\u00a0\u00bb][et_pb_image src=\u00a0\u00bbhttps:\/\/www.fftt.com\/observatoire\/wp-content\/uploads\/2025\/04\/TT-Germinois-Coupe-mixte-1.png\u00a0\u00bb title_text=\u00a0\u00bbTT Germinois &#8211; Coupe mixte-1&Prime; _builder_version=\u00a0\u00bb4.27.4&Prime; _module_preset=\u00a0\u00bbdefault\u00a0\u00bb hover_enabled=\u00a0\u00bb0&Prime; global_colors_info=\u00a0\u00bb{}\u00a0\u00bb theme_builder_area=\u00a0\u00bbpost_content\u00a0\u00bb url=\u00a0\u00bbhttps:\/\/www.fftt.com\/observatoire\/wp-content\/uploads\/2025\/04\/TT-Germinois-Coupe-mixte-1.pdf\u00a0\u00bb sticky_enabled=\u00a0\u00bb0&Prime;][\/et_pb_image][\/et_pb_column][\/et_pb_row][\/et_pb_section]<\/p>\n","protected":false},"excerpt":{"rendered":"<p>Nom de la structure : TT Germinois Personne responsable : Jean-Michel Brechard T\u00e9l\u00e9phone : 06.09.47.87.94 Mail : jm.brechard@wanadoo.fr Titre de l\u2019action : Coupe mixte &nbsp; Objectifs recherch\u00e9s : L&rsquo;objectif de cette manifestation est de conqu\u00e9rir de nouvelles adh\u00e9rentes et d&rsquo;amener les f\u00e9minines \u00e0 la pratique de comp\u00e9tition. Descriptif\u00a0: Comme pour chaque manifestation, il faut installer [&hellip;]<\/p>\n","protected":false},"author":6,"featured_media":0,"comment_status":"closed","ping_status":"closed","sticky":false,"template":"","format":"standard","meta":{"_et_pb_use_builder":"on","_et_pb_old_content":"","_et_gb_content_width":"","footnotes":""},"categories":[200,182],"tags":[158],"post_folder":[],"class_list":["post-2996","post","type-post","status-publish","format-standard","hentry","category-coupes-et-tournoi","category-ping-competitif","tag-mixite"],"_links":{"self":[{"href":"https:\/\/www.fftt.com\/observatoire\/wp-json\/wp\/v2\/posts\/2996","targetHints":{"allow":["GET"]}}],"collection":[{"href":"https:\/\/www.fftt.com\/observatoire\/wp-json\/wp\/v2\/posts"}],"about":[{"href":"https:\/\/www.fftt.com\/observatoire\/wp-json\/wp\/v2\/types\/post"}],"author":[{"embeddable":true,"href":"https:\/\/www.fftt.com\/observatoire\/wp-json\/wp\/v2\/users\/6"}],"replies":[{"embeddable":true,"href":"https:\/\/www.fftt.com\/observatoire\/wp-json\/wp\/v2\/comments?post=2996"}],"version-history":[{"count":5,"href":"https:\/\/www.fftt.com\/observatoire\/wp-json\/wp\/v2\/posts\/2996\/revisions"}],"predecessor-version":[{"id":3002,"href":"https:\/\/www.fftt.com\/observatoire\/wp-json\/wp\/v2\/posts\/2996\/revisions\/3002"}],"wp:attachment":[{"href":"https:\/\/www.fftt.com\/observatoire\/wp-json\/wp\/v2\/media?parent=2996"}],"wp:term":[{"taxonomy":"category","embeddable":true,"href":"https:\/\/www.fftt.com\/observatoire\/wp-json\/wp\/v2\/categories?post=2996"},{"taxonomy":"post_tag","embeddable":true,"href":"https:\/\/www.fftt.com\/observatoire\/wp-json\/wp\/v2\/tags?post=2996"},{"taxonomy":"post_folder","embeddable":true,"href":"https:\/\/www.fftt.com\/observatoire\/wp-json\/wp\/v2\/post_folder?post=2996"}],"curies":[{"name":"wp","href":"https:\/\/api.w.org\/{rel}","templated":true}]}}