{"id":3005,"date":"2025-04-07T11:18:58","date_gmt":"2025-04-07T09:18:58","guid":{"rendered":"https:\/\/www.fftt.com\/observatoire\/?p=3005"},"modified":"2025-04-07T11:18:58","modified_gmt":"2025-04-07T09:18:58","slug":"tt-germinois-soiree-raclette","status":"publish","type":"post","link":"https:\/\/www.fftt.com\/observatoire\/tt-germinois-soiree-raclette\/","title":{"rendered":"TT Germinois &#8211; soir\u00e9e raclette"},"content":{"rendered":"<div class='watch-action'><div class='watch-position align-right'><div class='action-like'><a class='lbg-style1 like-3005 jlk' href='javascript:void(0)' data-task='like' data-post_id='3005' data-nonce='0a220ac3fb' rel='nofollow'><img class='wti-pixel' src='https:\/\/www.fftt.com\/observatoire\/wp-content\/plugins\/wti-like-post\/images\/pixel.gif' title='J&#039;aime' \/><span class='lc-3005 lc'>0<\/span><\/a><\/div><div class='action-unlike'><a class='unlbg-style1 unlike-3005 jlk' href='javascript:void(0)' data-task='unlike' data-post_id='3005' data-nonce='0a220ac3fb' rel='nofollow'><img class='wti-pixel' src='https:\/\/www.fftt.com\/observatoire\/wp-content\/plugins\/wti-like-post\/images\/pixel.gif' title='Je n&#039;aime pas' \/><span class='unlc-3005 unlc'>0<\/span><\/a><\/div> <\/div> <div class='status-3005 status align-right'><\/div><\/div><div class='wti-clear'><\/div><p>[et_pb_section fb_built=\u00a0\u00bb1&Prime; _builder_version=\u00a0\u00bb4.27.4&Prime; _module_preset=\u00a0\u00bbdefault\u00a0\u00bb global_colors_info=\u00a0\u00bb{}\u00a0\u00bb theme_builder_area=\u00a0\u00bbpost_content\u00a0\u00bb][et_pb_row column_structure=\u00a0\u00bb2_3,1_3&Prime; _builder_version=\u00a0\u00bb4.27.4&Prime; _module_preset=\u00a0\u00bbdefault\u00a0\u00bb global_colors_info=\u00a0\u00bb{}\u00a0\u00bb theme_builder_area=\u00a0\u00bbpost_content\u00a0\u00bb][et_pb_column type=\u00a0\u00bb2_3&Prime; _builder_version=\u00a0\u00bb4.27.4&Prime; _module_preset=\u00a0\u00bbdefault\u00a0\u00bb global_colors_info=\u00a0\u00bb{}\u00a0\u00bb theme_builder_area=\u00a0\u00bbpost_content\u00a0\u00bb][et_pb_text _builder_version=\u00a0\u00bb4.27.4&Prime; _module_preset=\u00a0\u00bbdefault\u00a0\u00bb hover_enabled=\u00a0\u00bb0&Prime; global_colors_info=\u00a0\u00bb{}\u00a0\u00bb theme_builder_area=\u00a0\u00bbpost_content\u00a0\u00bb sticky_enabled=\u00a0\u00bb0&Prime;]<\/p>\n<p>Nom de la structure : TT Germinois<\/p>\n<p>Personne responsable : Jean-Michel Brechard<\/p>\n<p>T\u00e9l\u00e9phone : 06.09.47.87.94<\/p>\n<p>Mail : jm.brechard@wanadoo.fr<\/p>\n<p>Titre de l\u2019action : Soir\u00e9e raclette<\/p>\n<p>&nbsp;<\/p>\n<p>Objectifs recherch\u00e9s\u00a0:<\/p>\n<p>L&rsquo;objectif de cette soir\u00e9e est avant tout la coh\u00e9sion entre les diff\u00e9rents publics qui constituent notre association (jeunes, moins jeunes, comp\u00e9titeurs, loisirs&#8230;), et d&rsquo;y inclure leur famille.<\/p>\n<p>Descriptif\u00a0:<\/p>\n<p>En amont de la manifestation, l&rsquo;invitation et les relances sont envoy\u00e9es avec une date butoir pour les r\u00e9ponses, afin de pouvoir pr\u00e9voir les denr\u00e9es en cons\u00e9quences ; ensuite, il faut faire les courses et pr\u00e9parer la salle.<br \/>Le temps fort est \u00e9videmment l&rsquo;ap\u00e9ritif et le repas en lui-m\u00eame o\u00f9 les \u00e9changes sont divers et nombreux.<br \/>Pour finir, il faut ranger et nettoyer.<\/p>\n<p>R\u00e9sultats obtenus\u00a0:<\/p>\n<p>Les r\u00e9sultats obtenus sont satisfaisants. En effet, le nombre de participants cro\u00eet chaque ann\u00e9e ; les liens entre les diff\u00e9rents publics se tissent.<br \/>Force est de constater que la coh\u00e9sion grandit chaque ann\u00e9e, car nous sommes de plus en plus nombreux \u00e0 effectuer les t\u00e2ches ingrates de fin de repas (rangement et nettoyage) ; en effet, quasiment tout le monde apporte son aide.<br \/>On observe \u00e9galement un autre ph\u00e9nom\u00e8ne les week-ends de championnat : les adh\u00e9rents et leur famille, se d\u00e9placent de plus en plus nombreux \u00e0 chaque match \u00e0 domicile pour encourager les \u00e9quipes.<\/p>\n<p>&nbsp;<\/p>\n<p><strong><u><a href=\"https:\/\/www.fftt.com\/observatoire\/wp-content\/uploads\/2025\/04\/TT-Germinois-Soiree-raclette.pdf\" target=\"_blank\" rel=\"noopener\" title=\"Soir\u00e9e raclette\">Lien pour t\u00e9l\u00e9charger la fiche<\/a> <\/u><\/strong><\/p>\n<p>[\/et_pb_text][\/et_pb_column][et_pb_column type=\u00a0\u00bb1_3&Prime; _builder_version=\u00a0\u00bb4.27.4&Prime; _module_preset=\u00a0\u00bbdefault\u00a0\u00bb global_colors_info=\u00a0\u00bb{}\u00a0\u00bb theme_builder_area=\u00a0\u00bbpost_content\u00a0\u00bb][et_pb_image src=\u00a0\u00bbhttps:\/\/www.fftt.com\/observatoire\/wp-content\/uploads\/2025\/04\/TT-Germinois-Soiree-raclette-1.png\u00a0\u00bb title_text=\u00a0\u00bbTT Germinois &#8211; Soir\u00e9e raclette-1&Prime; _builder_version=\u00a0\u00bb4.27.4&Prime; _module_preset=\u00a0\u00bbdefault\u00a0\u00bb hover_enabled=\u00a0\u00bb0&Prime; global_colors_info=\u00a0\u00bb{}\u00a0\u00bb theme_builder_area=\u00a0\u00bbpost_content\u00a0\u00bb url=\u00a0\u00bbhttps:\/\/www.fftt.com\/observatoire\/wp-content\/uploads\/2025\/04\/TT-Germinois-Soiree-raclette.pdf\u00a0\u00bb sticky_enabled=\u00a0\u00bb0&Prime;][\/et_pb_image][\/et_pb_column][\/et_pb_row][\/et_pb_section]<\/p>\n","protected":false},"excerpt":{"rendered":"<p>Nom de la structure : TT Germinois Personne responsable : Jean-Michel Brechard T\u00e9l\u00e9phone : 06.09.47.87.94 Mail : jm.brechard@wanadoo.fr Titre de l\u2019action : Soir\u00e9e raclette &nbsp; Objectifs recherch\u00e9s\u00a0: L&rsquo;objectif de cette soir\u00e9e est avant tout la coh\u00e9sion entre les diff\u00e9rents publics qui constituent notre association (jeunes, moins jeunes, comp\u00e9titeurs, loisirs&#8230;), et d&rsquo;y inclure leur famille. Descriptif\u00a0: [&hellip;]<\/p>\n","protected":false},"author":6,"featured_media":0,"comment_status":"closed","ping_status":"closed","sticky":false,"template":"","format":"standard","meta":{"_et_pb_use_builder":"on","_et_pb_old_content":"","_et_gb_content_width":"","footnotes":""},"categories":[180,181],"tags":[246],"post_folder":[],"class_list":["post-3005","post","type-post","status-publish","format-standard","hentry","category-ping-actif","category-ping-inclusif","tag-cohesion-associative"],"_links":{"self":[{"href":"https:\/\/www.fftt.com\/observatoire\/wp-json\/wp\/v2\/posts\/3005","targetHints":{"allow":["GET"]}}],"collection":[{"href":"https:\/\/www.fftt.com\/observatoire\/wp-json\/wp\/v2\/posts"}],"about":[{"href":"https:\/\/www.fftt.com\/observatoire\/wp-json\/wp\/v2\/types\/post"}],"author":[{"embeddable":true,"href":"https:\/\/www.fftt.com\/observatoire\/wp-json\/wp\/v2\/users\/6"}],"replies":[{"embeddable":true,"href":"https:\/\/www.fftt.com\/observatoire\/wp-json\/wp\/v2\/comments?post=3005"}],"version-history":[{"count":4,"href":"https:\/\/www.fftt.com\/observatoire\/wp-json\/wp\/v2\/posts\/3005\/revisions"}],"predecessor-version":[{"id":3011,"href":"https:\/\/www.fftt.com\/observatoire\/wp-json\/wp\/v2\/posts\/3005\/revisions\/3011"}],"wp:attachment":[{"href":"https:\/\/www.fftt.com\/observatoire\/wp-json\/wp\/v2\/media?parent=3005"}],"wp:term":[{"taxonomy":"category","embeddable":true,"href":"https:\/\/www.fftt.com\/observatoire\/wp-json\/wp\/v2\/categories?post=3005"},{"taxonomy":"post_tag","embeddable":true,"href":"https:\/\/www.fftt.com\/observatoire\/wp-json\/wp\/v2\/tags?post=3005"},{"taxonomy":"post_folder","embeddable":true,"href":"https:\/\/www.fftt.com\/observatoire\/wp-json\/wp\/v2\/post_folder?post=3005"}],"curies":[{"name":"wp","href":"https:\/\/api.w.org\/{rel}","templated":true}]}}