{"id":3043,"date":"2025-04-07T15:16:15","date_gmt":"2025-04-07T13:16:15","guid":{"rendered":"https:\/\/www.fftt.com\/observatoire\/?p=3043"},"modified":"2025-04-07T15:16:15","modified_gmt":"2025-04-07T13:16:15","slug":"as-de-vitry-organisation-de-stages-feminins","status":"publish","type":"post","link":"https:\/\/www.fftt.com\/observatoire\/as-de-vitry-organisation-de-stages-feminins\/","title":{"rendered":"AS DE Vitry &#8211; Organisation de stages f\u00e9minins"},"content":{"rendered":"<div class='watch-action'><div class='watch-position align-right'><div class='action-like'><a class='lbg-style1 like-3043 jlk' href='javascript:void(0)' data-task='like' data-post_id='3043' data-nonce='0a220ac3fb' rel='nofollow'><img class='wti-pixel' src='https:\/\/www.fftt.com\/observatoire\/wp-content\/plugins\/wti-like-post\/images\/pixel.gif' title='J&#039;aime' \/><span class='lc-3043 lc'>0<\/span><\/a><\/div><div class='action-unlike'><a class='unlbg-style1 unlike-3043 jlk' href='javascript:void(0)' data-task='unlike' data-post_id='3043' data-nonce='0a220ac3fb' rel='nofollow'><img class='wti-pixel' src='https:\/\/www.fftt.com\/observatoire\/wp-content\/plugins\/wti-like-post\/images\/pixel.gif' title='Je n&#039;aime pas' \/><span class='unlc-3043 unlc'>0<\/span><\/a><\/div> <\/div> <div class='status-3043 status align-right'><\/div><\/div><div class='wti-clear'><\/div><p>[et_pb_section fb_built=\u00a0\u00bb1&Prime; _builder_version=\u00a0\u00bb4.23&Prime; _module_preset=\u00a0\u00bbdefault\u00a0\u00bb custom_margin=\u00a0\u00bb-98px|||||\u00a0\u00bb custom_padding=\u00a0\u00bb0px|||||\u00a0\u00bb global_colors_info=\u00a0\u00bb{}\u00a0\u00bb theme_builder_area=\u00a0\u00bbpost_content\u00a0\u00bb][et_pb_row column_structure=\u00a0\u00bb2_5,3_5&Prime; _builder_version=\u00a0\u00bb4.23&Prime; _module_preset=\u00a0\u00bbdefault\u00a0\u00bb min_height=\u00a0\u00bb877.8px\u00a0\u00bb custom_margin=\u00a0\u00bb219px|auto||auto||\u00a0\u00bb global_colors_info=\u00a0\u00bb{}\u00a0\u00bb theme_builder_area=\u00a0\u00bbpost_content\u00a0\u00bb][et_pb_column type=\u00a0\u00bb2_5&Prime; _builder_version=\u00a0\u00bb4.23&Prime; _module_preset=\u00a0\u00bbdefault\u00a0\u00bb global_colors_info=\u00a0\u00bb{}\u00a0\u00bb theme_builder_area=\u00a0\u00bbpost_content\u00a0\u00bb][et_pb_text _builder_version=\u00a0\u00bb4.27.4&Prime; _module_preset=\u00a0\u00bbdefault\u00a0\u00bb hover_enabled=\u00a0\u00bb0&Prime; global_colors_info=\u00a0\u00bb{}\u00a0\u00bb theme_builder_area=\u00a0\u00bbpost_content\u00a0\u00bb sticky_enabled=\u00a0\u00bb0&Prime;]<\/p>\n<p><strong>\u00c9crit par : LOTH<\/strong><\/p>\n<p><strong>Structure : ENTENTE SPORTIVE DE VITRY<\/strong><\/p>\n<p><strong>Publics cibles de l\u2019action :\u00a0<\/strong><\/p>\n<ul>\n<li>Actions sp\u00e9cifiques f\u00e9minines ou mixit\u00e9<\/li>\n<\/ul>\n<p><strong>Ressources humaines et mat\u00e9rielles<\/strong> :<\/p>\n<p>1 salle avec des tables et 1 \u00e9ducateur le week-end<\/p>\n<p><strong>Description succincte de l\u2019action :<\/strong><\/p>\n<p>&#8211; D\u00e9finir une date en collaboration avec les f\u00e9minines et l&rsquo;animateur.<br \/>&#8211; R\u00e9servation aupr\u00e8s de la municipalit\u00e9 d&rsquo;une salle avec le mat\u00e9riel (tables, s\u00e9parations, etc.).<br \/>&#8211; Organiser la communication.<br \/>&#8211; R\u00e9alisation de l&rsquo;entrainement avec photos et vid\u00e9os.<br \/>&#8211; Moment de convivialit\u00e9 de fin de s\u00e9ance.<br \/>&#8211; Briefing de retour par les participantes.<br \/>&#8211; D\u00e9termination d&rsquo;un prochain rendez-vous sportif.<\/p>\n<ul><\/ul>\n<p><strong>Niveau de difficult\u00e9 de r\u00e9alisation de l\u2019action\u00a0<\/strong>:<\/p>\n<ul>\n<li>Tr\u00e8s facile<\/li>\n<li><strong> Facile<\/strong><\/li>\n<li>Moyen<\/li>\n<li>Difficile<\/li>\n<\/ul>\n<p><strong>Objectif global :<\/strong><\/p>\n<p>Attirer plus de f\u00e9minines dans la pratique du sport et les int\u00e9grer dans les responsabilit\u00e9s du club.<\/p>\n<p><a href=\"https:\/\/www.fftt.com\/observatoire\/wp-content\/uploads\/2025\/04\/Entente-sportive-de-Vitry-Stages-feminins.pdf\">Lien pour t\u00e9l\u00e9charger la note d&rsquo;actions<\/a><\/p>\n<p><a href=\"https:\/\/www.fftt.com\/observatoire\/wp-content\/uploads\/2025\/04\/CPF-Aizenay-Entretien-et-suivi-jeunes-competiteurs.pdf\">\u00a0<\/a><\/p>\n<p>[\/et_pb_text][\/et_pb_column][et_pb_column type=\u00a0\u00bb3_5&Prime; _builder_version=\u00a0\u00bb4.23&Prime; _module_preset=\u00a0\u00bbdefault\u00a0\u00bb global_colors_info=\u00a0\u00bb{}\u00a0\u00bb theme_builder_area=\u00a0\u00bbpost_content\u00a0\u00bb][et_pb_image src=\u00a0\u00bbhttps:\/\/www.fftt.com\/observatoire\/wp-content\/uploads\/2025\/04\/Capture-decran-2025-04-07-151408.png\u00a0\u00bb title_text=\u00a0\u00bbCapture d&rsquo;\u00e9cran 2025-04-07 151408&Prime; url=\u00a0\u00bbhttps:\/\/www.fftt.com\/observatoire\/wp-content\/uploads\/2025\/04\/Entente-sportive-de-Vitry-Stages-feminins.pdf\u00a0\u00bb url_new_window=\u00a0\u00bbon\u00a0\u00bb _builder_version=\u00a0\u00bb4.27.4&Prime; _module_preset=\u00a0\u00bbdefault\u00a0\u00bb hover_enabled=\u00a0\u00bb0&Prime; global_colors_info=\u00a0\u00bb{}\u00a0\u00bb theme_builder_area=\u00a0\u00bbpost_content\u00a0\u00bb sticky_enabled=\u00a0\u00bb0&Prime;][\/et_pb_image][\/et_pb_column][\/et_pb_row][\/et_pb_section]<\/p>\n","protected":false},"excerpt":{"rendered":"<p>\u00c9crit par : LOTH Structure : ENTENTE SPORTIVE DE VITRY Publics cibles de l\u2019action :\u00a0 Actions sp\u00e9cifiques f\u00e9minines ou mixit\u00e9 Ressources humaines et mat\u00e9rielles : 1 salle avec des tables et 1 \u00e9ducateur le week-end Description succincte de l\u2019action : &#8211; D\u00e9finir une date en collaboration avec les f\u00e9minines et l&rsquo;animateur.- R\u00e9servation aupr\u00e8s de la [&hellip;]<\/p>\n","protected":false},"author":9,"featured_media":1122,"comment_status":"closed","ping_status":"closed","sticky":false,"template":"","format":"standard","meta":{"_et_pb_use_builder":"on","_et_pb_old_content":"[et_pb_section fb_built=\"1\" _builder_version=\"4.23\" _module_preset=\"default\" custom_margin=\"-98px|||||\" custom_padding=\"0px|||||\" global_colors_info=\"{}\" theme_builder_area=\"post_content\"][et_pb_row column_structure=\"2_5,3_5\" _builder_version=\"4.23\" _module_preset=\"default\" min_height=\"877.8px\" custom_margin=\"219px|auto||auto||\" global_colors_info=\"{}\" theme_builder_area=\"post_content\"][et_pb_column type=\"2_5\" _builder_version=\"4.23\" _module_preset=\"default\" global_colors_info=\"{}\" theme_builder_area=\"post_content\"][et_pb_text _builder_version=\"4.27.4\" _module_preset=\"default\" hover_enabled=\"0\" global_colors_info=\"{}\" theme_builder_area=\"post_content\" sticky_enabled=\"0\"]<p><strong>\u00c9crit par : Mohamed Aboudrar<\/strong><\/p>\n<p><strong>Structure : Ermont Plessis Bouchard TT<\/strong><\/p>\n<p><strong>Publics cibles de l\u2019action :\u00a0<\/strong><\/p>\n<ul>\n<li>Animation loisir<\/li>\n<\/ul>\n<p><strong>Ressources humaines et mat\u00e9rielles<\/strong> :<\/p>\n<p>- B\u00e9n\u00e9voles, responsables et \u00e9ducateurs.<br \/>- Participation de tous les adh\u00e9rents du club avec leur famille et amis.<br \/>- Dans notre salle ou bien 1 salle pr\u00eat\u00e9e par la municipalit\u00e9.<\/p>\n<p><strong>Description succincte de l\u2019action :<\/strong><\/p>\n<p>- Accueille des familles et amis<br \/>- Prise de parole du pr\u00e9sident<br \/>- Echange et d\u00e9bat sur nos actions<br \/>- R\u00e9compenses des jeunes et adultes m\u00e9ritants<br \/>- Convivialit\u00e9 en partageant un moment de d\u00e9gustation (auberge espagnole)<\/p>\n<ul><\/ul>\n<p><strong>Niveau de difficult\u00e9 de r\u00e9alisation de l\u2019action\u00a0<\/strong>:<\/p>\n<ul>\n<li>Tr\u00e8s facile<\/li>\n<li><strong> Facile<\/strong><\/li>\n<li>Moyen<\/li>\n<li>Difficile<\/li>\n<\/ul>\n<p><strong>Objectif global :<\/strong><\/p>\n<p>Fid\u00e9liser nos adh\u00e9rents, \u00eatre transparent sur notre activit\u00e9 (voir o\u00f9 l'on doit s'am\u00e9liorer), exposer notre bilan (sportif et tr\u00e9sorerie), \u00e9changer sur notre avenir du club, le tout dans une ambiance conviviale<\/p>\n<p><a href=\"https:\/\/www.fftt.com\/observatoire\/wp-content\/uploads\/2025\/04\/ES-Vitry-Galette.pdf\">Lien pour t\u00e9l\u00e9charger la note d'actions<\/a><\/p>\n<p><a href=\"https:\/\/www.fftt.com\/observatoire\/wp-content\/uploads\/2025\/04\/CPF-Aizenay-Entretien-et-suivi-jeunes-competiteurs.pdf\">\u00a0<\/a><\/p>[\/et_pb_text][\/et_pb_column][et_pb_column type=\"3_5\" _builder_version=\"4.23\" _module_preset=\"default\" global_colors_info=\"{}\" theme_builder_area=\"post_content\"][et_pb_image src=\"https:\/\/www.fftt.com\/observatoire\/wp-content\/uploads\/2025\/04\/Capture-decran-2025-04-07-120116.png\" title_text=\"Capture d'\u00e9cran 2025-04-07 120116\" url=\"https:\/\/www.fftt.com\/observatoire\/wp-content\/uploads\/2025\/04\/ES-Vitry-Galette.pdf\" url_new_window=\"on\" _builder_version=\"4.27.4\" _module_preset=\"default\" hover_enabled=\"0\" global_colors_info=\"{}\" theme_builder_area=\"post_content\" sticky_enabled=\"0\"][\/et_pb_image][\/et_pb_column][\/et_pb_row][\/et_pb_section]","_et_gb_content_width":"","footnotes":""},"categories":[180,207],"tags":[],"post_folder":[86],"class_list":["post-3043","post","type-post","status-publish","format-standard","has-post-thumbnail","hentry","category-ping-actif","category-ping-au-feminin"],"_links":{"self":[{"href":"https:\/\/www.fftt.com\/observatoire\/wp-json\/wp\/v2\/posts\/3043","targetHints":{"allow":["GET"]}}],"collection":[{"href":"https:\/\/www.fftt.com\/observatoire\/wp-json\/wp\/v2\/posts"}],"about":[{"href":"https:\/\/www.fftt.com\/observatoire\/wp-json\/wp\/v2\/types\/post"}],"author":[{"embeddable":true,"href":"https:\/\/www.fftt.com\/observatoire\/wp-json\/wp\/v2\/users\/9"}],"replies":[{"embeddable":true,"href":"https:\/\/www.fftt.com\/observatoire\/wp-json\/wp\/v2\/comments?post=3043"}],"version-history":[{"count":4,"href":"https:\/\/www.fftt.com\/observatoire\/wp-json\/wp\/v2\/posts\/3043\/revisions"}],"predecessor-version":[{"id":3062,"href":"https:\/\/www.fftt.com\/observatoire\/wp-json\/wp\/v2\/posts\/3043\/revisions\/3062"}],"wp:featuredmedia":[{"embeddable":true,"href":"https:\/\/www.fftt.com\/observatoire\/wp-json\/wp\/v2\/media\/1122"}],"wp:attachment":[{"href":"https:\/\/www.fftt.com\/observatoire\/wp-json\/wp\/v2\/media?parent=3043"}],"wp:term":[{"taxonomy":"category","embeddable":true,"href":"https:\/\/www.fftt.com\/observatoire\/wp-json\/wp\/v2\/categories?post=3043"},{"taxonomy":"post_tag","embeddable":true,"href":"https:\/\/www.fftt.com\/observatoire\/wp-json\/wp\/v2\/tags?post=3043"},{"taxonomy":"post_folder","embeddable":true,"href":"https:\/\/www.fftt.com\/observatoire\/wp-json\/wp\/v2\/post_folder?post=3043"}],"curies":[{"name":"wp","href":"https:\/\/api.w.org\/{rel}","templated":true}]}}