{"id":3110,"date":"2025-04-08T09:17:13","date_gmt":"2025-04-08T07:17:13","guid":{"rendered":"https:\/\/www.fftt.com\/observatoire\/?p=3110"},"modified":"2025-04-08T09:17:14","modified_gmt":"2025-04-08T07:17:14","slug":"saint-avertin-tt-groupe-detection","status":"publish","type":"post","link":"https:\/\/www.fftt.com\/observatoire\/saint-avertin-tt-groupe-detection\/","title":{"rendered":"Saint Avertin TT &#8211; Groupe d\u00e9tection"},"content":{"rendered":"<div class='watch-action'><div class='watch-position align-right'><div class='action-like'><a class='lbg-style1 like-3110 jlk' href='javascript:void(0)' data-task='like' data-post_id='3110' data-nonce='0a220ac3fb' rel='nofollow'><img class='wti-pixel' src='https:\/\/www.fftt.com\/observatoire\/wp-content\/plugins\/wti-like-post\/images\/pixel.gif' title='J&#039;aime' \/><span class='lc-3110 lc'>+1<\/span><\/a><\/div><div class='action-unlike'><a class='unlbg-style1 unlike-3110 jlk' href='javascript:void(0)' data-task='unlike' data-post_id='3110' data-nonce='0a220ac3fb' rel='nofollow'><img class='wti-pixel' src='https:\/\/www.fftt.com\/observatoire\/wp-content\/plugins\/wti-like-post\/images\/pixel.gif' title='Je n&#039;aime pas' \/><span class='unlc-3110 unlc'>0<\/span><\/a><\/div> <\/div> <div class='status-3110 status align-right'><\/div><\/div><div class='wti-clear'><\/div><p>[et_pb_section fb_built=\u00a0\u00bb1&Prime; _builder_version=\u00a0\u00bb4.27.4&Prime; _module_preset=\u00a0\u00bbdefault\u00a0\u00bb global_colors_info=\u00a0\u00bb{}\u00a0\u00bb theme_builder_area=\u00a0\u00bbpost_content\u00a0\u00bb][et_pb_row column_structure=\u00a0\u00bb2_3,1_3&Prime; _builder_version=\u00a0\u00bb4.27.4&Prime; _module_preset=\u00a0\u00bbdefault\u00a0\u00bb global_colors_info=\u00a0\u00bb{}\u00a0\u00bb theme_builder_area=\u00a0\u00bbpost_content\u00a0\u00bb][et_pb_column type=\u00a0\u00bb2_3&Prime; _builder_version=\u00a0\u00bb4.27.4&Prime; _module_preset=\u00a0\u00bbdefault\u00a0\u00bb global_colors_info=\u00a0\u00bb{}\u00a0\u00bb theme_builder_area=\u00a0\u00bbpost_content\u00a0\u00bb][et_pb_text _builder_version=\u00a0\u00bb4.27.4&Prime; _module_preset=\u00a0\u00bbdefault\u00a0\u00bb global_colors_info=\u00a0\u00bb{}\u00a0\u00bb theme_builder_area=\u00a0\u00bbpost_content\u00a0\u00bb]<\/p>\n<p>Nom de la structure : Saint Avertin TT<\/p>\n<p>Personne responsable : R\u00e9my Mazella<\/p>\n<p>T\u00e9l\u00e9phone : 0637814157<\/p>\n<p>Mail : remy.mazella@emp.saint-avertin-sports.fr<\/p>\n<p>Titre de l\u2019action : Groupe d\u00e9ctection<\/p>\n<p>&nbsp;<\/p>\n<p>Objectifs recherch\u00e9s\u00a0:<\/p>\n<p>Formation des jeunes joueurs du CE1 au CM2 (7 \u00e0 11 ans). Programme d&rsquo;entra\u00eenement particulier et suivi des comp\u00e9titions. Effectif s\u00e9lectionn\u00e9 par l&rsquo;entra\u00eeneur (groupe sur s\u00e9lection)<\/p>\n<p>Descriptif\u00a0:<\/p>\n<p>Proposer un accompagnement sportif complet pour de jeunes pongistes prometteurs. Possibilit\u00e9 de s&rsquo;entra\u00eener jusqu&rsquo;\u00e0 10h30\/semaine, suivi aux comp\u00e9titions et programme d&rsquo;entra\u00eenement personnalis\u00e9.<br \/>Aide quasi-quotidienne de relanceurs b\u00e9n\u00e9voles du club.<\/p>\n<p>R\u00e9sultats obtenus\u00a0:<\/p>\n<p>Offre une visibilit\u00e9 r\u00e9gionale (voir nationale) au club : 2 jeunes du groupe en N2 (Crit\u00e9rium F\u00e9d\u00e9ral), 5 jeunes s\u00e9lectionn\u00e9s sur le groupe d\u00e9tection r\u00e9gional, 11 jeunes s\u00e9lectionn\u00e9s sur le groupe d\u00e9tection d\u00e9partemental.<br \/>Une multitude de m\u00e9dailles d\u00e9partementales et r\u00e9gionales (Crit\u00e9riums f\u00e9d\u00e9raux, Interclubs, Titres d\u00e9partementaux et r\u00e9gionaux, championnat jeunes par \u00e9quipes&#8230;)<\/p>\n<p>&nbsp;<\/p>\n<p><strong><u><a href=\"https:\/\/www.fftt.com\/observatoire\/wp-content\/uploads\/2025\/04\/St-Avertin-Sport-Groupe-detection.pdf\" target=\"_blank\" rel=\"noopener\" title=\"Groupe d\u00e9tection\">Lien pour t\u00e9l\u00e9charger la fiche<\/a> <\/u><\/strong><\/p>\n<p>[\/et_pb_text][\/et_pb_column][et_pb_column type=\u00a0\u00bb1_3&Prime; _builder_version=\u00a0\u00bb4.27.4&Prime; _module_preset=\u00a0\u00bbdefault\u00a0\u00bb global_colors_info=\u00a0\u00bb{}\u00a0\u00bb theme_builder_area=\u00a0\u00bbpost_content\u00a0\u00bb][et_pb_image src=\u00a0\u00bbhttps:\/\/www.fftt.com\/observatoire\/wp-content\/uploads\/2025\/04\/St-Avertin-Sport-Groupe-detection-1.png\u00a0\u00bb title_text=\u00a0\u00bbSt Avertin Sport &#8211; Groupe d\u00e9tection-1&Prime; url=\u00a0\u00bbhttps:\/\/www.fftt.com\/observatoire\/wp-content\/uploads\/2025\/04\/St-Avertin-Sport-Groupe-detection.pdf\u00a0\u00bb _builder_version=\u00a0\u00bb4.27.4&Prime; _module_preset=\u00a0\u00bbdefault\u00a0\u00bb global_colors_info=\u00a0\u00bb{}\u00a0\u00bb theme_builder_area=\u00a0\u00bbpost_content\u00a0\u00bb][\/et_pb_image][\/et_pb_column][\/et_pb_row][\/et_pb_section]<\/p>\n","protected":false},"excerpt":{"rendered":"<p>Nom de la structure : Saint Avertin TT Personne responsable : R\u00e9my Mazella T\u00e9l\u00e9phone : 0637814157 Mail : remy.mazella@emp.saint-avertin-sports.fr Titre de l\u2019action : Groupe d\u00e9ctection &nbsp; Objectifs recherch\u00e9s\u00a0: Formation des jeunes joueurs du CE1 au CM2 (7 \u00e0 11 ans). Programme d&rsquo;entra\u00eenement particulier et suivi des comp\u00e9titions. Effectif s\u00e9lectionn\u00e9 par l&rsquo;entra\u00eeneur (groupe sur s\u00e9lection) Descriptif\u00a0: [&hellip;]<\/p>\n","protected":false},"author":6,"featured_media":0,"comment_status":"closed","ping_status":"closed","sticky":false,"template":"","format":"standard","meta":{"_et_pb_use_builder":"on","_et_pb_old_content":"","_et_gb_content_width":"","footnotes":""},"categories":[182,179],"tags":[254,241],"post_folder":[],"class_list":["post-3110","post","type-post","status-publish","format-standard","hentry","category-ping-competitif","category-ping-educatif","tag-dectection","tag-ecole-tt"],"_links":{"self":[{"href":"https:\/\/www.fftt.com\/observatoire\/wp-json\/wp\/v2\/posts\/3110","targetHints":{"allow":["GET"]}}],"collection":[{"href":"https:\/\/www.fftt.com\/observatoire\/wp-json\/wp\/v2\/posts"}],"about":[{"href":"https:\/\/www.fftt.com\/observatoire\/wp-json\/wp\/v2\/types\/post"}],"author":[{"embeddable":true,"href":"https:\/\/www.fftt.com\/observatoire\/wp-json\/wp\/v2\/users\/6"}],"replies":[{"embeddable":true,"href":"https:\/\/www.fftt.com\/observatoire\/wp-json\/wp\/v2\/comments?post=3110"}],"version-history":[{"count":5,"href":"https:\/\/www.fftt.com\/observatoire\/wp-json\/wp\/v2\/posts\/3110\/revisions"}],"predecessor-version":[{"id":3133,"href":"https:\/\/www.fftt.com\/observatoire\/wp-json\/wp\/v2\/posts\/3110\/revisions\/3133"}],"wp:attachment":[{"href":"https:\/\/www.fftt.com\/observatoire\/wp-json\/wp\/v2\/media?parent=3110"}],"wp:term":[{"taxonomy":"category","embeddable":true,"href":"https:\/\/www.fftt.com\/observatoire\/wp-json\/wp\/v2\/categories?post=3110"},{"taxonomy":"post_tag","embeddable":true,"href":"https:\/\/www.fftt.com\/observatoire\/wp-json\/wp\/v2\/tags?post=3110"},{"taxonomy":"post_folder","embeddable":true,"href":"https:\/\/www.fftt.com\/observatoire\/wp-json\/wp\/v2\/post_folder?post=3110"}],"curies":[{"name":"wp","href":"https:\/\/api.w.org\/{rel}","templated":true}]}}