{"id":3305,"date":"2025-04-11T13:04:58","date_gmt":"2025-04-11T11:04:58","guid":{"rendered":"https:\/\/www.fftt.com\/observatoire\/?p=3305"},"modified":"2025-04-11T13:04:58","modified_gmt":"2025-04-11T11:04:58","slug":"le-mans-sarthe-academie","status":"publish","type":"post","link":"https:\/\/www.fftt.com\/observatoire\/le-mans-sarthe-academie\/","title":{"rendered":"Le Mans Sarthe &#8211; Acad\u00e9mie"},"content":{"rendered":"<div class='watch-action'><div class='watch-position align-right'><div class='action-like'><a class='lbg-style1 like-3305 jlk' href='javascript:void(0)' data-task='like' data-post_id='3305' data-nonce='0a220ac3fb' rel='nofollow'><img class='wti-pixel' src='https:\/\/www.fftt.com\/observatoire\/wp-content\/plugins\/wti-like-post\/images\/pixel.gif' title='J&#039;aime' \/><span class='lc-3305 lc'>0<\/span><\/a><\/div><div class='action-unlike'><a class='unlbg-style1 unlike-3305 jlk' href='javascript:void(0)' data-task='unlike' data-post_id='3305' data-nonce='0a220ac3fb' rel='nofollow'><img class='wti-pixel' src='https:\/\/www.fftt.com\/observatoire\/wp-content\/plugins\/wti-like-post\/images\/pixel.gif' title='Je n&#039;aime pas' \/><span class='unlc-3305 unlc'>0<\/span><\/a><\/div> <\/div> <div class='status-3305 status align-right'><\/div><\/div><div class='wti-clear'><\/div><p>[et_pb_section fb_built=\u00a0\u00bb1&Prime; _builder_version=\u00a0\u00bb4.27.4&Prime; _module_preset=\u00a0\u00bbdefault\u00a0\u00bb global_colors_info=\u00a0\u00bb{}\u00a0\u00bb theme_builder_area=\u00a0\u00bbpost_content\u00a0\u00bb][et_pb_row column_structure=\u00a0\u00bb2_3,1_3&Prime; _builder_version=\u00a0\u00bb4.27.4&Prime; _module_preset=\u00a0\u00bbdefault\u00a0\u00bb global_colors_info=\u00a0\u00bb{}\u00a0\u00bb theme_builder_area=\u00a0\u00bbpost_content\u00a0\u00bb][et_pb_column type=\u00a0\u00bb2_3&Prime; _builder_version=\u00a0\u00bb4.27.4&Prime; _module_preset=\u00a0\u00bbdefault\u00a0\u00bb global_colors_info=\u00a0\u00bb{}\u00a0\u00bb theme_builder_area=\u00a0\u00bbpost_content\u00a0\u00bb][et_pb_text _builder_version=\u00a0\u00bb4.27.4&Prime; _module_preset=\u00a0\u00bbdefault\u00a0\u00bb hover_enabled=\u00a0\u00bb0&Prime; global_colors_info=\u00a0\u00bb{}\u00a0\u00bb theme_builder_area=\u00a0\u00bbpost_content\u00a0\u00bb sticky_enabled=\u00a0\u00bb0&Prime;]<\/p>\n<p>Nom de la structure : Le Mans Sarthe<\/p>\n<p>Personne responsable : Herv\u00e9 Saugez<\/p>\n<p>T\u00e9l\u00e9phone : 06 83 04 01 73<\/p>\n<p>Mail : h.saugez@noos.fr<\/p>\n<p>Titre de l\u2019action : Acad\u00e9mie<\/p>\n<p>&nbsp;<\/p>\n<p>Objectifs recherch\u00e9s\u00a0:<\/p>\n<p>Permettre \u00e0 l\u2019\u00e9lite jeune des clubs de la Sarthe de maximiser leurs performances en b\u00e9n\u00e9ficiant d\u2019horaires adapt\u00e9s, gr\u00e2ce \u00e0 des conventions sign\u00e9es avec leur \u00e9tablissement scolaire. Les jeunes sont encadr\u00e9s par des \u00e9ducateurs sportifs du club et du Comit\u00e9 D\u00e9partemental.<\/p>\n<p>Descriptif\u00a0:<\/p>\n<p>Saison 2020\/2021 : Cr\u00e9ation de la Structure R\u00e9gionale Associ\u00e9e (SRA) au P\u00f4le Espoir des Pays de la Loire, en partenariat avec le coll\u00e8ge Saint Joseph Le Mans Centre<br \/>Saison 2024\/2025 : ouverture d\u2019une classe \u00ab sport-\u00e9tudes \u00bb en partenariat avec le Coll\u00e8ge Le Vieux Colombier<br \/>Dans le cadre de la structure, 4 conventions ont \u00e9t\u00e9 sign\u00e9es avec :<br \/>&#8211; Le Coll\u00e8ge Saint Joseph Le Mans Centre<br \/>&#8211; Le Coll\u00e8ge Le Vieux Colombier<br \/>&#8211; Le Lyc\u00e9e Sud<br \/>&#8211; Le Lyc\u00e9e Saint Charles \u2013 Sainte Croix<br \/>Saison 2024\/2025 : 15 places au sein de la structure &#8211; 2\/3 des places sont r\u00e9serv\u00e9es aux licenci\u00e9s du club et 1\/3 ouvertes aux autres clubs sarthois.<\/p>\n<p>R\u00e9sultats obtenus\u00a0:<\/p>\n<p>Simon Verch\u00e8re : arriv\u00e9 dans la structure en 2021<br \/>&#8211; 2022\/2023 : Quart de finaliste minime au championnat de France<br \/>&#8211; Aujourd\u2019hui : \u00c9volue en Pr\u00e9-Nationale par \u00e9quipes, inscrit sur la liste \u00ab sportif de haut niveau \u00bb dans la cat\u00e9gorie \u00ab espoir \u00bb Emma Wibaux : arriv\u00e9e dans la structure en 2020<br \/>&#8211; 2021\/2022 : Vice-championne de France en double benjamine, m\u00e9daill\u00e9e de bronze en simple benjamine<br \/>&#8211; 2023\/2024 : M\u00e9daill\u00e9e de bronze en double minime<br \/>&#8211; Depuis 2023\/2024 : Participation \u00e0 des WTT Youth Contender (ex : Metz, Szombathely, Luxembourg)<br \/>&#8211; Aujourd\u2019hui : \u00c9volue en Nationale 2 par \u00e9quipes, top 5 fran\u00e7aise cadette, inscrite sur la liste \u00ab sportif de haut niveau \u00bb dans la cat\u00e9gorie \u00ab espoir \u00bb<\/p>\n<p>&nbsp;<\/p>\n<p><strong><u><a href=\"https:\/\/www.fftt.com\/observatoire\/wp-content\/uploads\/2025\/04\/Le-Mans-Sarthe-Academie.pdf\" target=\"_blank\" rel=\"noopener\" title=\"Acad\u00e9mie\">Lien pour t\u00e9l\u00e9charger la fiche<\/a> <\/u><\/strong><\/p>\n<p>[\/et_pb_text][\/et_pb_column][et_pb_column type=\u00a0\u00bb1_3&Prime; _builder_version=\u00a0\u00bb4.27.4&Prime; _module_preset=\u00a0\u00bbdefault\u00a0\u00bb global_colors_info=\u00a0\u00bb{}\u00a0\u00bb theme_builder_area=\u00a0\u00bbpost_content\u00a0\u00bb][et_pb_image src=\u00a0\u00bbhttps:\/\/www.fftt.com\/observatoire\/wp-content\/uploads\/2025\/04\/Le-Mans-Sarthe-Academie-1.png\u00a0\u00bb title_text=\u00a0\u00bbLe Mans Sarthe &#8211; Acad\u00e9mie-1&Prime; _builder_version=\u00a0\u00bb4.27.4&Prime; _module_preset=\u00a0\u00bbdefault\u00a0\u00bb hover_enabled=\u00a0\u00bb0&Prime; global_colors_info=\u00a0\u00bb{}\u00a0\u00bb theme_builder_area=\u00a0\u00bbpost_content\u00a0\u00bb url=\u00a0\u00bbhttps:\/\/www.fftt.com\/observatoire\/wp-content\/uploads\/2025\/04\/Le-Mans-Sarthe-Academie.pdf\u00a0\u00bb sticky_enabled=\u00a0\u00bb0&Prime;][\/et_pb_image][\/et_pb_column][\/et_pb_row][\/et_pb_section]<\/p>\n","protected":false},"excerpt":{"rendered":"<p>Nom de la structure : Le Mans Sarthe Personne responsable : Herv\u00e9 Saugez T\u00e9l\u00e9phone : 06 83 04 01 73 Mail : h.saugez@noos.fr Titre de l\u2019action : Acad\u00e9mie &nbsp; Objectifs recherch\u00e9s\u00a0: Permettre \u00e0 l\u2019\u00e9lite jeune des clubs de la Sarthe de maximiser leurs performances en b\u00e9n\u00e9ficiant d\u2019horaires adapt\u00e9s, gr\u00e2ce \u00e0 des conventions sign\u00e9es avec leur [&hellip;]<\/p>\n","protected":false},"author":6,"featured_media":0,"comment_status":"closed","ping_status":"closed","sticky":false,"template":"","format":"standard","meta":{"_et_pb_use_builder":"on","_et_pb_old_content":"","_et_gb_content_width":"","footnotes":""},"categories":[185,182,179,196],"tags":[221],"post_folder":[],"class_list":["post-3305","post","type-post","status-publish","format-standard","hentry","category-ping8-12","category-ping-competitif","category-ping-educatif","category-programme-de-detection","tag-formation-jeunes"],"_links":{"self":[{"href":"https:\/\/www.fftt.com\/observatoire\/wp-json\/wp\/v2\/posts\/3305","targetHints":{"allow":["GET"]}}],"collection":[{"href":"https:\/\/www.fftt.com\/observatoire\/wp-json\/wp\/v2\/posts"}],"about":[{"href":"https:\/\/www.fftt.com\/observatoire\/wp-json\/wp\/v2\/types\/post"}],"author":[{"embeddable":true,"href":"https:\/\/www.fftt.com\/observatoire\/wp-json\/wp\/v2\/users\/6"}],"replies":[{"embeddable":true,"href":"https:\/\/www.fftt.com\/observatoire\/wp-json\/wp\/v2\/comments?post=3305"}],"version-history":[{"count":5,"href":"https:\/\/www.fftt.com\/observatoire\/wp-json\/wp\/v2\/posts\/3305\/revisions"}],"predecessor-version":[{"id":3313,"href":"https:\/\/www.fftt.com\/observatoire\/wp-json\/wp\/v2\/posts\/3305\/revisions\/3313"}],"wp:attachment":[{"href":"https:\/\/www.fftt.com\/observatoire\/wp-json\/wp\/v2\/media?parent=3305"}],"wp:term":[{"taxonomy":"category","embeddable":true,"href":"https:\/\/www.fftt.com\/observatoire\/wp-json\/wp\/v2\/categories?post=3305"},{"taxonomy":"post_tag","embeddable":true,"href":"https:\/\/www.fftt.com\/observatoire\/wp-json\/wp\/v2\/tags?post=3305"},{"taxonomy":"post_folder","embeddable":true,"href":"https:\/\/www.fftt.com\/observatoire\/wp-json\/wp\/v2\/post_folder?post=3305"}],"curies":[{"name":"wp","href":"https:\/\/api.w.org\/{rel}","templated":true}]}}