{"id":3314,"date":"2025-04-11T13:14:20","date_gmt":"2025-04-11T11:14:20","guid":{"rendered":"https:\/\/www.fftt.com\/observatoire\/?p=3314"},"modified":"2025-04-11T13:14:41","modified_gmt":"2025-04-11T11:14:41","slug":"le-mans-sarthe-reseaux-sociaux-et-communication","status":"publish","type":"post","link":"https:\/\/www.fftt.com\/observatoire\/le-mans-sarthe-reseaux-sociaux-et-communication\/","title":{"rendered":"Le Mans Sarthe &#8211; R\u00e9seaux sociaux et communication"},"content":{"rendered":"<div class='watch-action'><div class='watch-position align-right'><div class='action-like'><a class='lbg-style1 like-3314 jlk' href='javascript:void(0)' data-task='like' data-post_id='3314' data-nonce='0a220ac3fb' rel='nofollow'><img class='wti-pixel' src='https:\/\/www.fftt.com\/observatoire\/wp-content\/plugins\/wti-like-post\/images\/pixel.gif' title='J&#039;aime' \/><span class='lc-3314 lc'>0<\/span><\/a><\/div><div class='action-unlike'><a class='unlbg-style1 unlike-3314 jlk' href='javascript:void(0)' data-task='unlike' data-post_id='3314' data-nonce='0a220ac3fb' rel='nofollow'><img class='wti-pixel' src='https:\/\/www.fftt.com\/observatoire\/wp-content\/plugins\/wti-like-post\/images\/pixel.gif' title='Je n&#039;aime pas' \/><span class='unlc-3314 unlc'>0<\/span><\/a><\/div> <\/div> <div class='status-3314 status align-right'><\/div><\/div><div class='wti-clear'><\/div>\n[et_pb_section fb_built=\u00a0\u00bb1&Prime; _builder_version=\u00a0\u00bb4.27.4&Prime; _module_preset=\u00a0\u00bbdefault\u00a0\u00bb global_colors_info=\u00a0\u00bb{}\u00a0\u00bb theme_builder_area=\u00a0\u00bbpost_content\u00a0\u00bb][et_pb_row column_structure=\u00a0\u00bb2_3,1_3&Prime; _builder_version=\u00a0\u00bb4.27.4&Prime; _module_preset=\u00a0\u00bbdefault\u00a0\u00bb global_colors_info=\u00a0\u00bb{}\u00a0\u00bb theme_builder_area=\u00a0\u00bbpost_content\u00a0\u00bb][et_pb_column type=\u00a0\u00bb2_3&Prime; _builder_version=\u00a0\u00bb4.27.4&Prime; _module_preset=\u00a0\u00bbdefault\u00a0\u00bb global_colors_info=\u00a0\u00bb{}\u00a0\u00bb theme_builder_area=\u00a0\u00bbpost_content\u00a0\u00bb][et_pb_text _builder_version=\u00a0\u00bb4.27.4&Prime; _module_preset=\u00a0\u00bbdefault\u00a0\u00bb hover_enabled=\u00a0\u00bb0&Prime; global_colors_info=\u00a0\u00bb{}\u00a0\u00bb theme_builder_area=\u00a0\u00bbpost_content\u00a0\u00bb sticky_enabled=\u00a0\u00bb0&Prime;]<p>Nom de la structure : Le Mans Sarthe<\/p>\n<p>Personne responsable : Lo\u00efc Huard<\/p>\n<p>T\u00e9l\u00e9phone : 06 41 44 00 56<\/p>\n<p>Mail : communication@lmstt.net<\/p>\n<p>Titre de l\u2019action : D\u00e9veloppement r\u00e9seaux sociaux et communication<\/p>\n<p>&nbsp;<\/p>\n<p>Objectifs recherch\u00e9s\u00a0:<\/p>\n<p>Augmenter la visibilit\u00e9 du club pour nous faire conna\u00eetre aupr\u00e8s de nos adh\u00e9rents, du grand public et des entreprises.<br \/>Faciliter la diffusion d\u2019informations relatives \u00e0 la gestion et \u00e0 l\u2019animation du club.<\/p>\n<p>Descriptif\u00a0:<\/p>\n<p>2017 : Cr\u00e9ation de la commission communication<br \/>2017 : Cr\u00e9ation des comptes Instagram et Facebook<br \/>2017 : Renouvellement du site internet<br \/>2020 : Mise \u00e0 jour compl\u00e8te du site internet<br \/>Depuis 2020 : Collaborations avec la COREP, Initiatives, Deco72, Mister Tee et Galaxy Imprimeur<br \/>Depuis 2022 : Diffusion des matchs de Pro en live sur YouTube<br \/>2024 : Cr\u00e9ation du compte LinkedIn du club<br \/>2024 : Renouvellement de tous les supports de communication suite au changement d\u2019\u00e9quipementier et \u00e0 la mont\u00e9e en Pro A<\/p>\n<p>R\u00e9sultats obtenus\u00a0:<\/p>\n<p>&#8211; 979 abonn\u00e9s sur Instagram, 1 645 abonn\u00e9s sur Facebook,<br \/>204 abonn\u00e9s sur LinkedIn<br \/>&#8211; Plus de 400 adh\u00e9rents sur la liste de diffusion Brevo<br \/>&#8211; D\u00e9veloppement des relations avec les partenaires institutionnels et priv\u00e9s ainsi qu\u2019avec les autres clubs sportifs de la Sarthe<\/p>\n<p>&nbsp;<\/p>\n<p><strong><u><a href=\"https:\/\/www.fftt.com\/observatoire\/wp-content\/uploads\/2025\/04\/LE-MANS-SARTHE-reseaux-sociaux-et-com.pdf\" target=\"_blank\" rel=\"noopener\" title=\"R\u00e9seaux sociaux et communication\">Lien pour t\u00e9l\u00e9charger la fiche<\/a> <\/u><\/strong><\/p>[\/et_pb_text][\/et_pb_column][et_pb_column type=\u00a0\u00bb1_3&Prime; _builder_version=\u00a0\u00bb4.27.4&Prime; _module_preset=\u00a0\u00bbdefault\u00a0\u00bb global_colors_info=\u00a0\u00bb{}\u00a0\u00bb theme_builder_area=\u00a0\u00bbpost_content\u00a0\u00bb][et_pb_image src=\u00a0\u00bbhttps:\/\/www.fftt.com\/observatoire\/wp-content\/uploads\/2025\/04\/LE-MANS-SARTHE-reseaux-sociaux-et-com-1.png\u00a0\u00bb title_text=\u00a0\u00bbLE MANS SARTHE &#8211; r\u00e9seaux sociaux et com-1&Prime; _builder_version=\u00a0\u00bb4.27.4&Prime; _module_preset=\u00a0\u00bbdefault\u00a0\u00bb hover_enabled=\u00a0\u00bb0&Prime; global_colors_info=\u00a0\u00bb{}\u00a0\u00bb theme_builder_area=\u00a0\u00bbpost_content\u00a0\u00bb url=\u00a0\u00bbhttps:\/\/www.fftt.com\/observatoire\/wp-content\/uploads\/2025\/04\/LE-MANS-SARTHE-reseaux-sociaux-et-com.pdf\u00a0\u00bb sticky_enabled=\u00a0\u00bb0&Prime;][\/et_pb_image][\/et_pb_column][\/et_pb_row][\/et_pb_section]\n","protected":false},"excerpt":{"rendered":"<p>Nom de la structure : Le Mans Sarthe Personne responsable : Lo\u00efc Huard T\u00e9l\u00e9phone : 06 41 44 00 56 Mail : communication@lmstt.net Titre de l\u2019action : D\u00e9veloppement r\u00e9seaux sociaux et communication &nbsp; Objectifs recherch\u00e9s\u00a0: Augmenter la visibilit\u00e9 du club pour nous faire conna\u00eetre aupr\u00e8s de nos adh\u00e9rents, du grand public et des entreprises.Faciliter la [&hellip;]<\/p>\n","protected":false},"author":6,"featured_media":0,"comment_status":"closed","ping_status":"closed","sticky":false,"template":"","format":"standard","meta":{"_et_pb_use_builder":"on","_et_pb_old_content":"","_et_gb_content_width":"","footnotes":""},"categories":[180],"tags":[264,266],"post_folder":[],"class_list":["post-3314","post","type-post","status-publish","format-standard","hentry","category-ping-actif","tag-communication","tag-reseaux-sociaux"],"_links":{"self":[{"href":"https:\/\/www.fftt.com\/observatoire\/wp-json\/wp\/v2\/posts\/3314","targetHints":{"allow":["GET"]}}],"collection":[{"href":"https:\/\/www.fftt.com\/observatoire\/wp-json\/wp\/v2\/posts"}],"about":[{"href":"https:\/\/www.fftt.com\/observatoire\/wp-json\/wp\/v2\/types\/post"}],"author":[{"embeddable":true,"href":"https:\/\/www.fftt.com\/observatoire\/wp-json\/wp\/v2\/users\/6"}],"replies":[{"embeddable":true,"href":"https:\/\/www.fftt.com\/observatoire\/wp-json\/wp\/v2\/comments?post=3314"}],"version-history":[{"count":7,"href":"https:\/\/www.fftt.com\/observatoire\/wp-json\/wp\/v2\/posts\/3314\/revisions"}],"predecessor-version":[{"id":3325,"href":"https:\/\/www.fftt.com\/observatoire\/wp-json\/wp\/v2\/posts\/3314\/revisions\/3325"}],"wp:attachment":[{"href":"https:\/\/www.fftt.com\/observatoire\/wp-json\/wp\/v2\/media?parent=3314"}],"wp:term":[{"taxonomy":"category","embeddable":true,"href":"https:\/\/www.fftt.com\/observatoire\/wp-json\/wp\/v2\/categories?post=3314"},{"taxonomy":"post_tag","embeddable":true,"href":"https:\/\/www.fftt.com\/observatoire\/wp-json\/wp\/v2\/tags?post=3314"},{"taxonomy":"post_folder","embeddable":true,"href":"https:\/\/www.fftt.com\/observatoire\/wp-json\/wp\/v2\/post_folder?post=3314"}],"curies":[{"name":"wp","href":"https:\/\/api.w.org\/{rel}","templated":true}]}}