{"id":3341,"date":"2025-07-11T17:13:51","date_gmt":"2025-07-11T15:13:51","guid":{"rendered":"https:\/\/www.fftt.com\/observatoire\/?p=3341"},"modified":"2025-07-11T17:13:52","modified_gmt":"2025-07-11T15:13:52","slug":"us-st-berthevin-st-loup-du-dorat","status":"publish","type":"post","link":"https:\/\/www.fftt.com\/observatoire\/us-st-berthevin-st-loup-du-dorat\/","title":{"rendered":"US ST BERTHEVIN ST LOUP DU DORAT"},"content":{"rendered":"<div class='watch-action'><div class='watch-position align-right'><div class='action-like'><a class='lbg-style1 like-3341 jlk' href='javascript:void(0)' data-task='like' data-post_id='3341' data-nonce='0a220ac3fb' rel='nofollow'><img class='wti-pixel' src='https:\/\/www.fftt.com\/observatoire\/wp-content\/plugins\/wti-like-post\/images\/pixel.gif' title='J&#039;aime' \/><span class='lc-3341 lc'>0<\/span><\/a><\/div><div class='action-unlike'><a class='unlbg-style1 unlike-3341 jlk' href='javascript:void(0)' data-task='unlike' data-post_id='3341' data-nonce='0a220ac3fb' rel='nofollow'><img class='wti-pixel' src='https:\/\/www.fftt.com\/observatoire\/wp-content\/plugins\/wti-like-post\/images\/pixel.gif' title='Je n&#039;aime pas' \/><span class='unlc-3341 unlc'>0<\/span><\/a><\/div> <\/div> <div class='status-3341 status align-right'><\/div><\/div><div class='wti-clear'><\/div><p>[et_pb_section fb_built=\u00a0\u00bb1&Prime; _builder_version=\u00a0\u00bb4.27.4&Prime; _module_preset=\u00a0\u00bbdefault\u00a0\u00bb global_colors_info=\u00a0\u00bb{}\u00a0\u00bb theme_builder_area=\u00a0\u00bbpost_content\u00a0\u00bb][et_pb_row column_structure=\u00a0\u00bb3_5,2_5&Prime; _builder_version=\u00a0\u00bb4.27.4&Prime; _module_preset=\u00a0\u00bbdefault\u00a0\u00bb global_colors_info=\u00a0\u00bb{}\u00a0\u00bb theme_builder_area=\u00a0\u00bbpost_content\u00a0\u00bb][et_pb_column type=\u00a0\u00bb3_5&Prime; _builder_version=\u00a0\u00bb4.27.4&Prime; _module_preset=\u00a0\u00bbdefault\u00a0\u00bb global_colors_info=\u00a0\u00bb{}\u00a0\u00bb theme_builder_area=\u00a0\u00bbpost_content\u00a0\u00bb][et_pb_text _builder_version=\u00a0\u00bb4.27.4&Prime; _module_preset=\u00a0\u00bbdefault\u00a0\u00bb global_colors_info=\u00a0\u00bb{}\u00a0\u00bb theme_builder_area=\u00a0\u00bbpost_content\u00a0\u00bb]<\/p>\n<p><strong>Responsable de l\u2019action : Quesn\u00e9e Thomas<\/strong><\/p>\n<p><strong>\u00a0<\/strong><strong>Structure : US ST BERTHEVIN ST LOUP DU DORAT<\/strong><\/p>\n<p><strong>Nom de l\u2019action : Accueil de stages handisport<\/strong><\/p>\n<p>&nbsp;<\/p>\n<p><strong>Objectifs recherch\u00e9s &#8211; Publics cibles :\u00a0<\/strong><\/p>\n<p>&#8211; Accueil de personnes en situation de handicap avec ouverture \u00e0 un public valide<br \/>&#8211; Accueil de personnes en situation de handicap pour pr\u00e9senter le tennis de table \u00e0 des pratiquants d&rsquo;autres disciplines handisport<\/p>\n<p><strong>Ressources humaines et mat\u00e9rielles<\/strong>\u00a0:<\/p>\n<p>&#8211; salle en configuration 8 tables<br \/>&#8211; responsable de la section handisport pr\u00e9sent sur les deux journ\u00e9es pour g\u00e9rer l&rsquo;accueil et participer aux stages<br \/>&#8211; mise \u00e0 disposition de raquettes et de balles<br \/>&#8211; mise \u00e0 disposition des fauteuils roulants de la section<\/p>\n<p><strong>Descriptif de l\u2019action :<\/strong><\/p>\n<p>&#8211; le 1er stage a \u00e9t\u00e9 r\u00e9alis\u00e9 \u00e0 St Berthevin \u00e0 la demande de Val\u00e9rie Brunet en charge du tennis de table dans les Pays de la Loire. Il \u00e9tait ouvert aux pratiquants handisports de la ligue, mais aussi \u00e0 des valides de notre club en cas de places vacantes. Il s&rsquo;agissait du 1er stage organis\u00e9 par la ligue handisport de tennis de table dans notre d\u00e9partement. Le stage a r\u00e9uni une quinzaine de participants, dont 3 ou 4 valides qui ont pu b\u00e9n\u00e9ficier de notre salle, de notre lieu de convivialit\u00e9 pour passer une journ\u00e9e sous la direction de l&rsquo;un des \u00e9ducateurs de la ligue.<br \/>&#8211; le 2\u00e8me stage s&rsquo;est d\u00e9roul\u00e9 \u00e0 l&rsquo;initiative d&rsquo;Elo\u00efse Vannier du comit\u00e9 handisport de la Mayenne (qui \u00e9tait d\u00e9j\u00e0 pr\u00e9sente pour le 1er stage) pour faire d\u00e9couvrir la discipline \u00e0 des pratiquants handisports avec le concours de notre responsable handisport Thierry Leroux et de l&rsquo;\u00e9ducatrice du GETT 53 en formation Oph\u00e9lie Chevreuil.<\/p>\n<p><strong>R\u00e9sultats obtenus :<\/strong><\/p>\n<p>&#8211; Meilleure visibilit\u00e9 de notre section handisport: ouverture de la discipline \u00e0 des pratiquants valides du club ainsi qu&rsquo;\u00e0 des sportifs handicap\u00e9s d&rsquo;autres disciplines.<br \/>&#8211; renforcement de nos liens avec le comit\u00e9 handisport du d\u00e9partement ainsi qu&rsquo;avec la ligue de tennis de table handisport des Pays de la Loire notamment dans la perspective de l&rsquo;organisation d&rsquo;une comp\u00e9tition nationale la saison prochaine.<\/p>\n<p><a href=\"https:\/\/www.fftt.com\/observatoire\/wp-content\/uploads\/2025\/07\/2-ST-BERTHEVIN-ST-LOUP-DORAT-accueil-handisport.pdf\" target=\"_blank\" rel=\"noopener\" title=\"Accueil stages handisport\"><strong>Lien vers la fiche \u00e0 t\u00e9l\u00e9charger<\/strong><\/a><\/p>\n<p>[\/et_pb_text][\/et_pb_column][et_pb_column type=\u00a0\u00bb2_5&Prime; _builder_version=\u00a0\u00bb4.27.4&Prime; _module_preset=\u00a0\u00bbdefault\u00a0\u00bb global_colors_info=\u00a0\u00bb{}\u00a0\u00bb theme_builder_area=\u00a0\u00bbpost_content\u00a0\u00bb][et_pb_image src=\u00a0\u00bbhttps:\/\/www.fftt.com\/observatoire\/wp-content\/uploads\/2025\/07\/2-ST-BERTHEVIN-ST-LOUP-DORAT-accueil-handisport_00001.png\u00a0\u00bb title_text=\u00a0\u00bb2 &#8211; ST BERTHEVIN ST LOUP DORAT &#8211; accueil handisport_00001&Prime; url=\u00a0\u00bbhttps:\/\/www.fftt.com\/observatoire\/wp-content\/uploads\/2025\/07\/2-ST-BERTHEVIN-ST-LOUP-DORAT-accueil-handisport.pdf\u00a0\u00bb _builder_version=\u00a0\u00bb4.27.4&Prime; _module_preset=\u00a0\u00bbdefault\u00a0\u00bb global_colors_info=\u00a0\u00bb{}\u00a0\u00bb theme_builder_area=\u00a0\u00bbpost_content\u00a0\u00bb][\/et_pb_image][\/et_pb_column][\/et_pb_row][\/et_pb_section]<\/p>\n","protected":false},"excerpt":{"rendered":"<p>Responsable de l\u2019action : Quesn\u00e9e Thomas \u00a0Structure : US ST BERTHEVIN ST LOUP DU DORAT Nom de l\u2019action : Accueil de stages handisport &nbsp; Objectifs recherch\u00e9s &#8211; Publics cibles :\u00a0 &#8211; Accueil de personnes en situation de handicap avec ouverture \u00e0 un public valide- Accueil de personnes en situation de handicap pour pr\u00e9senter le tennis [&hellip;]<\/p>\n","protected":false},"author":6,"featured_media":0,"comment_status":"closed","ping_status":"closed","sticky":false,"template":"","format":"standard","meta":{"_et_pb_use_builder":"on","_et_pb_old_content":"","_et_gb_content_width":"","footnotes":""},"categories":[155,1,181],"tags":[267,268,269],"post_folder":[88,87],"class_list":["post-3341","post","type-post","status-publish","format-standard","hentry","category-handisport","category-non-classe","category-ping-inclusif","tag-handisport","tag-inclusion","tag-stages"],"_links":{"self":[{"href":"https:\/\/www.fftt.com\/observatoire\/wp-json\/wp\/v2\/posts\/3341","targetHints":{"allow":["GET"]}}],"collection":[{"href":"https:\/\/www.fftt.com\/observatoire\/wp-json\/wp\/v2\/posts"}],"about":[{"href":"https:\/\/www.fftt.com\/observatoire\/wp-json\/wp\/v2\/types\/post"}],"author":[{"embeddable":true,"href":"https:\/\/www.fftt.com\/observatoire\/wp-json\/wp\/v2\/users\/6"}],"replies":[{"embeddable":true,"href":"https:\/\/www.fftt.com\/observatoire\/wp-json\/wp\/v2\/comments?post=3341"}],"version-history":[{"count":6,"href":"https:\/\/www.fftt.com\/observatoire\/wp-json\/wp\/v2\/posts\/3341\/revisions"}],"predecessor-version":[{"id":3350,"href":"https:\/\/www.fftt.com\/observatoire\/wp-json\/wp\/v2\/posts\/3341\/revisions\/3350"}],"wp:attachment":[{"href":"https:\/\/www.fftt.com\/observatoire\/wp-json\/wp\/v2\/media?parent=3341"}],"wp:term":[{"taxonomy":"category","embeddable":true,"href":"https:\/\/www.fftt.com\/observatoire\/wp-json\/wp\/v2\/categories?post=3341"},{"taxonomy":"post_tag","embeddable":true,"href":"https:\/\/www.fftt.com\/observatoire\/wp-json\/wp\/v2\/tags?post=3341"},{"taxonomy":"post_folder","embeddable":true,"href":"https:\/\/www.fftt.com\/observatoire\/wp-json\/wp\/v2\/post_folder?post=3341"}],"curies":[{"name":"wp","href":"https:\/\/api.w.org\/{rel}","templated":true}]}}