{"id":3377,"date":"2025-07-11T18:01:36","date_gmt":"2025-07-11T16:01:36","guid":{"rendered":"https:\/\/www.fftt.com\/observatoire\/?p=3377"},"modified":"2025-07-11T18:01:42","modified_gmt":"2025-07-11T16:01:42","slug":"la-pazenaise-tt-sport-adapte","status":"publish","type":"post","link":"https:\/\/www.fftt.com\/observatoire\/la-pazenaise-tt-sport-adapte\/","title":{"rendered":"LA PAZENAISE TT &#8211; Sport adapt\u00e9"},"content":{"rendered":"<div class='watch-action'><div class='watch-position align-right'><div class='action-like'><a class='lbg-style1 like-3377 jlk' href='javascript:void(0)' data-task='like' data-post_id='3377' data-nonce='0a220ac3fb' rel='nofollow'><img class='wti-pixel' src='https:\/\/www.fftt.com\/observatoire\/wp-content\/plugins\/wti-like-post\/images\/pixel.gif' title='J&#039;aime' \/><span class='lc-3377 lc'>0<\/span><\/a><\/div><div class='action-unlike'><a class='unlbg-style1 unlike-3377 jlk' href='javascript:void(0)' data-task='unlike' data-post_id='3377' data-nonce='0a220ac3fb' rel='nofollow'><img class='wti-pixel' src='https:\/\/www.fftt.com\/observatoire\/wp-content\/plugins\/wti-like-post\/images\/pixel.gif' title='Je n&#039;aime pas' \/><span class='unlc-3377 unlc'>0<\/span><\/a><\/div> <\/div> <div class='status-3377 status align-right'><\/div><\/div><div class='wti-clear'><\/div><p>[et_pb_section fb_built=\u00a0\u00bb1&Prime; _builder_version=\u00a0\u00bb4.27.4&Prime; _module_preset=\u00a0\u00bbdefault\u00a0\u00bb global_colors_info=\u00a0\u00bb{}\u00a0\u00bb theme_builder_area=\u00a0\u00bbpost_content\u00a0\u00bb][et_pb_row column_structure=\u00a0\u00bb3_5,2_5&Prime; _builder_version=\u00a0\u00bb4.27.4&Prime; _module_preset=\u00a0\u00bbdefault\u00a0\u00bb global_colors_info=\u00a0\u00bb{}\u00a0\u00bb theme_builder_area=\u00a0\u00bbpost_content\u00a0\u00bb][et_pb_column type=\u00a0\u00bb3_5&Prime; _builder_version=\u00a0\u00bb4.27.4&Prime; _module_preset=\u00a0\u00bbdefault\u00a0\u00bb global_colors_info=\u00a0\u00bb{}\u00a0\u00bb theme_builder_area=\u00a0\u00bbpost_content\u00a0\u00bb][et_pb_text _builder_version=\u00a0\u00bb4.27.4&Prime; _module_preset=\u00a0\u00bbdefault\u00a0\u00bb hover_enabled=\u00a0\u00bb0&Prime; global_colors_info=\u00a0\u00bb{}\u00a0\u00bb theme_builder_area=\u00a0\u00bbpost_content\u00a0\u00bb sticky_enabled=\u00a0\u00bb0&Prime;]<\/p>\n<p><strong>Responsable de l\u2019action : Chlo\u00e9 Moll\u00e9<\/strong><\/p>\n<p><strong>Structure : <\/strong><strong>La Pazenaise TT<\/strong><\/p>\n<p><strong>Nom de l\u2019action : Sport Adapt\u00e9<\/strong><\/p>\n<p>&nbsp;<\/p>\n<p><strong>Objectifs recherch\u00e9s &#8211; Publics cibles :\u00a0<\/strong><\/p>\n<p>L&rsquo;objectif est de faire d\u00e9couvrir le tennis de table aux personnes n&rsquo;y ayant pas forc\u00e9ment acc\u00e8s. Le public cible pour le lancement du projet est : un IME, un ADAPEI, un ESAT.<\/p>\n<p><strong>Ressources humaines et mat\u00e9rielles<\/strong>\u00a0:<\/p>\n<p>1 entraineur professionnel de tennis de table<br \/>1\/2 \u00e9ducateur.trice.s de la structure en question selon le nombre de participant.e.s<br \/>1 b\u00e9n\u00e9vole volontaire pour assister notre entraineur<br \/>1 b\u00e9n\u00e9vole sur le contact des structures et la gestion des plannings en relation avec la mairie<br \/>5 tables et autant de balles\/s\u00e9parations que n\u00e9cessaire<\/p>\n<p><strong>Descriptif de l\u2019action :<\/strong><\/p>\n<p>Les structures ont \u00e9t\u00e9 contact\u00e9es par mail. Apr\u00e8s un retour positif de leur part un planning sur 3 ou 5 sessions de d\u00e9couverte gratuites ont \u00e9t\u00e9 mise en place. Le retour de 2 des 3 structures ayant particip\u00e9 aux s\u00e9ances d&rsquo;essai souhaitent signer un contrat de collaboration pour la saison prochaine avec une trentaine de sessions.<\/p>\n<p><strong>R\u00e9sultats obtenus :<\/strong><\/p>\n<p>B\u00e9n\u00e9fice pour le club en terme de visibilit\u00e9 et inclusivit\u00e9.<br \/>Augmentation potentielle du nombre d&rsquo;adh\u00e9rent.e \/ licenci\u00e9.e la saison prochaine.<br \/>D\u00e9couverte d&rsquo;un nouveau public de joueur.euse.s pour notre entraineur.<br \/>D\u00e9couverte du tennis de table pour les participant.<\/p>\n<p><a href=\"https:\/\/www.fftt.com\/observatoire\/wp-content\/uploads\/2025\/07\/5-LA-PAZENAISE-Sport-Adapte.pdf\" target=\"_blank\" rel=\"noopener\" title=\"Sport adpat\u00e9\"><strong>Lien vers la fiche \u00e0 t\u00e9l\u00e9charger<\/strong><\/a><\/p>\n<p>[\/et_pb_text][\/et_pb_column][et_pb_column type=\u00a0\u00bb2_5&Prime; _builder_version=\u00a0\u00bb4.27.4&Prime; _module_preset=\u00a0\u00bbdefault\u00a0\u00bb global_colors_info=\u00a0\u00bb{}\u00a0\u00bb theme_builder_area=\u00a0\u00bbpost_content\u00a0\u00bb][et_pb_image src=\u00a0\u00bbhttps:\/\/www.fftt.com\/observatoire\/wp-content\/uploads\/2025\/07\/ae02af0f-b234-4fcf-b1cd-354142131ed1-0000-scaled.png\u00a0\u00bb title_text=\u00a0\u00bbae02af0f-b234-4fcf-b1cd-354142131ed1-0000&Prime; _builder_version=\u00a0\u00bb4.27.4&Prime; _module_preset=\u00a0\u00bbdefault\u00a0\u00bb hover_enabled=\u00a0\u00bb0&Prime; global_colors_info=\u00a0\u00bb{}\u00a0\u00bb theme_builder_area=\u00a0\u00bbpost_content\u00a0\u00bb url=\u00a0\u00bbhttps:\/\/www.fftt.com\/observatoire\/wp-content\/uploads\/2025\/07\/5-LA-PAZENAISE-Sport-Adapte.pdf\u00a0\u00bb sticky_enabled=\u00a0\u00bb0&Prime;][\/et_pb_image][\/et_pb_column][\/et_pb_row][\/et_pb_section]<\/p>\n","protected":false},"excerpt":{"rendered":"<p>Responsable de l\u2019action : Chlo\u00e9 Moll\u00e9 Structure : La Pazenaise TT Nom de l\u2019action : Sport Adapt\u00e9 &nbsp; Objectifs recherch\u00e9s &#8211; Publics cibles :\u00a0 L&rsquo;objectif est de faire d\u00e9couvrir le tennis de table aux personnes n&rsquo;y ayant pas forc\u00e9ment acc\u00e8s. Le public cible pour le lancement du projet est : un IME, un ADAPEI, un [&hellip;]<\/p>\n","protected":false},"author":6,"featured_media":0,"comment_status":"closed","ping_status":"closed","sticky":false,"template":"","format":"standard","meta":{"_et_pb_use_builder":"on","_et_pb_old_content":"","_et_gb_content_width":"","footnotes":""},"categories":[155,181],"tags":[268,143,273],"post_folder":[87],"class_list":["post-3377","post","type-post","status-publish","format-standard","hentry","category-handisport","category-ping-inclusif","tag-inclusion","tag-promotion","tag-sport-adapte"],"_links":{"self":[{"href":"https:\/\/www.fftt.com\/observatoire\/wp-json\/wp\/v2\/posts\/3377","targetHints":{"allow":["GET"]}}],"collection":[{"href":"https:\/\/www.fftt.com\/observatoire\/wp-json\/wp\/v2\/posts"}],"about":[{"href":"https:\/\/www.fftt.com\/observatoire\/wp-json\/wp\/v2\/types\/post"}],"author":[{"embeddable":true,"href":"https:\/\/www.fftt.com\/observatoire\/wp-json\/wp\/v2\/users\/6"}],"replies":[{"embeddable":true,"href":"https:\/\/www.fftt.com\/observatoire\/wp-json\/wp\/v2\/comments?post=3377"}],"version-history":[{"count":7,"href":"https:\/\/www.fftt.com\/observatoire\/wp-json\/wp\/v2\/posts\/3377\/revisions"}],"predecessor-version":[{"id":3388,"href":"https:\/\/www.fftt.com\/observatoire\/wp-json\/wp\/v2\/posts\/3377\/revisions\/3388"}],"wp:attachment":[{"href":"https:\/\/www.fftt.com\/observatoire\/wp-json\/wp\/v2\/media?parent=3377"}],"wp:term":[{"taxonomy":"category","embeddable":true,"href":"https:\/\/www.fftt.com\/observatoire\/wp-json\/wp\/v2\/categories?post=3377"},{"taxonomy":"post_tag","embeddable":true,"href":"https:\/\/www.fftt.com\/observatoire\/wp-json\/wp\/v2\/tags?post=3377"},{"taxonomy":"post_folder","embeddable":true,"href":"https:\/\/www.fftt.com\/observatoire\/wp-json\/wp\/v2\/post_folder?post=3377"}],"curies":[{"name":"wp","href":"https:\/\/api.w.org\/{rel}","templated":true}]}}