{"id":3419,"date":"2025-08-05T08:47:05","date_gmt":"2025-08-05T06:47:05","guid":{"rendered":"https:\/\/www.fftt.com\/observatoire\/?p=3419"},"modified":"2025-08-05T08:47:15","modified_gmt":"2025-08-05T06:47:15","slug":"bousbecque-wervicq-criterium-federal","status":"publish","type":"post","link":"https:\/\/www.fftt.com\/observatoire\/bousbecque-wervicq-criterium-federal\/","title":{"rendered":"BOUSBECQUE WERVICQ &#8211; crit\u00e9rium f\u00e9d\u00e9ral"},"content":{"rendered":"<div class='watch-action'><div class='watch-position align-right'><div class='action-like'><a class='lbg-style1 like-3419 jlk' href='javascript:void(0)' data-task='like' data-post_id='3419' data-nonce='0a220ac3fb' rel='nofollow'><img class='wti-pixel' src='https:\/\/www.fftt.com\/observatoire\/wp-content\/plugins\/wti-like-post\/images\/pixel.gif' title='J&#039;aime' \/><span class='lc-3419 lc'>0<\/span><\/a><\/div><div class='action-unlike'><a class='unlbg-style1 unlike-3419 jlk' href='javascript:void(0)' data-task='unlike' data-post_id='3419' data-nonce='0a220ac3fb' rel='nofollow'><img class='wti-pixel' src='https:\/\/www.fftt.com\/observatoire\/wp-content\/plugins\/wti-like-post\/images\/pixel.gif' title='Je n&#039;aime pas' \/><span class='unlc-3419 unlc'>0<\/span><\/a><\/div> <\/div> <div class='status-3419 status align-right'><\/div><\/div><div class='wti-clear'><\/div><p>[et_pb_section fb_built=\u00a0\u00bb1&Prime; _builder_version=\u00a0\u00bb4.27.4&Prime; _module_preset=\u00a0\u00bbdefault\u00a0\u00bb global_colors_info=\u00a0\u00bb{}\u00a0\u00bb theme_builder_area=\u00a0\u00bbpost_content\u00a0\u00bb][et_pb_row column_structure=\u00a0\u00bb3_4,1_4&Prime; _builder_version=\u00a0\u00bb4.27.4&Prime; _module_preset=\u00a0\u00bbdefault\u00a0\u00bb global_colors_info=\u00a0\u00bb{}\u00a0\u00bb theme_builder_area=\u00a0\u00bbpost_content\u00a0\u00bb][et_pb_column type=\u00a0\u00bb3_4&Prime; _builder_version=\u00a0\u00bb4.27.4&Prime; _module_preset=\u00a0\u00bbdefault\u00a0\u00bb global_colors_info=\u00a0\u00bb{}\u00a0\u00bb theme_builder_area=\u00a0\u00bbpost_content\u00a0\u00bb][et_pb_text _builder_version=\u00a0\u00bb4.27.4&Prime; _module_preset=\u00a0\u00bbdefault\u00a0\u00bb hover_enabled=\u00a0\u00bb0&Prime; global_colors_info=\u00a0\u00bb{}\u00a0\u00bb theme_builder_area=\u00a0\u00bbpost_content\u00a0\u00bb sticky_enabled=\u00a0\u00bb0&Prime;]<\/p>\n<p><strong>Responsable de l\u2019action : Corbeil<\/strong><\/p>\n<p><strong>Structure :<\/strong><strong>\u00a0TT Bousbecque-Wervicq<\/strong><\/p>\n<p><strong>Nom de l\u2019action : Crit\u00e9rium F\u00e9d\u00e9ral<\/strong><\/p>\n<p>&nbsp;<\/p>\n<p><strong>Objectifs recherch\u00e9s &#8211; Publics cibles :\u00a0<\/strong><\/p>\n<p>L&rsquo;objectif est de mettre \u00e0 disposition notre salle pour les crit\u00e9riums, dans le but de promouvoir notre club tant dans son infrastructure que dans son ambiance<\/p>\n<p><strong>Ressources humaines et mat\u00e9rielles<\/strong>\u00a0:<\/p>\n<p>10 tables,<br \/>Balles,<br \/>s\u00e9parations,<br \/>Tables d&rsquo;arbitrage,<br \/>Portes-serviettes<br \/>plaquettes pour les scores<\/p>\n<p><strong>Descriptif de l\u2019action :<\/strong><\/p>\n<p>Notre club s&rsquo;est port\u00e9 volontaire pour mettre \u00e0 disposition notre salle pour l&rsquo;organisation des crit\u00e9riums f\u00e9d\u00e9raux de niveau d\u00e9partemental. Cette action s&rsquo;est d\u00e9roul\u00e9e 4 fois dans l&rsquo;ann\u00e9e sur le samedi apr\u00e8s-midi et le dimanche matin.<\/p>\n<p><strong>R\u00e9sultats obtenus :<\/strong><\/p>\n<p>Promotion du club gr\u00e2ce \u00e0 notre grande salle d\u00e9di\u00e9e au Tennis de Table. Espoir de faire venir de nouveaux joueurs dans nos rangs.<\/p>\n<p><a href=\"https:\/\/www.fftt.com\/observatoire\/wp-content\/uploads\/2025\/08\/BOUSBECQUE-WERVICQ-criterium-federal.pdf\" target=\"_blank\" rel=\"noopener\" title=\"Crit\u00e9rium F\u00e9d\u00e9ral\"><strong>Lien vers la fiche \u00e0 t\u00e9l\u00e9charger<\/strong><\/a><\/p>\n<p>[\/et_pb_text][\/et_pb_column][et_pb_column type=\u00a0\u00bb1_4&Prime; _builder_version=\u00a0\u00bb4.27.4&Prime; _module_preset=\u00a0\u00bbdefault\u00a0\u00bb global_colors_info=\u00a0\u00bb{}\u00a0\u00bb theme_builder_area=\u00a0\u00bbpost_content\u00a0\u00bb][et_pb_image src=\u00a0\u00bbhttps:\/\/www.fftt.com\/observatoire\/wp-content\/uploads\/2025\/08\/BOUSBECQUE-WERVICQ-criterium-federal-1.png\u00a0\u00bb title_text=\u00a0\u00bbBOUSBECQUE WERVICQ &#8211; crit\u00e9rium f\u00e9d\u00e9ral-1&Prime; _builder_version=\u00a0\u00bb4.27.4&Prime; _module_preset=\u00a0\u00bbdefault\u00a0\u00bb hover_enabled=\u00a0\u00bb0&Prime; global_colors_info=\u00a0\u00bb{}\u00a0\u00bb theme_builder_area=\u00a0\u00bbpost_content\u00a0\u00bb url=\u00a0\u00bbhttps:\/\/www.fftt.com\/observatoire\/wp-content\/uploads\/2025\/08\/BOUSBECQUE-WERVICQ-criterium-federal.pdf\u00a0\u00bb sticky_enabled=\u00a0\u00bb0&Prime;][\/et_pb_image][\/et_pb_column][\/et_pb_row][\/et_pb_section]<\/p>\n","protected":false},"excerpt":{"rendered":"<p>Responsable de l\u2019action : Corbeil Structure :\u00a0TT Bousbecque-Wervicq Nom de l\u2019action : Crit\u00e9rium F\u00e9d\u00e9ral &nbsp; Objectifs recherch\u00e9s &#8211; Publics cibles :\u00a0 L&rsquo;objectif est de mettre \u00e0 disposition notre salle pour les crit\u00e9riums, dans le but de promouvoir notre club tant dans son infrastructure que dans son ambiance Ressources humaines et mat\u00e9rielles\u00a0: 10 tables,Balles,s\u00e9parations,Tables d&rsquo;arbitrage,Portes-serviettesplaquettes pour [&hellip;]<\/p>\n","protected":false},"author":6,"featured_media":0,"comment_status":"closed","ping_status":"closed","sticky":false,"template":"","format":"standard","meta":{"_et_pb_use_builder":"on","_et_pb_old_content":"","_et_gb_content_width":"","footnotes":""},"categories":[198,182],"tags":[18,276],"post_folder":[90],"class_list":["post-3419","post","type-post","status-publish","format-standard","hentry","category-criterium-federal","category-ping-competitif","tag-competition","tag-criterium-federal"],"_links":{"self":[{"href":"https:\/\/www.fftt.com\/observatoire\/wp-json\/wp\/v2\/posts\/3419","targetHints":{"allow":["GET"]}}],"collection":[{"href":"https:\/\/www.fftt.com\/observatoire\/wp-json\/wp\/v2\/posts"}],"about":[{"href":"https:\/\/www.fftt.com\/observatoire\/wp-json\/wp\/v2\/types\/post"}],"author":[{"embeddable":true,"href":"https:\/\/www.fftt.com\/observatoire\/wp-json\/wp\/v2\/users\/6"}],"replies":[{"embeddable":true,"href":"https:\/\/www.fftt.com\/observatoire\/wp-json\/wp\/v2\/comments?post=3419"}],"version-history":[{"count":5,"href":"https:\/\/www.fftt.com\/observatoire\/wp-json\/wp\/v2\/posts\/3419\/revisions"}],"predecessor-version":[{"id":3425,"href":"https:\/\/www.fftt.com\/observatoire\/wp-json\/wp\/v2\/posts\/3419\/revisions\/3425"}],"wp:attachment":[{"href":"https:\/\/www.fftt.com\/observatoire\/wp-json\/wp\/v2\/media?parent=3419"}],"wp:term":[{"taxonomy":"category","embeddable":true,"href":"https:\/\/www.fftt.com\/observatoire\/wp-json\/wp\/v2\/categories?post=3419"},{"taxonomy":"post_tag","embeddable":true,"href":"https:\/\/www.fftt.com\/observatoire\/wp-json\/wp\/v2\/tags?post=3419"},{"taxonomy":"post_folder","embeddable":true,"href":"https:\/\/www.fftt.com\/observatoire\/wp-json\/wp\/v2\/post_folder?post=3419"}],"curies":[{"name":"wp","href":"https:\/\/api.w.org\/{rel}","templated":true}]}}