{"id":3461,"date":"2025-08-05T11:19:46","date_gmt":"2025-08-05T09:19:46","guid":{"rendered":"https:\/\/www.fftt.com\/observatoire\/?p=3461"},"modified":"2025-08-05T11:19:52","modified_gmt":"2025-08-05T09:19:52","slug":"cp-belleneuvois-portes-ouvertes","status":"publish","type":"post","link":"https:\/\/www.fftt.com\/observatoire\/cp-belleneuvois-portes-ouvertes\/","title":{"rendered":"CP BELLENEUVOIS &#8211; Portes Ouvertes"},"content":{"rendered":"<div class='watch-action'><div class='watch-position align-right'><div class='action-like'><a class='lbg-style1 like-3461 jlk' href='javascript:void(0)' data-task='like' data-post_id='3461' data-nonce='0a220ac3fb' rel='nofollow'><img class='wti-pixel' src='https:\/\/www.fftt.com\/observatoire\/wp-content\/plugins\/wti-like-post\/images\/pixel.gif' title='J&#039;aime' \/><span class='lc-3461 lc'>0<\/span><\/a><\/div><div class='action-unlike'><a class='unlbg-style1 unlike-3461 jlk' href='javascript:void(0)' data-task='unlike' data-post_id='3461' data-nonce='0a220ac3fb' rel='nofollow'><img class='wti-pixel' src='https:\/\/www.fftt.com\/observatoire\/wp-content\/plugins\/wti-like-post\/images\/pixel.gif' title='Je n&#039;aime pas' \/><span class='unlc-3461 unlc'>0<\/span><\/a><\/div> <\/div> <div class='status-3461 status align-right'><\/div><\/div><div class='wti-clear'><\/div><p>[et_pb_section fb_built=\u00a0\u00bb1&Prime; _builder_version=\u00a0\u00bb4.27.4&Prime; _module_preset=\u00a0\u00bbdefault\u00a0\u00bb global_colors_info=\u00a0\u00bb{}\u00a0\u00bb theme_builder_area=\u00a0\u00bbpost_content\u00a0\u00bb][et_pb_row column_structure=\u00a0\u00bb3_4,1_4&Prime; _builder_version=\u00a0\u00bb4.27.4&Prime; _module_preset=\u00a0\u00bbdefault\u00a0\u00bb global_colors_info=\u00a0\u00bb{}\u00a0\u00bb theme_builder_area=\u00a0\u00bbpost_content\u00a0\u00bb][et_pb_column type=\u00a0\u00bb3_4&Prime; _builder_version=\u00a0\u00bb4.27.4&Prime; _module_preset=\u00a0\u00bbdefault\u00a0\u00bb global_colors_info=\u00a0\u00bb{}\u00a0\u00bb theme_builder_area=\u00a0\u00bbpost_content\u00a0\u00bb][et_pb_text _builder_version=\u00a0\u00bb4.27.4&Prime; _module_preset=\u00a0\u00bbdefault\u00a0\u00bb hover_enabled=\u00a0\u00bb0&Prime; global_colors_info=\u00a0\u00bb{}\u00a0\u00bb theme_builder_area=\u00a0\u00bbpost_content\u00a0\u00bb sticky_enabled=\u00a0\u00bb0&Prime;]<\/p>\n<p><strong>Responsable de l\u2019action : Raillard Jean-No\u00ebl<\/strong><\/p>\n<p><strong>Structure :<\/strong><strong>\u00a0Club Pongiste Belleneuvois<\/strong><\/p>\n<p><strong>Nom de l\u2019action : Portes -ouvertes<\/strong><\/p>\n<p>&nbsp;<\/p>\n<p><strong>Objectifs recherch\u00e9s &#8211; Publics cibles :\u00a0<\/strong><\/p>\n<p>Promotion et d\u00e9couverte du club.<\/p>\n<p><strong>Ressources humaines et mat\u00e9rielles<\/strong>\u00a0:<\/p>\n<p>Pr\u00e9paration : 2 b\u00e9n\u00e9voles pour la pr\u00e9paration, distribution des flyers et Responsable communication pour la mise en ligne des annonces et relais dans la presse locale.<br \/>Jour J : 4 b\u00e9n\u00e9voles pour fl\u00e9chage et installation de la salle<\/p>\n<p><strong>Descriptif de l\u2019action :<\/strong><\/p>\n<p>Porte ouverte de juin : la porte ouverte de juin est tr\u00e8s orient\u00e9e sur les scolaires pour capitaliser sur nos actions dans les \u00e9coles et identifier des intentions d&rsquo;inscriptions (nous ne pouvons pas prendre de pr\u00e9-inscription car les tarifs des licences ne sont pas encore connus)<\/p>\n<p><strong>R\u00e9sultats obtenus :<\/strong><\/p>\n<p>Recrutement de nouveaux licenci\u00e9(e)s.<br \/>Affichage du dynamisme de notre club<\/p>\n<p><a href=\"https:\/\/www.fftt.com\/observatoire\/wp-content\/uploads\/2025\/08\/CP-BELLENEUVOIS-operations-portes-ouvertes.pdf\" target=\"_blank\" rel=\"noopener\" title=\"Portes ouvertes\"><strong>Lien vers la fiche \u00e0 t\u00e9l\u00e9charger<\/strong><\/a><\/p>\n<p>[\/et_pb_text][\/et_pb_column][et_pb_column type=\u00a0\u00bb1_4&Prime; _builder_version=\u00a0\u00bb4.27.4&Prime; _module_preset=\u00a0\u00bbdefault\u00a0\u00bb global_colors_info=\u00a0\u00bb{}\u00a0\u00bb theme_builder_area=\u00a0\u00bbpost_content\u00a0\u00bb][et_pb_image src=\u00a0\u00bbhttps:\/\/www.fftt.com\/observatoire\/wp-content\/uploads\/2025\/08\/CP-BELLENEUVOIS-operations-portes-ouvertes-1.png\u00a0\u00bb title_text=\u00a0\u00bbCP BELLENEUVOIS &#8211; op\u00e9rations portes ouvertes-1&Prime; _builder_version=\u00a0\u00bb4.27.4&Prime; _module_preset=\u00a0\u00bbdefault\u00a0\u00bb hover_enabled=\u00a0\u00bb0&Prime; global_colors_info=\u00a0\u00bb{}\u00a0\u00bb theme_builder_area=\u00a0\u00bbpost_content\u00a0\u00bb url=\u00a0\u00bbhttps:\/\/www.fftt.com\/observatoire\/wp-content\/uploads\/2025\/08\/CP-BELLENEUVOIS-operations-portes-ouvertes.pdf\u00a0\u00bb sticky_enabled=\u00a0\u00bb0&Prime;][\/et_pb_image][\/et_pb_column][\/et_pb_row][\/et_pb_section]<\/p>\n","protected":false},"excerpt":{"rendered":"<p>Responsable de l\u2019action : Raillard Jean-No\u00ebl Structure :\u00a0Club Pongiste Belleneuvois Nom de l\u2019action : Portes -ouvertes &nbsp; Objectifs recherch\u00e9s &#8211; Publics cibles :\u00a0 Promotion et d\u00e9couverte du club. Ressources humaines et mat\u00e9rielles\u00a0: Pr\u00e9paration : 2 b\u00e9n\u00e9voles pour la pr\u00e9paration, distribution des flyers et Responsable communication pour la mise en ligne des annonces et relais dans [&hellip;]<\/p>\n","protected":false},"author":6,"featured_media":0,"comment_status":"closed","ping_status":"closed","sticky":false,"template":"","format":"standard","meta":{"_et_pb_use_builder":"on","_et_pb_old_content":"","_et_gb_content_width":"","footnotes":""},"categories":[180,181],"tags":[143],"post_folder":[86,87],"class_list":["post-3461","post","type-post","status-publish","format-standard","hentry","category-ping-actif","category-ping-inclusif","tag-promotion"],"_links":{"self":[{"href":"https:\/\/www.fftt.com\/observatoire\/wp-json\/wp\/v2\/posts\/3461","targetHints":{"allow":["GET"]}}],"collection":[{"href":"https:\/\/www.fftt.com\/observatoire\/wp-json\/wp\/v2\/posts"}],"about":[{"href":"https:\/\/www.fftt.com\/observatoire\/wp-json\/wp\/v2\/types\/post"}],"author":[{"embeddable":true,"href":"https:\/\/www.fftt.com\/observatoire\/wp-json\/wp\/v2\/users\/6"}],"replies":[{"embeddable":true,"href":"https:\/\/www.fftt.com\/observatoire\/wp-json\/wp\/v2\/comments?post=3461"}],"version-history":[{"count":5,"href":"https:\/\/www.fftt.com\/observatoire\/wp-json\/wp\/v2\/posts\/3461\/revisions"}],"predecessor-version":[{"id":3469,"href":"https:\/\/www.fftt.com\/observatoire\/wp-json\/wp\/v2\/posts\/3461\/revisions\/3469"}],"wp:attachment":[{"href":"https:\/\/www.fftt.com\/observatoire\/wp-json\/wp\/v2\/media?parent=3461"}],"wp:term":[{"taxonomy":"category","embeddable":true,"href":"https:\/\/www.fftt.com\/observatoire\/wp-json\/wp\/v2\/categories?post=3461"},{"taxonomy":"post_tag","embeddable":true,"href":"https:\/\/www.fftt.com\/observatoire\/wp-json\/wp\/v2\/tags?post=3461"},{"taxonomy":"post_folder","embeddable":true,"href":"https:\/\/www.fftt.com\/observatoire\/wp-json\/wp\/v2\/post_folder?post=3461"}],"curies":[{"name":"wp","href":"https:\/\/api.w.org\/{rel}","templated":true}]}}