{"id":3470,"date":"2025-08-05T11:31:46","date_gmt":"2025-08-05T09:31:46","guid":{"rendered":"https:\/\/www.fftt.com\/observatoire\/?p=3470"},"modified":"2025-08-05T11:31:54","modified_gmt":"2025-08-05T09:31:54","slug":"cp-belleneuvois-recyclage","status":"publish","type":"post","link":"https:\/\/www.fftt.com\/observatoire\/cp-belleneuvois-recyclage\/","title":{"rendered":"CP BELLENEUVOIS : Recyclage"},"content":{"rendered":"<div class='watch-action'><div class='watch-position align-right'><div class='action-like'><a class='lbg-style1 like-3470 jlk' href='javascript:void(0)' data-task='like' data-post_id='3470' data-nonce='0a220ac3fb' rel='nofollow'><img class='wti-pixel' src='https:\/\/www.fftt.com\/observatoire\/wp-content\/plugins\/wti-like-post\/images\/pixel.gif' title='J&#039;aime' \/><span class='lc-3470 lc'>0<\/span><\/a><\/div><div class='action-unlike'><a class='unlbg-style1 unlike-3470 jlk' href='javascript:void(0)' data-task='unlike' data-post_id='3470' data-nonce='0a220ac3fb' rel='nofollow'><img class='wti-pixel' src='https:\/\/www.fftt.com\/observatoire\/wp-content\/plugins\/wti-like-post\/images\/pixel.gif' title='Je n&#039;aime pas' \/><span class='unlc-3470 unlc'>0<\/span><\/a><\/div> <\/div> <div class='status-3470 status align-right'><\/div><\/div><div class='wti-clear'><\/div><p>[et_pb_section fb_built=\u00a0\u00bb1&Prime; _builder_version=\u00a0\u00bb4.27.4&Prime; _module_preset=\u00a0\u00bbdefault\u00a0\u00bb global_colors_info=\u00a0\u00bb{}\u00a0\u00bb theme_builder_area=\u00a0\u00bbpost_content\u00a0\u00bb][et_pb_row column_structure=\u00a0\u00bb2_5,3_5&Prime; _builder_version=\u00a0\u00bb4.27.4&Prime; _module_preset=\u00a0\u00bbdefault\u00a0\u00bb global_colors_info=\u00a0\u00bb{}\u00a0\u00bb theme_builder_area=\u00a0\u00bbpost_content\u00a0\u00bb][et_pb_column type=\u00a0\u00bb2_5&Prime; _builder_version=\u00a0\u00bb4.27.4&Prime; _module_preset=\u00a0\u00bbdefault\u00a0\u00bb global_colors_info=\u00a0\u00bb{}\u00a0\u00bb theme_builder_area=\u00a0\u00bbpost_content\u00a0\u00bb][et_pb_text _builder_version=\u00a0\u00bb4.27.4&Prime; _module_preset=\u00a0\u00bbdefault\u00a0\u00bb global_colors_info=\u00a0\u00bb{}\u00a0\u00bb theme_builder_area=\u00a0\u00bbpost_content\u00a0\u00bb]<\/p>\n<p><strong>Responsable de l\u2019action : Raillard Jean-Noel<\/strong><\/p>\n<p><strong>Structure :<\/strong><strong>\u00a0CP BELLENEUVOIS<\/strong><\/p>\n<p><strong>Nom de l\u2019action : Ping plan\u00e8te &#8211; Recyclage<\/strong><\/p>\n<p>&nbsp;<\/p>\n<p><strong>Objectifs recherch\u00e9s &#8211; Publics cibles :\u00a0<\/strong><\/p>\n<p>Recyclage des balles usag\u00e9es, Recycl&rsquo;Maillot, R\u00e9emploi Rev\u00eatements, ..<br \/>R\u00e9duire et trier les d\u00e9chets g\u00e9n\u00e9r\u00e9s par notre pratique sportive et extra-sportive.<br \/>Inciter tous nos adh\u00e9rents \u00e0 adopter ces d\u00e9marches \u00ab\u00a0responsables\u00a0\u00bb dans et \u00e0 l&rsquo;ext\u00e9rieur du club<\/p>\n<p><strong>Ressources humaines et mat\u00e9rielles<\/strong>\u00a0:<\/p>\n<p>Les adh\u00e9rents, des affiches, de la communication et des rappels&#8230;<\/p>\n<p><strong>Descriptif de l\u2019action :<\/strong><\/p>\n<p>Mise en place d&rsquo;affichage et de moyens de collectes diff\u00e9renci\u00e9s selon les produits.<br \/>sensibilisation des adh\u00e9rents aux enjeux du tri et recyclage<br \/>Incitation au tri pour les adh\u00e9rents par ces affichages et par une communication interne sur ce sujet.<br \/>Cr\u00e9ation de la fili\u00e8re Recycl&rsquo;Maillot pour les adh\u00e9rents qui ram\u00e8nent un maillot officiel en bon \u00e9tat.<\/p>\n<p><strong>R\u00e9sultats obtenus :<\/strong><\/p>\n<p>Balles usag\u00e9es (environ 1 000 par an) :<br \/>&gt; utilisation d&rsquo;une partie pour notre \u00e9cole de tennis de table et nos interventions dans les \u00e9coles,<br \/>&gt; collecte et recyclage des balles usag\u00e9es et cass\u00e9es pour apport en point de collecte<br \/>Rev\u00eatements \/ bois :<br \/>&gt; recyclage des plaques et bois pour proposer des raquettes de pr\u00eat, voire offrir<\/p>\n<p><a href=\"https:\/\/www.fftt.com\/observatoire\/wp-content\/uploads\/2025\/08\/CP-BELLENEUVOIS-Recyclage.pdf\" target=\"_blank\" rel=\"noopener\" title=\"Recyclage\"><strong>Lien vers la fiche \u00e0 t\u00e9l\u00e9charger<\/strong><\/a><\/p>\n<p>[\/et_pb_text][\/et_pb_column][et_pb_column type=\u00a0\u00bb3_5&Prime; _builder_version=\u00a0\u00bb4.27.4&Prime; _module_preset=\u00a0\u00bbdefault\u00a0\u00bb global_colors_info=\u00a0\u00bb{}\u00a0\u00bb theme_builder_area=\u00a0\u00bbpost_content\u00a0\u00bb][et_pb_image src=\u00a0\u00bbhttps:\/\/www.fftt.com\/observatoire\/wp-content\/uploads\/2025\/08\/CP-BELLENEUVOIS-Recyclage-1.png\u00a0\u00bb title_text=\u00a0\u00bbCP BELLENEUVOIS &#8211; Recyclage-1&Prime; url=\u00a0\u00bbhttps:\/\/www.fftt.com\/observatoire\/wp-content\/uploads\/2025\/08\/CP-BELLENEUVOIS-Recyclage.pdf\u00a0\u00bb _builder_version=\u00a0\u00bb4.27.4&Prime; _module_preset=\u00a0\u00bbdefault\u00a0\u00bb global_colors_info=\u00a0\u00bb{}\u00a0\u00bb theme_builder_area=\u00a0\u00bbpost_content\u00a0\u00bb][\/et_pb_image][\/et_pb_column][\/et_pb_row][\/et_pb_section]<\/p>\n","protected":false},"excerpt":{"rendered":"<p>Responsable de l\u2019action : Raillard Jean-Noel Structure :\u00a0CP BELLENEUVOIS Nom de l\u2019action : Ping plan\u00e8te &#8211; Recyclage &nbsp; Objectifs recherch\u00e9s &#8211; Publics cibles :\u00a0 Recyclage des balles usag\u00e9es, Recycl&rsquo;Maillot, R\u00e9emploi Rev\u00eatements, ..R\u00e9duire et trier les d\u00e9chets g\u00e9n\u00e9r\u00e9s par notre pratique sportive et extra-sportive.Inciter tous nos adh\u00e9rents \u00e0 adopter ces d\u00e9marches \u00ab\u00a0responsables\u00a0\u00bb dans et \u00e0 l&rsquo;ext\u00e9rieur [&hellip;]<\/p>\n","protected":false},"author":6,"featured_media":0,"comment_status":"closed","ping_status":"closed","sticky":false,"template":"","format":"standard","meta":{"_et_pb_use_builder":"on","_et_pb_old_content":"","_et_gb_content_width":"","footnotes":""},"categories":[210,179],"tags":[211,277],"post_folder":[86,87],"class_list":["post-3470","post","type-post","status-publish","format-standard","hentry","category-developpement-durable","category-ping-educatif","tag-developpement-durable-2","tag-recyclage"],"_links":{"self":[{"href":"https:\/\/www.fftt.com\/observatoire\/wp-json\/wp\/v2\/posts\/3470","targetHints":{"allow":["GET"]}}],"collection":[{"href":"https:\/\/www.fftt.com\/observatoire\/wp-json\/wp\/v2\/posts"}],"about":[{"href":"https:\/\/www.fftt.com\/observatoire\/wp-json\/wp\/v2\/types\/post"}],"author":[{"embeddable":true,"href":"https:\/\/www.fftt.com\/observatoire\/wp-json\/wp\/v2\/users\/6"}],"replies":[{"embeddable":true,"href":"https:\/\/www.fftt.com\/observatoire\/wp-json\/wp\/v2\/comments?post=3470"}],"version-history":[{"count":7,"href":"https:\/\/www.fftt.com\/observatoire\/wp-json\/wp\/v2\/posts\/3470\/revisions"}],"predecessor-version":[{"id":3480,"href":"https:\/\/www.fftt.com\/observatoire\/wp-json\/wp\/v2\/posts\/3470\/revisions\/3480"}],"wp:attachment":[{"href":"https:\/\/www.fftt.com\/observatoire\/wp-json\/wp\/v2\/media?parent=3470"}],"wp:term":[{"taxonomy":"category","embeddable":true,"href":"https:\/\/www.fftt.com\/observatoire\/wp-json\/wp\/v2\/categories?post=3470"},{"taxonomy":"post_tag","embeddable":true,"href":"https:\/\/www.fftt.com\/observatoire\/wp-json\/wp\/v2\/tags?post=3470"},{"taxonomy":"post_folder","embeddable":true,"href":"https:\/\/www.fftt.com\/observatoire\/wp-json\/wp\/v2\/post_folder?post=3470"}],"curies":[{"name":"wp","href":"https:\/\/api.w.org\/{rel}","templated":true}]}}