{"id":3521,"date":"2025-08-05T17:49:50","date_gmt":"2025-08-05T15:49:50","guid":{"rendered":"https:\/\/www.fftt.com\/observatoire\/?p=3521"},"modified":"2025-08-05T17:49:50","modified_gmt":"2025-08-05T15:49:50","slug":"entente-allonnes-villebernier-rituel-anniversaires","status":"publish","type":"post","link":"https:\/\/www.fftt.com\/observatoire\/entente-allonnes-villebernier-rituel-anniversaires\/","title":{"rendered":"ENTENTE ALLONNES VILLEBERNIER &#8211; Rituel anniversaires"},"content":{"rendered":"<div class='watch-action'><div class='watch-position align-right'><div class='action-like'><a class='lbg-style1 like-3521 jlk' href='javascript:void(0)' data-task='like' data-post_id='3521' data-nonce='0a220ac3fb' rel='nofollow'><img class='wti-pixel' src='https:\/\/www.fftt.com\/observatoire\/wp-content\/plugins\/wti-like-post\/images\/pixel.gif' title='J&#039;aime' \/><span class='lc-3521 lc'>0<\/span><\/a><\/div><div class='action-unlike'><a class='unlbg-style1 unlike-3521 jlk' href='javascript:void(0)' data-task='unlike' data-post_id='3521' data-nonce='0a220ac3fb' rel='nofollow'><img class='wti-pixel' src='https:\/\/www.fftt.com\/observatoire\/wp-content\/plugins\/wti-like-post\/images\/pixel.gif' title='Je n&#039;aime pas' \/><span class='unlc-3521 unlc'>0<\/span><\/a><\/div> <\/div> <div class='status-3521 status align-right'><\/div><\/div><div class='wti-clear'><\/div><p>[et_pb_section fb_built=\u00a0\u00bb1&Prime; _builder_version=\u00a0\u00bb4.27.4&Prime; _module_preset=\u00a0\u00bbdefault\u00a0\u00bb global_colors_info=\u00a0\u00bb{}\u00a0\u00bb theme_builder_area=\u00a0\u00bbpost_content\u00a0\u00bb][et_pb_row column_structure=\u00a0\u00bb3_4,1_4&Prime; _builder_version=\u00a0\u00bb4.27.4&Prime; _module_preset=\u00a0\u00bbdefault\u00a0\u00bb global_colors_info=\u00a0\u00bb{}\u00a0\u00bb theme_builder_area=\u00a0\u00bbpost_content\u00a0\u00bb][et_pb_column type=\u00a0\u00bb3_4&Prime; _builder_version=\u00a0\u00bb4.27.4&Prime; _module_preset=\u00a0\u00bbdefault\u00a0\u00bb global_colors_info=\u00a0\u00bb{}\u00a0\u00bb theme_builder_area=\u00a0\u00bbpost_content\u00a0\u00bb][et_pb_text _builder_version=\u00a0\u00bb4.27.4&Prime; _module_preset=\u00a0\u00bbdefault\u00a0\u00bb hover_enabled=\u00a0\u00bb0&Prime; global_colors_info=\u00a0\u00bb{}\u00a0\u00bb theme_builder_area=\u00a0\u00bbpost_content\u00a0\u00bb sticky_enabled=\u00a0\u00bb0&Prime;]<\/p>\n<p><strong>Responsable de l\u2019action : Fabien Hervouet<\/strong><\/p>\n<p><strong>Structure : Entente Allonnes Villebernier<\/strong><\/p>\n<p><strong>Nom de l\u2019action : C\u00e9l\u00e9bration des anniversaires des joueurs du club<\/strong><\/p>\n<p>&nbsp;<\/p>\n<p><strong>Objectifs recherch\u00e9s &#8211; Publics cibles :\u00a0<\/strong><\/p>\n<p>Am\u00e9liorer la coh\u00e9sion entre les joueurs de tous niveaux par un rituel de<br \/>c\u00e9l\u00e9bration des anniversaires du mois en cours.<\/p>\n<p><strong>Ressources humaines et mat\u00e9rielles<\/strong>\u00a0:<\/p>\n<p>Un suivi rigoureux de notre tr\u00e9sorier qui s&rsquo;occupe d&rsquo;organiser un pot<br \/>d&rsquo;anniversaire nous permet de maintenir ce rituel.<\/p>\n<p><strong>Descriptif de l\u2019action :<\/strong><\/p>\n<p>Le jour de l&rsquo;anniversaire d&rsquo;une joueuse ou d&rsquo;un joueur, nous partageons<br \/>l&rsquo;information sur le groupe Whatsapp.<br \/>A la fin du mois, nous organisons un pot dans notre petite salle pour \u00e9changer et<br \/>discuter avec les joueurs qui ne sont pas forc\u00e9ment sur les m\u00eames cr\u00e9neaux<br \/>d\u2019entra\u00eenement.<\/p>\n<p><strong>R\u00e9sultats obtenus :<\/strong><\/p>\n<p>L&rsquo;atout principal est de partager un moment ensemble en dehors des matchs, afin<br \/>de conserver une coh\u00e9sion de groupe.<\/p>\n<p><a href=\"https:\/\/www.fftt.com\/observatoire\/wp-content\/uploads\/2025\/08\/ENTENTE-ALLONNES-VILLEBERNIER-Rituel-anniversaires.pdf\" target=\"_blank\" rel=\"noopener\" title=\"Anniversaires\"><strong>Lien vers la fiche \u00e0 t\u00e9l\u00e9charger<\/strong><\/a><\/p>\n<p>[\/et_pb_text][\/et_pb_column][et_pb_column type=\u00a0\u00bb1_4&Prime; _builder_version=\u00a0\u00bb4.27.4&Prime; _module_preset=\u00a0\u00bbdefault\u00a0\u00bb global_colors_info=\u00a0\u00bb{}\u00a0\u00bb theme_builder_area=\u00a0\u00bbpost_content\u00a0\u00bb][et_pb_image src=\u00a0\u00bbhttps:\/\/www.fftt.com\/observatoire\/wp-content\/uploads\/2025\/08\/ENTENTE-ALLONNES-VILLEBERNIER-Rituel-anniversaires-1.png\u00a0\u00bb _builder_version=\u00a0\u00bb4.27.4&Prime; _module_preset=\u00a0\u00bbdefault\u00a0\u00bb hover_enabled=\u00a0\u00bb0&Prime; global_colors_info=\u00a0\u00bb{}\u00a0\u00bb theme_builder_area=\u00a0\u00bbpost_content\u00a0\u00bb title_text=\u00a0\u00bbENTENTE ALLONNES VILLEBERNIER &#8211; Rituel anniversaires-1&Prime; url=\u00a0\u00bbhttps:\/\/www.fftt.com\/observatoire\/wp-content\/uploads\/2025\/08\/ENTENTE-ALLONNES-VILLEBERNIER-Rituel-anniversaires.pdf\u00a0\u00bb sticky_enabled=\u00a0\u00bb0&Prime;][\/et_pb_image][\/et_pb_column][\/et_pb_row][\/et_pb_section]<\/p>\n","protected":false},"excerpt":{"rendered":"<p>Responsable de l\u2019action : Fabien Hervouet Structure : Entente Allonnes Villebernier Nom de l\u2019action : C\u00e9l\u00e9bration des anniversaires des joueurs du club &nbsp; Objectifs recherch\u00e9s &#8211; Publics cibles :\u00a0 Am\u00e9liorer la coh\u00e9sion entre les joueurs de tous niveaux par un rituel dec\u00e9l\u00e9bration des anniversaires du mois en cours. Ressources humaines et mat\u00e9rielles\u00a0: Un suivi rigoureux [&hellip;]<\/p>\n","protected":false},"author":6,"featured_media":0,"comment_status":"closed","ping_status":"closed","sticky":false,"template":"","format":"standard","meta":{"_et_pb_use_builder":"on","_et_pb_old_content":"","_et_gb_content_width":"","footnotes":""},"categories":[181],"tags":[288,287],"post_folder":[86,87],"class_list":["post-3521","post","type-post","status-publish","format-standard","hentry","category-ping-inclusif","tag-associativite","tag-cohesion"],"_links":{"self":[{"href":"https:\/\/www.fftt.com\/observatoire\/wp-json\/wp\/v2\/posts\/3521","targetHints":{"allow":["GET"]}}],"collection":[{"href":"https:\/\/www.fftt.com\/observatoire\/wp-json\/wp\/v2\/posts"}],"about":[{"href":"https:\/\/www.fftt.com\/observatoire\/wp-json\/wp\/v2\/types\/post"}],"author":[{"embeddable":true,"href":"https:\/\/www.fftt.com\/observatoire\/wp-json\/wp\/v2\/users\/6"}],"replies":[{"embeddable":true,"href":"https:\/\/www.fftt.com\/observatoire\/wp-json\/wp\/v2\/comments?post=3521"}],"version-history":[{"count":4,"href":"https:\/\/www.fftt.com\/observatoire\/wp-json\/wp\/v2\/posts\/3521\/revisions"}],"predecessor-version":[{"id":3529,"href":"https:\/\/www.fftt.com\/observatoire\/wp-json\/wp\/v2\/posts\/3521\/revisions\/3529"}],"wp:attachment":[{"href":"https:\/\/www.fftt.com\/observatoire\/wp-json\/wp\/v2\/media?parent=3521"}],"wp:term":[{"taxonomy":"category","embeddable":true,"href":"https:\/\/www.fftt.com\/observatoire\/wp-json\/wp\/v2\/categories?post=3521"},{"taxonomy":"post_tag","embeddable":true,"href":"https:\/\/www.fftt.com\/observatoire\/wp-json\/wp\/v2\/tags?post=3521"},{"taxonomy":"post_folder","embeddable":true,"href":"https:\/\/www.fftt.com\/observatoire\/wp-json\/wp\/v2\/post_folder?post=3521"}],"curies":[{"name":"wp","href":"https:\/\/api.w.org\/{rel}","templated":true}]}}