{"id":3552,"date":"2025-08-05T18:46:04","date_gmt":"2025-08-05T16:46:04","guid":{"rendered":"https:\/\/www.fftt.com\/observatoire\/?p=3552"},"modified":"2025-08-05T18:46:10","modified_gmt":"2025-08-05T16:46:10","slug":"la-pazenaise-tournoi-national-b","status":"publish","type":"post","link":"https:\/\/www.fftt.com\/observatoire\/la-pazenaise-tournoi-national-b\/","title":{"rendered":"LA PAZENAISE &#8211; Tournoi national B"},"content":{"rendered":"<div class='watch-action'><div class='watch-position align-right'><div class='action-like'><a class='lbg-style1 like-3552 jlk' href='javascript:void(0)' data-task='like' data-post_id='3552' data-nonce='0a220ac3fb' rel='nofollow'><img class='wti-pixel' src='https:\/\/www.fftt.com\/observatoire\/wp-content\/plugins\/wti-like-post\/images\/pixel.gif' title='J&#039;aime' \/><span class='lc-3552 lc'>0<\/span><\/a><\/div><div class='action-unlike'><a class='unlbg-style1 unlike-3552 jlk' href='javascript:void(0)' data-task='unlike' data-post_id='3552' data-nonce='0a220ac3fb' rel='nofollow'><img class='wti-pixel' src='https:\/\/www.fftt.com\/observatoire\/wp-content\/plugins\/wti-like-post\/images\/pixel.gif' title='Je n&#039;aime pas' \/><span class='unlc-3552 unlc'>0<\/span><\/a><\/div> <\/div> <div class='status-3552 status align-right'><\/div><\/div><div class='wti-clear'><\/div><p>[et_pb_section fb_built=\u00a0\u00bb1&Prime; _builder_version=\u00a0\u00bb4.27.4&Prime; _module_preset=\u00a0\u00bbdefault\u00a0\u00bb global_colors_info=\u00a0\u00bb{}\u00a0\u00bb theme_builder_area=\u00a0\u00bbpost_content\u00a0\u00bb][et_pb_row column_structure=\u00a0\u00bb3_4,1_4&Prime; _builder_version=\u00a0\u00bb4.27.4&Prime; _module_preset=\u00a0\u00bbdefault\u00a0\u00bb global_colors_info=\u00a0\u00bb{}\u00a0\u00bb theme_builder_area=\u00a0\u00bbpost_content\u00a0\u00bb][et_pb_column type=\u00a0\u00bb3_4&Prime; _builder_version=\u00a0\u00bb4.27.4&Prime; _module_preset=\u00a0\u00bbdefault\u00a0\u00bb global_colors_info=\u00a0\u00bb{}\u00a0\u00bb theme_builder_area=\u00a0\u00bbpost_content\u00a0\u00bb][et_pb_text _builder_version=\u00a0\u00bb4.27.4&Prime; _module_preset=\u00a0\u00bbdefault\u00a0\u00bb hover_enabled=\u00a0\u00bb0&Prime; global_colors_info=\u00a0\u00bb{}\u00a0\u00bb theme_builder_area=\u00a0\u00bbpost_content\u00a0\u00bb sticky_enabled=\u00a0\u00bb0&Prime;]<\/p>\n<p><strong>Responsable de l\u2019action : St\u00e9phane Maisonneuve<\/strong><\/p>\n<p><strong>Structure : La Pazenaise TT<\/strong><\/p>\n<p><strong>Nom de l\u2019action : Tournoi National B<\/strong><\/p>\n<p>&nbsp;<\/p>\n<p><strong>Objectifs recherch\u00e9s &#8211; Publics cibles :\u00a0<\/strong><\/p>\n<p>Objectifs :<br \/>&#8211; Gain financier afin de pouvoir maintenir un emploi \u00e0 temps plein dans le club.<br \/>&#8211; Faire connaitre le club \u00e0 de nombreux.euses licenci\u00e9.e.s.<br \/>&#8211; F\u00e9d\u00e9rer les b\u00e9n\u00e9voles au sein du club.<br \/>&#8211; Organiser un tournoi avec des conditions de jeu comparables \u00e0 celles des comp\u00e9titions par \u00e9quipe.<\/p>\n<p><strong>Ressources humaines et mat\u00e9rielles<\/strong>\u00a0:<\/p>\n<p>&#8211; \u00e9quipe de b\u00e9n\u00e9voles pour l&rsquo;organisation en amont et le jour J<br \/>&#8211; 2 JA<\/p>\n<p><strong>Descriptif de l\u2019action :<\/strong><\/p>\n<p>Gestion des inscriptions en fonction des places disponibles par tableau (vu en accord avec les JA pr\u00e9sents sur le week-end). Organisation du d\u00e9placement du mat\u00e9riel pour aller dans une salle de la commune plus adapt\u00e9e.<br \/>La veille : Mise en place des tables et du mat\u00e9riel&#8230;<\/p>\n<p><strong>R\u00e9sultats obtenus :<\/strong><\/p>\n<p>Gain financier : +4000\u20ac de b\u00e9n\u00e9fices<br \/>Faire connaitre le club : +350 joueur.euse.s inscrit.e.s (+700 tableaux)<br \/>F\u00e9d\u00e9rer les b\u00e9n\u00e9voles : une 40aine de b\u00e9n\u00e9voles se sont relay\u00e9s sur le week-end<\/p>\n<p><a href=\"https:\/\/www.fftt.com\/observatoire\/wp-content\/uploads\/2025\/08\/LA-PAZENAISE-Tournoi-Nationnal-B.pdf\" target=\"_blank\" rel=\"noopener\" title=\"Tournoi National B\"><strong>Lien vers la fiche \u00e0 t\u00e9l\u00e9charger<\/strong><\/a><\/p>\n<p>[\/et_pb_text][\/et_pb_column][et_pb_column type=\u00a0\u00bb1_4&Prime; _builder_version=\u00a0\u00bb4.27.4&Prime; _module_preset=\u00a0\u00bbdefault\u00a0\u00bb global_colors_info=\u00a0\u00bb{}\u00a0\u00bb theme_builder_area=\u00a0\u00bbpost_content\u00a0\u00bb][et_pb_image src=\u00a0\u00bbhttps:\/\/www.fftt.com\/observatoire\/wp-content\/uploads\/2025\/08\/LA-PAZENAISE-Tournoi-Nationnal-B-1.png\u00a0\u00bb title_text=\u00a0\u00bbLA PAZENAISE &#8211; Tournoi Nationnal B-1&Prime; _builder_version=\u00a0\u00bb4.27.4&Prime; _module_preset=\u00a0\u00bbdefault\u00a0\u00bb hover_enabled=\u00a0\u00bb0&Prime; global_colors_info=\u00a0\u00bb{}\u00a0\u00bb theme_builder_area=\u00a0\u00bbpost_content\u00a0\u00bb url=\u00a0\u00bbhttps:\/\/www.fftt.com\/observatoire\/wp-content\/uploads\/2025\/08\/LA-PAZENAISE-Tournoi-Nationnal-B.pdf\u00a0\u00bb sticky_enabled=\u00a0\u00bb0&Prime;][\/et_pb_image][\/et_pb_column][\/et_pb_row][\/et_pb_section]<\/p>\n","protected":false},"excerpt":{"rendered":"<p>Responsable de l\u2019action : St\u00e9phane Maisonneuve Structure : La Pazenaise TT Nom de l\u2019action : Tournoi National B &nbsp; Objectifs recherch\u00e9s &#8211; Publics cibles :\u00a0 Objectifs :- Gain financier afin de pouvoir maintenir un emploi \u00e0 temps plein dans le club.- Faire connaitre le club \u00e0 de nombreux.euses licenci\u00e9.e.s.- F\u00e9d\u00e9rer les b\u00e9n\u00e9voles au sein du [&hellip;]<\/p>\n","protected":false},"author":6,"featured_media":0,"comment_status":"closed","ping_status":"closed","sticky":false,"template":"","format":"standard","meta":{"_et_pb_use_builder":"on","_et_pb_old_content":"","_et_gb_content_width":"","footnotes":""},"categories":[200,182],"tags":[18,224],"post_folder":[90],"class_list":["post-3552","post","type-post","status-publish","format-standard","hentry","category-coupes-et-tournoi","category-ping-competitif","tag-competition","tag-tournoi-national"],"_links":{"self":[{"href":"https:\/\/www.fftt.com\/observatoire\/wp-json\/wp\/v2\/posts\/3552","targetHints":{"allow":["GET"]}}],"collection":[{"href":"https:\/\/www.fftt.com\/observatoire\/wp-json\/wp\/v2\/posts"}],"about":[{"href":"https:\/\/www.fftt.com\/observatoire\/wp-json\/wp\/v2\/types\/post"}],"author":[{"embeddable":true,"href":"https:\/\/www.fftt.com\/observatoire\/wp-json\/wp\/v2\/users\/6"}],"replies":[{"embeddable":true,"href":"https:\/\/www.fftt.com\/observatoire\/wp-json\/wp\/v2\/comments?post=3552"}],"version-history":[{"count":5,"href":"https:\/\/www.fftt.com\/observatoire\/wp-json\/wp\/v2\/posts\/3552\/revisions"}],"predecessor-version":[{"id":3557,"href":"https:\/\/www.fftt.com\/observatoire\/wp-json\/wp\/v2\/posts\/3552\/revisions\/3557"}],"wp:attachment":[{"href":"https:\/\/www.fftt.com\/observatoire\/wp-json\/wp\/v2\/media?parent=3552"}],"wp:term":[{"taxonomy":"category","embeddable":true,"href":"https:\/\/www.fftt.com\/observatoire\/wp-json\/wp\/v2\/categories?post=3552"},{"taxonomy":"post_tag","embeddable":true,"href":"https:\/\/www.fftt.com\/observatoire\/wp-json\/wp\/v2\/tags?post=3552"},{"taxonomy":"post_folder","embeddable":true,"href":"https:\/\/www.fftt.com\/observatoire\/wp-json\/wp\/v2\/post_folder?post=3552"}],"curies":[{"name":"wp","href":"https:\/\/api.w.org\/{rel}","templated":true}]}}