{"id":3561,"date":"2025-08-05T18:55:55","date_gmt":"2025-08-05T16:55:55","guid":{"rendered":"https:\/\/www.fftt.com\/observatoire\/?p=3561"},"modified":"2025-08-05T18:55:55","modified_gmt":"2025-08-05T16:55:55","slug":"le-plessis-grammoire-asc-repas-de-fin-dannee","status":"publish","type":"post","link":"https:\/\/www.fftt.com\/observatoire\/le-plessis-grammoire-asc-repas-de-fin-dannee\/","title":{"rendered":"LE PLESSIS GRAMMOIRE-ASC &#8211; Repas de fin d&rsquo;ann\u00e9e"},"content":{"rendered":"<div class='watch-action'><div class='watch-position align-right'><div class='action-like'><a class='lbg-style1 like-3561 jlk' href='javascript:void(0)' data-task='like' data-post_id='3561' data-nonce='0a220ac3fb' rel='nofollow'><img class='wti-pixel' src='https:\/\/www.fftt.com\/observatoire\/wp-content\/plugins\/wti-like-post\/images\/pixel.gif' title='J&#039;aime' \/><span class='lc-3561 lc'>0<\/span><\/a><\/div><div class='action-unlike'><a class='unlbg-style1 unlike-3561 jlk' href='javascript:void(0)' data-task='unlike' data-post_id='3561' data-nonce='0a220ac3fb' rel='nofollow'><img class='wti-pixel' src='https:\/\/www.fftt.com\/observatoire\/wp-content\/plugins\/wti-like-post\/images\/pixel.gif' title='Je n&#039;aime pas' \/><span class='unlc-3561 unlc'>0<\/span><\/a><\/div> <\/div> <div class='status-3561 status align-right'><\/div><\/div><div class='wti-clear'><\/div><p>[et_pb_section fb_built=\u00a0\u00bb1&Prime; _builder_version=\u00a0\u00bb4.27.4&Prime; _module_preset=\u00a0\u00bbdefault\u00a0\u00bb global_colors_info=\u00a0\u00bb{}\u00a0\u00bb theme_builder_area=\u00a0\u00bbpost_content\u00a0\u00bb][et_pb_row column_structure=\u00a0\u00bb3_4,1_4&Prime; _builder_version=\u00a0\u00bb4.27.4&Prime; _module_preset=\u00a0\u00bbdefault\u00a0\u00bb global_colors_info=\u00a0\u00bb{}\u00a0\u00bb theme_builder_area=\u00a0\u00bbpost_content\u00a0\u00bb][et_pb_column type=\u00a0\u00bb3_4&Prime; _builder_version=\u00a0\u00bb4.27.4&Prime; _module_preset=\u00a0\u00bbdefault\u00a0\u00bb global_colors_info=\u00a0\u00bb{}\u00a0\u00bb theme_builder_area=\u00a0\u00bbpost_content\u00a0\u00bb][et_pb_text _builder_version=\u00a0\u00bb4.27.4&Prime; _module_preset=\u00a0\u00bbdefault\u00a0\u00bb hover_enabled=\u00a0\u00bb0&Prime; global_colors_info=\u00a0\u00bb{}\u00a0\u00bb theme_builder_area=\u00a0\u00bbpost_content\u00a0\u00bb sticky_enabled=\u00a0\u00bb0&Prime;]<\/p>\n<p><strong>Responsable de l\u2019action : Haye Ludovic<\/strong><\/p>\n<p><strong>Structure : LE PLESSIS GRAMMOIRE-ASC<\/strong><\/p>\n<p><strong>Nom de l\u2019action : Repas de fin d&rsquo;ann\u00e9e<\/strong><\/p>\n<p>&nbsp;<\/p>\n<p><strong>Objectifs recherch\u00e9s &#8211; Publics cibles :\u00a0<\/strong><\/p>\n<p>Passer un moment convivial avec un maximum de licenci\u00e9s du club.<br \/>A cette occasion, la moiti\u00e9 du club avait r\u00e9pondu pr\u00e9sent.<br \/>Pouvoir se retrouver et \u00e9changer diff\u00e9remment que derri\u00e8re une table de tennis de table.<\/p>\n<p><strong>Ressources humaines et mat\u00e9rielles<\/strong>\u00a0:<\/p>\n<p>Les 7 membres du bureaux ont particip\u00e9 \u00e0 la r\u00e9alisation de cette journ\u00e9e.<br \/>Besoin de trouver 4 appareils \u00e0 raclette et 2 fait-touts pour la cuisson.<br \/>Jeux de soci\u00e9t\u00e9 et jeux de plein air.<\/p>\n<p><strong>Descriptif de l\u2019action :<\/strong><\/p>\n<p>Arriv\u00e9e des membres du bureau 2h avant le d\u00e9but du repas pour pr\u00e9parer la salle et le repas.<br \/>Pr\u00e9paration de l&rsquo;ap\u00e9ritif (offert par le club)<br \/>Passage \u00e0 table pour la raclette<br \/>Apr\u00e8s midi jeux de soci\u00e9t\u00e9 et jeux d&rsquo;ext\u00e9rieur<\/p>\n<p><strong>R\u00e9sultats obtenus :<\/strong><\/p>\n<p>Le but est de cr\u00e9er de la coh\u00e9sion et de la bienveillance au sein du club<br \/>Apprendre \u00e0 mieux se connaitre<br \/>\u00c9changer, rire et s&rsquo;amuser<br \/>Nous \u00e9tions 25 personnes \u00e0 table<br \/>gain de 130\u20ac pour le club<\/p>\n<p><a href=\"https:\/\/www.fftt.com\/observatoire\/wp-content\/uploads\/2025\/08\/PLESSIS-GRAMMOIRE-Repas-fin-dannee.pdf\" target=\"_blank\" rel=\"noopener\" title=\"Repas de fin d'ann\u00e9e\"><strong>Lien vers la fiche \u00e0 t\u00e9l\u00e9charger<\/strong><\/a><\/p>\n<p>[\/et_pb_text][\/et_pb_column][et_pb_column type=\u00a0\u00bb1_4&Prime; _builder_version=\u00a0\u00bb4.27.4&Prime; _module_preset=\u00a0\u00bbdefault\u00a0\u00bb global_colors_info=\u00a0\u00bb{}\u00a0\u00bb theme_builder_area=\u00a0\u00bbpost_content\u00a0\u00bb][et_pb_image src=\u00a0\u00bbhttps:\/\/www.fftt.com\/observatoire\/wp-content\/uploads\/2025\/08\/PLESSIS-GRAMMOIRE-Repas-fin-dannee-1.png\u00a0\u00bb title_text=\u00a0\u00bbPLESSIS GRAMMOIRE &#8211; Repas fin d&rsquo;ann\u00e9e-1&Prime; _builder_version=\u00a0\u00bb4.27.4&Prime; _module_preset=\u00a0\u00bbdefault\u00a0\u00bb hover_enabled=\u00a0\u00bb0&Prime; global_colors_info=\u00a0\u00bb{}\u00a0\u00bb theme_builder_area=\u00a0\u00bbpost_content\u00a0\u00bb url=\u00a0\u00bbhttps:\/\/www.fftt.com\/observatoire\/wp-content\/uploads\/2025\/08\/PLESSIS-GRAMMOIRE-Repas-fin-dannee.pdf\u00a0\u00bb sticky_enabled=\u00a0\u00bb0&Prime;][\/et_pb_image][\/et_pb_column][\/et_pb_row][\/et_pb_section]<\/p>\n","protected":false},"excerpt":{"rendered":"<p>Responsable de l\u2019action : Haye Ludovic Structure : LE PLESSIS GRAMMOIRE-ASC Nom de l\u2019action : Repas de fin d&rsquo;ann\u00e9e &nbsp; Objectifs recherch\u00e9s &#8211; Publics cibles :\u00a0 Passer un moment convivial avec un maximum de licenci\u00e9s du club.A cette occasion, la moiti\u00e9 du club avait r\u00e9pondu pr\u00e9sent.Pouvoir se retrouver et \u00e9changer diff\u00e9remment que derri\u00e8re une table [&hellip;]<\/p>\n","protected":false},"author":6,"featured_media":0,"comment_status":"closed","ping_status":"closed","sticky":false,"template":"","format":"standard","meta":{"_et_pb_use_builder":"on","_et_pb_old_content":"","_et_gb_content_width":"","footnotes":""},"categories":[181],"tags":[288,287,290,289],"post_folder":[],"class_list":["post-3561","post","type-post","status-publish","format-standard","hentry","category-ping-inclusif","tag-associativite","tag-cohesion","tag-convivialite","tag-repas-inclusif"],"_links":{"self":[{"href":"https:\/\/www.fftt.com\/observatoire\/wp-json\/wp\/v2\/posts\/3561","targetHints":{"allow":["GET"]}}],"collection":[{"href":"https:\/\/www.fftt.com\/observatoire\/wp-json\/wp\/v2\/posts"}],"about":[{"href":"https:\/\/www.fftt.com\/observatoire\/wp-json\/wp\/v2\/types\/post"}],"author":[{"embeddable":true,"href":"https:\/\/www.fftt.com\/observatoire\/wp-json\/wp\/v2\/users\/6"}],"replies":[{"embeddable":true,"href":"https:\/\/www.fftt.com\/observatoire\/wp-json\/wp\/v2\/comments?post=3561"}],"version-history":[{"count":4,"href":"https:\/\/www.fftt.com\/observatoire\/wp-json\/wp\/v2\/posts\/3561\/revisions"}],"predecessor-version":[{"id":3566,"href":"https:\/\/www.fftt.com\/observatoire\/wp-json\/wp\/v2\/posts\/3561\/revisions\/3566"}],"wp:attachment":[{"href":"https:\/\/www.fftt.com\/observatoire\/wp-json\/wp\/v2\/media?parent=3561"}],"wp:term":[{"taxonomy":"category","embeddable":true,"href":"https:\/\/www.fftt.com\/observatoire\/wp-json\/wp\/v2\/categories?post=3561"},{"taxonomy":"post_tag","embeddable":true,"href":"https:\/\/www.fftt.com\/observatoire\/wp-json\/wp\/v2\/tags?post=3561"},{"taxonomy":"post_folder","embeddable":true,"href":"https:\/\/www.fftt.com\/observatoire\/wp-json\/wp\/v2\/post_folder?post=3561"}],"curies":[{"name":"wp","href":"https:\/\/api.w.org\/{rel}","templated":true}]}}