{"id":3603,"date":"2025-08-06T09:44:14","date_gmt":"2025-08-06T07:44:14","guid":{"rendered":"https:\/\/www.fftt.com\/observatoire\/?p=3603"},"modified":"2025-08-06T09:44:14","modified_gmt":"2025-08-06T07:44:14","slug":"sa-st-sever-ecole-des-jeunes","status":"publish","type":"post","link":"https:\/\/www.fftt.com\/observatoire\/sa-st-sever-ecole-des-jeunes\/","title":{"rendered":"SA ST SEVER &#8211; Ecole des jeunes"},"content":{"rendered":"<div class='watch-action'><div class='watch-position align-right'><div class='action-like'><a class='lbg-style1 like-3603 jlk' href='javascript:void(0)' data-task='like' data-post_id='3603' data-nonce='0a220ac3fb' rel='nofollow'><img class='wti-pixel' src='https:\/\/www.fftt.com\/observatoire\/wp-content\/plugins\/wti-like-post\/images\/pixel.gif' title='J&#039;aime' \/><span class='lc-3603 lc'>0<\/span><\/a><\/div><div class='action-unlike'><a class='unlbg-style1 unlike-3603 jlk' href='javascript:void(0)' data-task='unlike' data-post_id='3603' data-nonce='0a220ac3fb' rel='nofollow'><img class='wti-pixel' src='https:\/\/www.fftt.com\/observatoire\/wp-content\/plugins\/wti-like-post\/images\/pixel.gif' title='Je n&#039;aime pas' \/><span class='unlc-3603 unlc'>0<\/span><\/a><\/div> <\/div> <div class='status-3603 status align-right'><\/div><\/div><div class='wti-clear'><\/div><p>[et_pb_section fb_built=\u00a0\u00bb1&Prime; _builder_version=\u00a0\u00bb4.27.4&Prime; _module_preset=\u00a0\u00bbdefault\u00a0\u00bb global_colors_info=\u00a0\u00bb{}\u00a0\u00bb theme_builder_area=\u00a0\u00bbpost_content\u00a0\u00bb][et_pb_row column_structure=\u00a0\u00bb3_5,2_5&Prime; _builder_version=\u00a0\u00bb4.27.4&Prime; _module_preset=\u00a0\u00bbdefault\u00a0\u00bb global_colors_info=\u00a0\u00bb{}\u00a0\u00bb theme_builder_area=\u00a0\u00bbpost_content\u00a0\u00bb][et_pb_column type=\u00a0\u00bb3_5&Prime; _builder_version=\u00a0\u00bb4.27.4&Prime; _module_preset=\u00a0\u00bbdefault\u00a0\u00bb global_colors_info=\u00a0\u00bb{}\u00a0\u00bb theme_builder_area=\u00a0\u00bbpost_content\u00a0\u00bb][et_pb_text _builder_version=\u00a0\u00bb4.27.4&Prime; _module_preset=\u00a0\u00bbdefault\u00a0\u00bb hover_enabled=\u00a0\u00bb0&Prime; global_colors_info=\u00a0\u00bb{}\u00a0\u00bb theme_builder_area=\u00a0\u00bbpost_content\u00a0\u00bb sticky_enabled=\u00a0\u00bb0&Prime;]<\/p>\n<p><strong>Responsable de l\u2019action : WAUTERS Pascal<\/strong><\/p>\n<p><strong>Structure : SA ST SEVER TT<\/strong><\/p>\n<p><strong>Nom de l\u2019action : ECOLE DES JEUNES<\/strong><\/p>\n<p>&nbsp;<\/p>\n<p><strong>Objectifs recherch\u00e9s &#8211; Publics cibles :\u00a0<\/strong><\/p>\n<p>1 &#8211; Formation des jeunes<\/p>\n<p>2 &#8211; Responsabilisation des ados<\/p>\n<p><strong>Ressources humaines et mat\u00e9rielles<\/strong>\u00a0:<\/p>\n<p>&#8211; 1 entra\u00eeneur professionnel DESJEPS<br \/>&#8211; 3 entra\u00eeneurs b\u00e9n\u00e9voles dipl\u00f4m\u00e9s<\/p>\n<p>Tables, balles, raquettes, s\u00e9parations et mat\u00e9riels p\u00e9dagogiques (robots, etc&#8230;)<\/p>\n<p><strong>Descriptif de l\u2019action :<\/strong><\/p>\n<p>&#8211; accueil des jeunes licenci\u00e9s<br \/>&#8211; \u00e9chauffement<br \/>&#8211; apprentissage technique<br \/>&#8211; psychomotricit\u00e9<br \/>&#8211; exercices techniques<br \/>&#8211; rangement du mat\u00e9riel<\/p>\n<p><strong>R\u00e9sultats obtenus :<\/strong><\/p>\n<p>&#8211; Gain en licenci\u00e9s : le nombre de licenci\u00e9s de moins de 16 ans est pass\u00e9 de 15 la saison 2023\/2024 \u00e0 32 pour la saison 2024\/2025.<\/p>\n<p>&#8211; Notori\u00e9t\u00e9<\/p>\n<p>&#8211; R\u00e9sultats sportifs (acc\u00e8s au niveau r\u00e9gional en crit\u00e9rium)<\/p>\n<p><a href=\"https:\/\/www.fftt.com\/observatoire\/wp-content\/uploads\/2025\/08\/SA-ST-SEVER-ecole-jeunes.pdf\" target=\"_blank\" rel=\"noopener\" title=\"Ecole des jeunes\"><strong>Lien vers la fiche \u00e0 t\u00e9l\u00e9charger<\/strong><\/a><\/p>\n<p>[\/et_pb_text][\/et_pb_column][et_pb_column type=\u00a0\u00bb2_5&Prime; _builder_version=\u00a0\u00bb4.27.4&Prime; _module_preset=\u00a0\u00bbdefault\u00a0\u00bb global_colors_info=\u00a0\u00bb{}\u00a0\u00bb theme_builder_area=\u00a0\u00bbpost_content\u00a0\u00bb][et_pb_image src=\u00a0\u00bbhttps:\/\/www.fftt.com\/observatoire\/wp-content\/uploads\/2025\/08\/SA-ST-SEVER-ecole-jeunes-1.png\u00a0\u00bb title_text=\u00a0\u00bbSA ST SEVER &#8211; \u00e9cole jeunes-1&Prime; _builder_version=\u00a0\u00bb4.27.4&Prime; _module_preset=\u00a0\u00bbdefault\u00a0\u00bb hover_enabled=\u00a0\u00bb0&Prime; global_colors_info=\u00a0\u00bb{}\u00a0\u00bb theme_builder_area=\u00a0\u00bbpost_content\u00a0\u00bb url=\u00a0\u00bbhttps:\/\/www.fftt.com\/observatoire\/wp-content\/uploads\/2025\/08\/SA-ST-SEVER-ecole-jeunes.pdf\u00a0\u00bb sticky_enabled=\u00a0\u00bb0&Prime;][\/et_pb_image][\/et_pb_column][\/et_pb_row][\/et_pb_section]<\/p>\n","protected":false},"excerpt":{"rendered":"<p>Responsable de l\u2019action : WAUTERS Pascal Structure : SA ST SEVER TT Nom de l\u2019action : ECOLE DES JEUNES &nbsp; Objectifs recherch\u00e9s &#8211; Publics cibles :\u00a0 1 &#8211; Formation des jeunes 2 &#8211; Responsabilisation des ados Ressources humaines et mat\u00e9rielles\u00a0: &#8211; 1 entra\u00eeneur professionnel DESJEPS- 3 entra\u00eeneurs b\u00e9n\u00e9voles dipl\u00f4m\u00e9s Tables, balles, raquettes, s\u00e9parations et mat\u00e9riels [&hellip;]<\/p>\n","protected":false},"author":6,"featured_media":0,"comment_status":"closed","ping_status":"closed","sticky":false,"template":"","format":"standard","meta":{"_et_pb_use_builder":"on","_et_pb_old_content":"","_et_gb_content_width":"","footnotes":""},"categories":[183,185,179],"tags":[241,221],"post_folder":[88],"class_list":["post-3603","post","type-post","status-publish","format-standard","hentry","category-ping4-7ans","category-ping8-12","category-ping-educatif","tag-ecole-tt","tag-formation-jeunes"],"_links":{"self":[{"href":"https:\/\/www.fftt.com\/observatoire\/wp-json\/wp\/v2\/posts\/3603","targetHints":{"allow":["GET"]}}],"collection":[{"href":"https:\/\/www.fftt.com\/observatoire\/wp-json\/wp\/v2\/posts"}],"about":[{"href":"https:\/\/www.fftt.com\/observatoire\/wp-json\/wp\/v2\/types\/post"}],"author":[{"embeddable":true,"href":"https:\/\/www.fftt.com\/observatoire\/wp-json\/wp\/v2\/users\/6"}],"replies":[{"embeddable":true,"href":"https:\/\/www.fftt.com\/observatoire\/wp-json\/wp\/v2\/comments?post=3603"}],"version-history":[{"count":4,"href":"https:\/\/www.fftt.com\/observatoire\/wp-json\/wp\/v2\/posts\/3603\/revisions"}],"predecessor-version":[{"id":3608,"href":"https:\/\/www.fftt.com\/observatoire\/wp-json\/wp\/v2\/posts\/3603\/revisions\/3608"}],"wp:attachment":[{"href":"https:\/\/www.fftt.com\/observatoire\/wp-json\/wp\/v2\/media?parent=3603"}],"wp:term":[{"taxonomy":"category","embeddable":true,"href":"https:\/\/www.fftt.com\/observatoire\/wp-json\/wp\/v2\/categories?post=3603"},{"taxonomy":"post_tag","embeddable":true,"href":"https:\/\/www.fftt.com\/observatoire\/wp-json\/wp\/v2\/tags?post=3603"},{"taxonomy":"post_folder","embeddable":true,"href":"https:\/\/www.fftt.com\/observatoire\/wp-json\/wp\/v2\/post_folder?post=3603"}],"curies":[{"name":"wp","href":"https:\/\/api.w.org\/{rel}","templated":true}]}}