{"id":3612,"date":"2025-08-06T09:54:11","date_gmt":"2025-08-06T07:54:11","guid":{"rendered":"https:\/\/www.fftt.com\/observatoire\/?p=3612"},"modified":"2026-03-05T09:12:01","modified_gmt":"2026-03-05T08:12:01","slug":"sa-st-sever-tt-ping-au-feminin","status":"publish","type":"post","link":"https:\/\/www.fftt.com\/observatoire\/sa-st-sever-tt-ping-au-feminin\/","title":{"rendered":"SA ST SEVER TT &#8211; Ping au f\u00e9minin"},"content":{"rendered":"<div class='watch-action'><div class='watch-position align-right'><div class='action-like'><a class='lbg-style1 like-3612 jlk' href='javascript:void(0)' data-task='like' data-post_id='3612' data-nonce='0a220ac3fb' rel='nofollow'><img class='wti-pixel' src='https:\/\/www.fftt.com\/observatoire\/wp-content\/plugins\/wti-like-post\/images\/pixel.gif' title='J&#039;aime' \/><span class='lc-3612 lc'>0<\/span><\/a><\/div><div class='action-unlike'><a class='unlbg-style1 unlike-3612 jlk' href='javascript:void(0)' data-task='unlike' data-post_id='3612' data-nonce='0a220ac3fb' rel='nofollow'><img class='wti-pixel' src='https:\/\/www.fftt.com\/observatoire\/wp-content\/plugins\/wti-like-post\/images\/pixel.gif' title='Je n&#039;aime pas' \/><span class='unlc-3612 unlc'>0<\/span><\/a><\/div> <\/div> <div class='status-3612 status align-right'><\/div><\/div><div class='wti-clear'><\/div><p>[et_pb_section fb_built=\u00a0\u00bb1&Prime; _builder_version=\u00a0\u00bb4.27.4&Prime; _module_preset=\u00a0\u00bbdefault\u00a0\u00bb global_colors_info=\u00a0\u00bb{}\u00a0\u00bb theme_builder_area=\u00a0\u00bbpost_content\u00a0\u00bb][et_pb_row column_structure=\u00a0\u00bb3_5,2_5&Prime; _builder_version=\u00a0\u00bb4.27.4&Prime; _module_preset=\u00a0\u00bbdefault\u00a0\u00bb global_colors_info=\u00a0\u00bb{}\u00a0\u00bb theme_builder_area=\u00a0\u00bbpost_content\u00a0\u00bb][et_pb_column type=\u00a0\u00bb3_5&Prime; _builder_version=\u00a0\u00bb4.27.4&Prime; _module_preset=\u00a0\u00bbdefault\u00a0\u00bb global_colors_info=\u00a0\u00bb{}\u00a0\u00bb theme_builder_area=\u00a0\u00bbpost_content\u00a0\u00bb][et_pb_text _builder_version=\u00a0\u00bb4.27.4&Prime; _module_preset=\u00a0\u00bbdefault\u00a0\u00bb hover_enabled=\u00a0\u00bb0&Prime; global_colors_info=\u00a0\u00bb{}\u00a0\u00bb theme_builder_area=\u00a0\u00bbpost_content\u00a0\u00bb sticky_enabled=\u00a0\u00bb0&Prime;]<\/p>\n<p><strong>Responsable de l\u2019action : Pascal WAUTERS<\/strong><\/p>\n<p><strong>Structure : SA ST SEVER TT\u00a0<\/strong><\/p>\n<p><strong>Nom de l\u2019action : Ping au f\u00e9minin<\/strong><\/p>\n<p>&nbsp;<\/p>\n<p><strong>Objectifs recherch\u00e9s &#8211; Publics cibles :\u00a0<\/strong><\/p>\n<p>1 &#8211; Participation et responsabilit\u00e9 au sein du club<\/p>\n<p>2 &#8211; Int\u00e9gration et progression individuelle<\/p>\n<p>3 &#8211; Augmentation du nombre de licenci\u00e9es f\u00e9minines<\/p>\n<p><strong>Ressources humaines et mat\u00e9rielles<\/strong>\u00a0:<\/p>\n<p>Acc\u00e8s aux responsabilit\u00e9s :<br \/>&#8211; Une secr\u00e9taire<br \/>&#8211; Une secr\u00e9taire adjointe<br \/>&#8211; Un entra\u00eeneur f\u00e9minin b\u00e9n\u00e9vole<\/p>\n<p>\u00c9quipements :<br \/>&#8211; Vestiaires, sanitaires et douches s\u00e9par\u00e9s, salle Jean Donnesse.<\/p>\n<p><strong>Descriptif de l\u2019action :<\/strong><\/p>\n<p>Bureau :<br \/>&#8211; Pr\u00e9sentation des candidatures aux \u00e9lections du bureau dirigeant<br \/>&#8211; \u00c9lection du bureau apr\u00e8s vote et d\u00e9lib\u00e9ration durant l&rsquo;A.G.<br \/>Perfectionnement :<br \/>&#8211; Une licenci\u00e9e s&rsquo;est propos\u00e9e pour assurer un entra\u00eenement en tant que b\u00e9n\u00e9vole<br \/>&#8211; Exercices : mont\u00e9es de table o\u00f9 tous les niveaux et \u00e2ges sont confront\u00e9s dans le jeu<\/p>\n<p><strong>R\u00e9sultats obtenus :<\/strong><\/p>\n<p>La progression de l&rsquo;effectif f\u00e9minin a \u00e9t\u00e9 de +110% soit 21 f\u00e9minines<br \/>contre 10 la saison pass\u00e9e.<br \/>Participation aux journ\u00e9es PING f\u00e9minin le 29\/09\/24 \u00e0 Dax, journ\u00e9e f\u00e9minine LIGUE le 11\/11\/24 \u00e0 Pomarez.<br \/>1 f\u00e9minine V75 2nde au crit\u00e9rium r\u00e9gional V\u00e9t\u00e9rans le 12\/01\/25 \u00e0 La Souterraine<br \/>et 6\u00e8me \u00e0 la finale territoriale par classement le 23\/03\/25 \u00e0 Mont-de Marsan<\/p>\n<p><a href=\"https:\/\/www.fftt.com\/observatoire\/wp-content\/uploads\/2025\/08\/SA-ST-SEVER-TT-TT-au-feminin.pdf\" target=\"_blank\" rel=\"noopener\" title=\"Ping au f\u00e9minin\"><strong>Lien vers la fiche \u00e0 t\u00e9l\u00e9charger<\/strong><\/a><\/p>\n<p>[\/et_pb_text][\/et_pb_column][et_pb_column type=\u00a0\u00bb2_5&Prime; _builder_version=\u00a0\u00bb4.27.4&Prime; _module_preset=\u00a0\u00bbdefault\u00a0\u00bb global_colors_info=\u00a0\u00bb{}\u00a0\u00bb theme_builder_area=\u00a0\u00bbpost_content\u00a0\u00bb][et_pb_image src=\u00a0\u00bbhttps:\/\/www.fftt.com\/observatoire\/wp-content\/uploads\/2025\/08\/SA-ST-SEVER-TT-TT-au-feminin-1.png\u00a0\u00bb title_text=\u00a0\u00bbSA ST SEVER TT &#8211; TT au f\u00e9minin-1&Prime; url=\u00a0\u00bbhttps:\/\/www.fftt.com\/observatoire\/wp-content\/uploads\/2025\/08\/SA-ST-SEVER-TT-TT-au-feminin.pdf\u00a0\u00bb _builder_version=\u00a0\u00bb4.27.4&Prime; _module_preset=\u00a0\u00bbdefault\u00a0\u00bb hover_enabled=\u00a0\u00bb0&Prime; global_colors_info=\u00a0\u00bb{}\u00a0\u00bb theme_builder_area=\u00a0\u00bbpost_content\u00a0\u00bb sticky_enabled=\u00a0\u00bb0&Prime;][\/et_pb_image][\/et_pb_column][\/et_pb_row][\/et_pb_section]<\/p>\n","protected":false},"excerpt":{"rendered":"<p>Responsable de l\u2019action : Pascal WAUTERS Structure : SA ST SEVER TT\u00a0 Nom de l\u2019action : Ping au f\u00e9minin &nbsp; Objectifs recherch\u00e9s &#8211; Publics cibles :\u00a0 1 &#8211; Participation et responsabilit\u00e9 au sein du club 2 &#8211; Int\u00e9gration et progression individuelle 3 &#8211; Augmentation du nombre de licenci\u00e9es f\u00e9minines Ressources humaines et mat\u00e9rielles\u00a0: Acc\u00e8s aux [&hellip;]<\/p>\n","protected":false},"author":6,"featured_media":0,"comment_status":"closed","ping_status":"closed","sticky":false,"template":"","format":"standard","meta":{"_et_pb_use_builder":"on","_et_pb_old_content":"","_et_gb_content_width":"","footnotes":""},"categories":[180,207],"tags":[245],"post_folder":[86],"class_list":["post-3612","post","type-post","status-publish","format-standard","hentry","category-ping-actif","category-ping-au-feminin","tag-feminisation-2"],"_links":{"self":[{"href":"https:\/\/www.fftt.com\/observatoire\/wp-json\/wp\/v2\/posts\/3612","targetHints":{"allow":["GET"]}}],"collection":[{"href":"https:\/\/www.fftt.com\/observatoire\/wp-json\/wp\/v2\/posts"}],"about":[{"href":"https:\/\/www.fftt.com\/observatoire\/wp-json\/wp\/v2\/types\/post"}],"author":[{"embeddable":true,"href":"https:\/\/www.fftt.com\/observatoire\/wp-json\/wp\/v2\/users\/6"}],"replies":[{"embeddable":true,"href":"https:\/\/www.fftt.com\/observatoire\/wp-json\/wp\/v2\/comments?post=3612"}],"version-history":[{"count":5,"href":"https:\/\/www.fftt.com\/observatoire\/wp-json\/wp\/v2\/posts\/3612\/revisions"}],"predecessor-version":[{"id":4148,"href":"https:\/\/www.fftt.com\/observatoire\/wp-json\/wp\/v2\/posts\/3612\/revisions\/4148"}],"wp:attachment":[{"href":"https:\/\/www.fftt.com\/observatoire\/wp-json\/wp\/v2\/media?parent=3612"}],"wp:term":[{"taxonomy":"category","embeddable":true,"href":"https:\/\/www.fftt.com\/observatoire\/wp-json\/wp\/v2\/categories?post=3612"},{"taxonomy":"post_tag","embeddable":true,"href":"https:\/\/www.fftt.com\/observatoire\/wp-json\/wp\/v2\/tags?post=3612"},{"taxonomy":"post_folder","embeddable":true,"href":"https:\/\/www.fftt.com\/observatoire\/wp-json\/wp\/v2\/post_folder?post=3612"}],"curies":[{"name":"wp","href":"https:\/\/api.w.org\/{rel}","templated":true}]}}