{"id":3618,"date":"2025-08-06T10:22:22","date_gmt":"2025-08-06T08:22:22","guid":{"rendered":"https:\/\/www.fftt.com\/observatoire\/?p=3618"},"modified":"2025-08-06T10:22:22","modified_gmt":"2025-08-06T08:22:22","slug":"sa-st-sever-tt-ping-handi","status":"publish","type":"post","link":"https:\/\/www.fftt.com\/observatoire\/sa-st-sever-tt-ping-handi\/","title":{"rendered":"SA ST SEVER TT &#8211; Ping handi"},"content":{"rendered":"<div class='watch-action'><div class='watch-position align-right'><div class='action-like'><a class='lbg-style1 like-3618 jlk' href='javascript:void(0)' data-task='like' data-post_id='3618' data-nonce='0a220ac3fb' rel='nofollow'><img class='wti-pixel' src='https:\/\/www.fftt.com\/observatoire\/wp-content\/plugins\/wti-like-post\/images\/pixel.gif' title='J&#039;aime' \/><span class='lc-3618 lc'>0<\/span><\/a><\/div><div class='action-unlike'><a class='unlbg-style1 unlike-3618 jlk' href='javascript:void(0)' data-task='unlike' data-post_id='3618' data-nonce='0a220ac3fb' rel='nofollow'><img class='wti-pixel' src='https:\/\/www.fftt.com\/observatoire\/wp-content\/plugins\/wti-like-post\/images\/pixel.gif' title='Je n&#039;aime pas' \/><span class='unlc-3618 unlc'>0<\/span><\/a><\/div> <\/div> <div class='status-3618 status align-right'><\/div><\/div><div class='wti-clear'><\/div><p>[et_pb_section fb_built=\u00a0\u00bb1&Prime; _builder_version=\u00a0\u00bb4.27.4&Prime; _module_preset=\u00a0\u00bbdefault\u00a0\u00bb global_colors_info=\u00a0\u00bb{}\u00a0\u00bb theme_builder_area=\u00a0\u00bbpost_content\u00a0\u00bb][et_pb_row column_structure=\u00a0\u00bb3_5,2_5&Prime; _builder_version=\u00a0\u00bb4.27.4&Prime; _module_preset=\u00a0\u00bbdefault\u00a0\u00bb global_colors_info=\u00a0\u00bb{}\u00a0\u00bb theme_builder_area=\u00a0\u00bbpost_content\u00a0\u00bb][et_pb_column type=\u00a0\u00bb3_5&Prime; _builder_version=\u00a0\u00bb4.27.4&Prime; _module_preset=\u00a0\u00bbdefault\u00a0\u00bb global_colors_info=\u00a0\u00bb{}\u00a0\u00bb theme_builder_area=\u00a0\u00bbpost_content\u00a0\u00bb][et_pb_text _builder_version=\u00a0\u00bb4.27.4&Prime; _module_preset=\u00a0\u00bbdefault\u00a0\u00bb hover_enabled=\u00a0\u00bb0&Prime; global_colors_info=\u00a0\u00bb{}\u00a0\u00bb theme_builder_area=\u00a0\u00bbpost_content\u00a0\u00bb sticky_enabled=\u00a0\u00bb0&Prime;]<\/p>\n<p><strong>Responsable de l\u2019action : Pascal WAUTERS<\/strong><\/p>\n<p><strong>Structure : SA ST SEVER TT\u00a0<\/strong><\/p>\n<p><strong>Nom de l\u2019action : Ping pour personnes en situation de handicap<\/strong><\/p>\n<p>&nbsp;<\/p>\n<p><strong>Objectifs recherch\u00e9s &#8211; Publics cibles :\u00a0<\/strong><\/p>\n<p>1 &#8211; Augmentation du nombre de licenci\u00e9s en situation de handicap<br \/>2 &#8211; Accompagnement \u00e0 la pratique de ce sport (accueil, communication et perfectionnement)<\/p>\n<p><strong>Ressources humaines et mat\u00e9rielles<\/strong>\u00a0:<\/p>\n<p>&#8211; Entra\u00eeneur DESJEPS professionnel<br \/>&#8211; 2 salles d&rsquo;entra\u00eenement avec 5 cr\u00e9neaux horaires\/semaine.<\/p>\n<p><strong>Descriptif de l\u2019action :<\/strong><\/p>\n<p>&#8211; Accueil<br \/>&#8211; Echauffement<br \/>&#8211; M\u00e9lange des diff\u00e9rents niveaux de jeu par des \u00ab\u00a0mont\u00e9es de tables\u00a0\u00bb<br \/>&#8211; Communication adapt\u00e9e de l&rsquo;entra\u00eeneur pour une meilleure compr\u00e9hension et suivi des exercices.<\/p>\n<p><strong>R\u00e9sultats obtenus :<\/strong><\/p>\n<p>&#8211; Effectifs en augmentation : 3 personnes en situation de handicap licenci\u00e9es en 2024-2025 contre 1 la saison derni\u00e8re.<br \/>&#8211; Marielle et Danielle : 15\u00e8me et 16\u00e8me au championnat de France \u00ab\u00a0sourds\u00a0\u00bb challenge multi-cat\u00e9gories les 26 et 27 avril 2025 \u00e0 DEOLS<\/p>\n<p><a href=\"https:\/\/www.fftt.com\/observatoire\/wp-content\/uploads\/2025\/08\/SA-ST-SEVER-TT-TT-handicap.pdf\" target=\"_blank\" rel=\"noopener\" title=\"Ping et personnes en situation de handicap\"><strong>Lien vers la fiche \u00e0 t\u00e9l\u00e9charger<\/strong><\/a><\/p>\n<p>[\/et_pb_text][\/et_pb_column][et_pb_column type=\u00a0\u00bb2_5&Prime; _builder_version=\u00a0\u00bb4.27.4&Prime; _module_preset=\u00a0\u00bbdefault\u00a0\u00bb global_colors_info=\u00a0\u00bb{}\u00a0\u00bb theme_builder_area=\u00a0\u00bbpost_content\u00a0\u00bb][et_pb_image src=\u00a0\u00bbhttps:\/\/www.fftt.com\/observatoire\/wp-content\/uploads\/2025\/08\/SA-ST-SEVER-TT-TT-handicap-1.png\u00a0\u00bb _builder_version=\u00a0\u00bb4.27.4&Prime; _module_preset=\u00a0\u00bbdefault\u00a0\u00bb hover_enabled=\u00a0\u00bb0&Prime; global_colors_info=\u00a0\u00bb{}\u00a0\u00bb theme_builder_area=\u00a0\u00bbpost_content\u00a0\u00bb title_text=\u00a0\u00bbSA ST SEVER TT &#8211; TT handicap-1&Prime; url=\u00a0\u00bbhttps:\/\/www.fftt.com\/observatoire\/wp-content\/uploads\/2025\/08\/SA-ST-SEVER-TT-TT-handicap.pdf\u00a0\u00bb sticky_enabled=\u00a0\u00bb0&Prime;][\/et_pb_image][\/et_pb_column][\/et_pb_row][\/et_pb_section]<\/p>\n","protected":false},"excerpt":{"rendered":"<p>Responsable de l\u2019action : Pascal WAUTERS Structure : SA ST SEVER TT\u00a0 Nom de l\u2019action : Ping pour personnes en situation de handicap &nbsp; Objectifs recherch\u00e9s &#8211; Publics cibles :\u00a0 1 &#8211; Augmentation du nombre de licenci\u00e9s en situation de handicap2 &#8211; Accompagnement \u00e0 la pratique de ce sport (accueil, communication et perfectionnement) Ressources humaines [&hellip;]<\/p>\n","protected":false},"author":6,"featured_media":0,"comment_status":"closed","ping_status":"closed","sticky":false,"template":"","format":"standard","meta":{"_et_pb_use_builder":"on","_et_pb_old_content":"","_et_gb_content_width":"","footnotes":""},"categories":[195,181],"tags":[294],"post_folder":[],"class_list":["post-3618","post","type-post","status-publish","format-standard","hentry","category-ping-handi","category-ping-inclusif","tag-ping-handi"],"_links":{"self":[{"href":"https:\/\/www.fftt.com\/observatoire\/wp-json\/wp\/v2\/posts\/3618","targetHints":{"allow":["GET"]}}],"collection":[{"href":"https:\/\/www.fftt.com\/observatoire\/wp-json\/wp\/v2\/posts"}],"about":[{"href":"https:\/\/www.fftt.com\/observatoire\/wp-json\/wp\/v2\/types\/post"}],"author":[{"embeddable":true,"href":"https:\/\/www.fftt.com\/observatoire\/wp-json\/wp\/v2\/users\/6"}],"replies":[{"embeddable":true,"href":"https:\/\/www.fftt.com\/observatoire\/wp-json\/wp\/v2\/comments?post=3618"}],"version-history":[{"count":4,"href":"https:\/\/www.fftt.com\/observatoire\/wp-json\/wp\/v2\/posts\/3618\/revisions"}],"predecessor-version":[{"id":3624,"href":"https:\/\/www.fftt.com\/observatoire\/wp-json\/wp\/v2\/posts\/3618\/revisions\/3624"}],"wp:attachment":[{"href":"https:\/\/www.fftt.com\/observatoire\/wp-json\/wp\/v2\/media?parent=3618"}],"wp:term":[{"taxonomy":"category","embeddable":true,"href":"https:\/\/www.fftt.com\/observatoire\/wp-json\/wp\/v2\/categories?post=3618"},{"taxonomy":"post_tag","embeddable":true,"href":"https:\/\/www.fftt.com\/observatoire\/wp-json\/wp\/v2\/tags?post=3618"},{"taxonomy":"post_folder","embeddable":true,"href":"https:\/\/www.fftt.com\/observatoire\/wp-json\/wp\/v2\/post_folder?post=3618"}],"curies":[{"name":"wp","href":"https:\/\/api.w.org\/{rel}","templated":true}]}}