{"id":3635,"date":"2025-08-06T10:44:16","date_gmt":"2025-08-06T08:44:16","guid":{"rendered":"https:\/\/www.fftt.com\/observatoire\/?p=3635"},"modified":"2025-08-06T10:44:16","modified_gmt":"2025-08-06T08:44:16","slug":"sag-cestas-tt-tri-selectif-et-recyclage","status":"publish","type":"post","link":"https:\/\/www.fftt.com\/observatoire\/sag-cestas-tt-tri-selectif-et-recyclage\/","title":{"rendered":"SAG CESTAS TT &#8211; Tri s\u00e9lectif et recyclage"},"content":{"rendered":"<div class='watch-action'><div class='watch-position align-right'><div class='action-like'><a class='lbg-style1 like-3635 jlk' href='javascript:void(0)' data-task='like' data-post_id='3635' data-nonce='0a220ac3fb' rel='nofollow'><img class='wti-pixel' src='https:\/\/www.fftt.com\/observatoire\/wp-content\/plugins\/wti-like-post\/images\/pixel.gif' title='J&#039;aime' \/><span class='lc-3635 lc'>0<\/span><\/a><\/div><div class='action-unlike'><a class='unlbg-style1 unlike-3635 jlk' href='javascript:void(0)' data-task='unlike' data-post_id='3635' data-nonce='0a220ac3fb' rel='nofollow'><img class='wti-pixel' src='https:\/\/www.fftt.com\/observatoire\/wp-content\/plugins\/wti-like-post\/images\/pixel.gif' title='Je n&#039;aime pas' \/><span class='unlc-3635 unlc'>0<\/span><\/a><\/div> <\/div> <div class='status-3635 status align-right'><\/div><\/div><div class='wti-clear'><\/div><p>[et_pb_section fb_built=\u00a0\u00bb1&Prime; _builder_version=\u00a0\u00bb4.27.4&Prime; _module_preset=\u00a0\u00bbdefault\u00a0\u00bb global_colors_info=\u00a0\u00bb{}\u00a0\u00bb theme_builder_area=\u00a0\u00bbpost_content\u00a0\u00bb][et_pb_row column_structure=\u00a0\u00bb3_5,2_5&Prime; _builder_version=\u00a0\u00bb4.27.4&Prime; _module_preset=\u00a0\u00bbdefault\u00a0\u00bb global_colors_info=\u00a0\u00bb{}\u00a0\u00bb theme_builder_area=\u00a0\u00bbpost_content\u00a0\u00bb][et_pb_column type=\u00a0\u00bb3_5&Prime; _builder_version=\u00a0\u00bb4.27.4&Prime; _module_preset=\u00a0\u00bbdefault\u00a0\u00bb global_colors_info=\u00a0\u00bb{}\u00a0\u00bb theme_builder_area=\u00a0\u00bbpost_content\u00a0\u00bb][et_pb_text _builder_version=\u00a0\u00bb4.27.4&Prime; _module_preset=\u00a0\u00bbdefault\u00a0\u00bb hover_enabled=\u00a0\u00bb0&Prime; global_colors_info=\u00a0\u00bb{}\u00a0\u00bb theme_builder_area=\u00a0\u00bbpost_content\u00a0\u00bb sticky_enabled=\u00a0\u00bb0&Prime;]<\/p>\n<p><strong>Responsable de l\u2019action : DORON S.<\/strong><\/p>\n<p><strong>Structure : SAG Cestas TT<\/strong><\/p>\n<p><strong>Nom de l\u2019action : Favoriser le tri s\u00e9lectif et le recyclage<\/strong><\/p>\n<p>&nbsp;<\/p>\n<p><strong>Objectifs recherch\u00e9s &#8211; Publics cibles :\u00a0<\/strong><\/p>\n<p>Favoriser la r\u00e9duction des d\u00e9chets, le tri s\u00e9lectif et le recyclage en mettant \u00e0 disposition des licenci\u00e9s, mais \u00e9galement des autres utilisateurs de la salle, les poubelles de tri et en r\u00e9cup\u00e9rant le mat\u00e9riel encore en \u00e9tat dont ils souhaitent se s\u00e9parer.<\/p>\n<p><strong>Ressources humaines et mat\u00e9rielles<\/strong>\u00a0:<\/p>\n<p>Le club met \u00e0 disposition les poubelles pour le tri et r\u00e9cup\u00e8re le mat\u00e9riel.<\/p>\n<p><strong>Descriptif de l\u2019action :<\/strong><\/p>\n<p>Le club dispose de deux salles et d&rsquo;un foyer. Pour chaque aire, des poubelles \u00ab\u00a0tout venant\u00a0\u00bb et de tri sont install\u00e9es avec une poubelle suppl\u00e9mentaire pour le verre dans le foyer.<\/p>\n<p><strong>R\u00e9sultats obtenus :<\/strong><\/p>\n<p>Le club contribue au respect de l&rsquo;environnement en favorisant le tri et le recyclage aupr\u00e8s de ses licenci\u00e9s. La salle \u00e9tant \u00e9galement utilis\u00e9e par le coll\u00e8ge et les activit\u00e9s du multisports, tous les utilisateurs peuvent donc b\u00e9n\u00e9ficier de ces services.<\/p>\n<p><a href=\"https:\/\/www.fftt.com\/observatoire\/wp-content\/uploads\/2025\/08\/SAG-CESTAS-tri-selectif.pdf\" target=\"_blank\" rel=\"noopener\" title=\"Tri s\u00e9lectif\"><strong>Lien vers la fiche \u00e0 t\u00e9l\u00e9charger<\/strong><\/a><\/p>\n<p>[\/et_pb_text][\/et_pb_column][et_pb_column type=\u00a0\u00bb2_5&Prime; _builder_version=\u00a0\u00bb4.27.4&Prime; _module_preset=\u00a0\u00bbdefault\u00a0\u00bb global_colors_info=\u00a0\u00bb{}\u00a0\u00bb theme_builder_area=\u00a0\u00bbpost_content\u00a0\u00bb][et_pb_image src=\u00a0\u00bbhttps:\/\/www.fftt.com\/observatoire\/wp-content\/uploads\/2025\/08\/SAG-CESTAS-tri-selectif-1.png\u00a0\u00bb title_text=\u00a0\u00bbSAG CESTAS &#8211; tri selectif-1&Prime; _builder_version=\u00a0\u00bb4.27.4&Prime; _module_preset=\u00a0\u00bbdefault\u00a0\u00bb hover_enabled=\u00a0\u00bb0&Prime; global_colors_info=\u00a0\u00bb{}\u00a0\u00bb theme_builder_area=\u00a0\u00bbpost_content\u00a0\u00bb url=\u00a0\u00bbhttps:\/\/www.fftt.com\/observatoire\/wp-content\/uploads\/2025\/08\/SAG-CESTAS-tri-selectif.pdf\u00a0\u00bb sticky_enabled=\u00a0\u00bb0&Prime;][\/et_pb_image][\/et_pb_column][\/et_pb_row][\/et_pb_section]<\/p>\n","protected":false},"excerpt":{"rendered":"<p>Responsable de l\u2019action : DORON S. Structure : SAG Cestas TT Nom de l\u2019action : Favoriser le tri s\u00e9lectif et le recyclage &nbsp; Objectifs recherch\u00e9s &#8211; Publics cibles :\u00a0 Favoriser la r\u00e9duction des d\u00e9chets, le tri s\u00e9lectif et le recyclage en mettant \u00e0 disposition des licenci\u00e9s, mais \u00e9galement des autres utilisateurs de la salle, les [&hellip;]<\/p>\n","protected":false},"author":6,"featured_media":0,"comment_status":"closed","ping_status":"closed","sticky":false,"template":"","format":"standard","meta":{"_et_pb_use_builder":"on","_et_pb_old_content":"","_et_gb_content_width":"","footnotes":""},"categories":[210,179],"tags":[211,277,296],"post_folder":[86],"class_list":["post-3635","post","type-post","status-publish","format-standard","hentry","category-developpement-durable","category-ping-educatif","tag-developpement-durable-2","tag-recyclage","tag-tri-selectif"],"_links":{"self":[{"href":"https:\/\/www.fftt.com\/observatoire\/wp-json\/wp\/v2\/posts\/3635","targetHints":{"allow":["GET"]}}],"collection":[{"href":"https:\/\/www.fftt.com\/observatoire\/wp-json\/wp\/v2\/posts"}],"about":[{"href":"https:\/\/www.fftt.com\/observatoire\/wp-json\/wp\/v2\/types\/post"}],"author":[{"embeddable":true,"href":"https:\/\/www.fftt.com\/observatoire\/wp-json\/wp\/v2\/users\/6"}],"replies":[{"embeddable":true,"href":"https:\/\/www.fftt.com\/observatoire\/wp-json\/wp\/v2\/comments?post=3635"}],"version-history":[{"count":4,"href":"https:\/\/www.fftt.com\/observatoire\/wp-json\/wp\/v2\/posts\/3635\/revisions"}],"predecessor-version":[{"id":3640,"href":"https:\/\/www.fftt.com\/observatoire\/wp-json\/wp\/v2\/posts\/3635\/revisions\/3640"}],"wp:attachment":[{"href":"https:\/\/www.fftt.com\/observatoire\/wp-json\/wp\/v2\/media?parent=3635"}],"wp:term":[{"taxonomy":"category","embeddable":true,"href":"https:\/\/www.fftt.com\/observatoire\/wp-json\/wp\/v2\/categories?post=3635"},{"taxonomy":"post_tag","embeddable":true,"href":"https:\/\/www.fftt.com\/observatoire\/wp-json\/wp\/v2\/tags?post=3635"},{"taxonomy":"post_folder","embeddable":true,"href":"https:\/\/www.fftt.com\/observatoire\/wp-json\/wp\/v2\/post_folder?post=3635"}],"curies":[{"name":"wp","href":"https:\/\/api.w.org\/{rel}","templated":true}]}}