{"id":3653,"date":"2025-08-06T11:31:49","date_gmt":"2025-08-06T09:31:49","guid":{"rendered":"https:\/\/www.fftt.com\/observatoire\/?p=3653"},"modified":"2025-08-06T11:31:49","modified_gmt":"2025-08-06T09:31:49","slug":"sag-cestas-tt-parkinson","status":"publish","type":"post","link":"https:\/\/www.fftt.com\/observatoire\/sag-cestas-tt-parkinson\/","title":{"rendered":"SAG CESTAS TT &#8211; Parkinson"},"content":{"rendered":"<div class='watch-action'><div class='watch-position align-right'><div class='action-like'><a class='lbg-style1 like-3653 jlk' href='javascript:void(0)' data-task='like' data-post_id='3653' data-nonce='0a220ac3fb' rel='nofollow'><img class='wti-pixel' src='https:\/\/www.fftt.com\/observatoire\/wp-content\/plugins\/wti-like-post\/images\/pixel.gif' title='J&#039;aime' \/><span class='lc-3653 lc'>0<\/span><\/a><\/div><div class='action-unlike'><a class='unlbg-style1 unlike-3653 jlk' href='javascript:void(0)' data-task='unlike' data-post_id='3653' data-nonce='0a220ac3fb' rel='nofollow'><img class='wti-pixel' src='https:\/\/www.fftt.com\/observatoire\/wp-content\/plugins\/wti-like-post\/images\/pixel.gif' title='Je n&#039;aime pas' \/><span class='unlc-3653 unlc'>0<\/span><\/a><\/div> <\/div> <div class='status-3653 status align-right'><\/div><\/div><div class='wti-clear'><\/div><p>[et_pb_section fb_built=\u00a0\u00bb1&Prime; _builder_version=\u00a0\u00bb4.27.4&Prime; _module_preset=\u00a0\u00bbdefault\u00a0\u00bb global_colors_info=\u00a0\u00bb{}\u00a0\u00bb theme_builder_area=\u00a0\u00bbpost_content\u00a0\u00bb][et_pb_row column_structure=\u00a0\u00bb3_5,2_5&Prime; _builder_version=\u00a0\u00bb4.27.4&Prime; _module_preset=\u00a0\u00bbdefault\u00a0\u00bb global_colors_info=\u00a0\u00bb{}\u00a0\u00bb theme_builder_area=\u00a0\u00bbpost_content\u00a0\u00bb][et_pb_column type=\u00a0\u00bb3_5&Prime; _builder_version=\u00a0\u00bb4.27.4&Prime; _module_preset=\u00a0\u00bbdefault\u00a0\u00bb global_colors_info=\u00a0\u00bb{}\u00a0\u00bb theme_builder_area=\u00a0\u00bbpost_content\u00a0\u00bb][et_pb_text _builder_version=\u00a0\u00bb4.27.4&Prime; _module_preset=\u00a0\u00bbdefault\u00a0\u00bb hover_enabled=\u00a0\u00bb0&Prime; global_colors_info=\u00a0\u00bb{}\u00a0\u00bb theme_builder_area=\u00a0\u00bbpost_content\u00a0\u00bb sticky_enabled=\u00a0\u00bb0&Prime;]<\/p>\n<p><strong>Responsable de l\u2019action : DORON S.<\/strong><\/p>\n<p><strong>Structure : SAG Cestas TT<\/strong><\/p>\n<p><strong>Nom de l\u2019action : Favoriser la pratique du tennis de table pour des personnes atteintes de la maladie de Parkinson<\/strong><\/p>\n<p>&nbsp;<\/p>\n<p><strong>Objectifs recherch\u00e9s &#8211; Publics cibles :\u00a0<\/strong><\/p>\n<p>Permettre la pratique du tennis de table pour des personnes atteintes de la maladie de Parkinson pour laquelle l&rsquo;activit\u00e9 sportive mod\u00e9r\u00e9e peut am\u00e9liorer l&rsquo;\u00e9quilibre, la posture et la mobilit\u00e9.<\/p>\n<p><strong>Ressources humaines et mat\u00e9rielles<\/strong>\u00a0:<\/p>\n<p>Un \u00e9ducateur salari\u00e9 propose un cours par semaine pour le groupe Parkinson.<br \/>Mise \u00e0 disposition pour les licenci\u00e9s de tables, raquettes et balles.<\/p>\n<p><strong>Descriptif de l\u2019action :<\/strong><\/p>\n<p>Mise en place du groupe Parkinson en janvier 2022 suite \u00e0 la signature d&rsquo;une convention sign\u00e9e entre le club et la FFTT.<br \/>Le groupe peut accueillir jusqu&rsquo;\u00e0 20 participants maximum.<br \/>Un \u00e9ducateur a suivi la formation Ping Parkinson pour encadrer ce groupe.<br \/>Une manifestation entre diff\u00e9rents clubs accueillant un groupe Parkinson de la r\u00e9gion est organis\u00e9e tous les ans.<\/p>\n<p><strong>R\u00e9sultats obtenus :<\/strong><\/p>\n<p>A venir<\/p>\n<p><a href=\"https:\/\/www.fftt.com\/observatoire\/wp-content\/uploads\/2025\/08\/SAG-CESTAS-TT-Parkinson.pdf\" target=\"_blank\" rel=\"noopener\" title=\"Parkinson\"><strong>Lien vers la fiche \u00e0 t\u00e9l\u00e9charger<\/strong><\/a><\/p>\n<p>[\/et_pb_text][\/et_pb_column][et_pb_column type=\u00a0\u00bb2_5&Prime; _builder_version=\u00a0\u00bb4.27.4&Prime; _module_preset=\u00a0\u00bbdefault\u00a0\u00bb global_colors_info=\u00a0\u00bb{}\u00a0\u00bb theme_builder_area=\u00a0\u00bbpost_content\u00a0\u00bb][et_pb_image src=\u00a0\u00bbhttps:\/\/www.fftt.com\/observatoire\/wp-content\/uploads\/2025\/08\/SAG-CESTAS-TT-Parkinson-1.png\u00a0\u00bb title_text=\u00a0\u00bbSAG CESTAS TT &#8211; Parkinson-1&Prime; _builder_version=\u00a0\u00bb4.27.4&Prime; _module_preset=\u00a0\u00bbdefault\u00a0\u00bb hover_enabled=\u00a0\u00bb0&Prime; global_colors_info=\u00a0\u00bb{}\u00a0\u00bb theme_builder_area=\u00a0\u00bbpost_content\u00a0\u00bb url=\u00a0\u00bbhttps:\/\/www.fftt.com\/observatoire\/wp-content\/uploads\/2025\/08\/SAG-CESTAS-TT-Parkinson.pdf\u00a0\u00bb sticky_enabled=\u00a0\u00bb0&Prime;][\/et_pb_image][\/et_pb_column][\/et_pb_row][\/et_pb_section]<\/p>\n","protected":false},"excerpt":{"rendered":"<p>Responsable de l\u2019action : DORON S. Structure : SAG Cestas TT Nom de l\u2019action : Favoriser la pratique du tennis de table pour des personnes atteintes de la maladie de Parkinson &nbsp; Objectifs recherch\u00e9s &#8211; Publics cibles :\u00a0 Permettre la pratique du tennis de table pour des personnes atteintes de la maladie de Parkinson pour [&hellip;]<\/p>\n","protected":false},"author":6,"featured_media":0,"comment_status":"closed","ping_status":"closed","sticky":false,"template":"","format":"standard","meta":{"_et_pb_use_builder":"on","_et_pb_old_content":"","_et_gb_content_width":"","footnotes":""},"categories":[180,181,191,138],"tags":[29],"post_folder":[],"class_list":["post-3653","post","type-post","status-publish","format-standard","hentry","category-ping-actif","category-ping-inclusif","category-ping-seniors","category-sante","tag-parkinson"],"_links":{"self":[{"href":"https:\/\/www.fftt.com\/observatoire\/wp-json\/wp\/v2\/posts\/3653","targetHints":{"allow":["GET"]}}],"collection":[{"href":"https:\/\/www.fftt.com\/observatoire\/wp-json\/wp\/v2\/posts"}],"about":[{"href":"https:\/\/www.fftt.com\/observatoire\/wp-json\/wp\/v2\/types\/post"}],"author":[{"embeddable":true,"href":"https:\/\/www.fftt.com\/observatoire\/wp-json\/wp\/v2\/users\/6"}],"replies":[{"embeddable":true,"href":"https:\/\/www.fftt.com\/observatoire\/wp-json\/wp\/v2\/comments?post=3653"}],"version-history":[{"count":4,"href":"https:\/\/www.fftt.com\/observatoire\/wp-json\/wp\/v2\/posts\/3653\/revisions"}],"predecessor-version":[{"id":3657,"href":"https:\/\/www.fftt.com\/observatoire\/wp-json\/wp\/v2\/posts\/3653\/revisions\/3657"}],"wp:attachment":[{"href":"https:\/\/www.fftt.com\/observatoire\/wp-json\/wp\/v2\/media?parent=3653"}],"wp:term":[{"taxonomy":"category","embeddable":true,"href":"https:\/\/www.fftt.com\/observatoire\/wp-json\/wp\/v2\/categories?post=3653"},{"taxonomy":"post_tag","embeddable":true,"href":"https:\/\/www.fftt.com\/observatoire\/wp-json\/wp\/v2\/tags?post=3653"},{"taxonomy":"post_folder","embeddable":true,"href":"https:\/\/www.fftt.com\/observatoire\/wp-json\/wp\/v2\/post_folder?post=3653"}],"curies":[{"name":"wp","href":"https:\/\/api.w.org\/{rel}","templated":true}]}}