{"id":3668,"date":"2025-08-06T12:15:10","date_gmt":"2025-08-06T10:15:10","guid":{"rendered":"https:\/\/www.fftt.com\/observatoire\/?p=3668"},"modified":"2025-08-06T12:15:10","modified_gmt":"2025-08-06T10:15:10","slug":"tt-blagnacais-deplacements-chats-feminins","status":"publish","type":"post","link":"https:\/\/www.fftt.com\/observatoire\/tt-blagnacais-deplacements-chats-feminins\/","title":{"rendered":"TT BLAGNACAIS &#8211; D\u00e9placements chats f\u00e9minins"},"content":{"rendered":"<div class='watch-action'><div class='watch-position align-right'><div class='action-like'><a class='lbg-style1 like-3668 jlk' href='javascript:void(0)' data-task='like' data-post_id='3668' data-nonce='0a220ac3fb' rel='nofollow'><img class='wti-pixel' src='https:\/\/www.fftt.com\/observatoire\/wp-content\/plugins\/wti-like-post\/images\/pixel.gif' title='J&#039;aime' \/><span class='lc-3668 lc'>0<\/span><\/a><\/div><div class='action-unlike'><a class='unlbg-style1 unlike-3668 jlk' href='javascript:void(0)' data-task='unlike' data-post_id='3668' data-nonce='0a220ac3fb' rel='nofollow'><img class='wti-pixel' src='https:\/\/www.fftt.com\/observatoire\/wp-content\/plugins\/wti-like-post\/images\/pixel.gif' title='Je n&#039;aime pas' \/><span class='unlc-3668 unlc'>0<\/span><\/a><\/div> <\/div> <div class='status-3668 status align-right'><\/div><\/div><div class='wti-clear'><\/div><p>[et_pb_section fb_built=\u00a0\u00bb1&Prime; _builder_version=\u00a0\u00bb4.27.4&Prime; _module_preset=\u00a0\u00bbdefault\u00a0\u00bb global_colors_info=\u00a0\u00bb{}\u00a0\u00bb theme_builder_area=\u00a0\u00bbpost_content\u00a0\u00bb][et_pb_row column_structure=\u00a0\u00bb3_5,2_5&Prime; _builder_version=\u00a0\u00bb4.27.4&Prime; _module_preset=\u00a0\u00bbdefault\u00a0\u00bb global_colors_info=\u00a0\u00bb{}\u00a0\u00bb theme_builder_area=\u00a0\u00bbpost_content\u00a0\u00bb][et_pb_column type=\u00a0\u00bb3_5&Prime; _builder_version=\u00a0\u00bb4.27.4&Prime; _module_preset=\u00a0\u00bbdefault\u00a0\u00bb global_colors_info=\u00a0\u00bb{}\u00a0\u00bb theme_builder_area=\u00a0\u00bbpost_content\u00a0\u00bb][et_pb_text _builder_version=\u00a0\u00bb4.27.4&Prime; _module_preset=\u00a0\u00bbdefault\u00a0\u00bb hover_enabled=\u00a0\u00bb0&Prime; global_colors_info=\u00a0\u00bb{}\u00a0\u00bb theme_builder_area=\u00a0\u00bbpost_content\u00a0\u00bb sticky_enabled=\u00a0\u00bb0&Prime;]<\/p>\n<p><strong>Responsable de l\u2019action : P.Rigaud<\/strong><\/p>\n<p><strong>Structure : TT Blagnacais<\/strong><\/p>\n<p><strong>Nom de l\u2019action : D\u00e9placement Championnat F\u00e9minin<\/strong><\/p>\n<p>&nbsp;<\/p>\n<p><strong>Objectifs recherch\u00e9s &#8211; Publics cibles :\u00a0<\/strong><\/p>\n<p>R\u00e9duire l&#8217;empreinte carbone li\u00e9e aux d\u00e9placements du club<br \/>Favoriser le covoiturage ou les mobilit\u00e9s collectives pour les d\u00e9placements longs<br \/>Renforcer la coh\u00e9sion d&rsquo;\u00e9quipe<br \/>Faciliter la logistique pour les joueuses et les encadrants<\/p>\n<p><strong>Ressources humaines et mat\u00e9rielles<\/strong>\u00a0:<\/p>\n<p>2 mini-bus lou\u00e9s<br \/>4 \u00e9quipes f\u00e9minines engag\u00e9es : soit environ 12 joueuses + 2 coachs<br \/>Encadrement assur\u00e9 par 2 coachs Pr\u00e9paration logistique en amont (r\u00e9servations, planning, horaires, communication interne)<\/p>\n<p><strong>Descriptif de l\u2019action :<\/strong><\/p>\n<p>\u00c0 l\u2019occasion des championnats f\u00e9minins r\u00e9gionaux (phase 1 \u00e0 Albi et phase 2 \u00e0 Argel\u00e8s-sur-Mer), le club a organis\u00e9 un d\u00e9placement group\u00e9 en mini-bus pour les 4 \u00e9quipes qualifi\u00e9es.<\/p>\n<p><strong>R\u00e9sultats obtenus :<\/strong><\/p>\n<p>R\u00e9duction du nombre de v\u00e9hicules engag\u00e9s sur les routes (2 mini-bus au lieu de 4-5 voitures)<br \/>Meilleure gestion de la s\u00e9curit\u00e9, de la ponctualit\u00e9 et de la fatigue<\/p>\n<p><a href=\"https:\/\/www.fftt.com\/observatoire\/wp-content\/uploads\/2025\/08\/TT-BLAGNACAIS-Deplacements-chts-feminins-ecoresponsables.pdf\" target=\"_blank\" rel=\"noopener\" title=\"D\u00e9placements championnats f\u00e9minins\"><strong>Lien vers la fiche \u00e0 t\u00e9l\u00e9charger<\/strong><\/a><\/p>\n<p>[\/et_pb_text][\/et_pb_column][et_pb_column type=\u00a0\u00bb2_5&Prime; _builder_version=\u00a0\u00bb4.27.4&Prime; _module_preset=\u00a0\u00bbdefault\u00a0\u00bb global_colors_info=\u00a0\u00bb{}\u00a0\u00bb theme_builder_area=\u00a0\u00bbpost_content\u00a0\u00bb][et_pb_image src=\u00a0\u00bbhttps:\/\/www.fftt.com\/observatoire\/wp-content\/uploads\/2025\/08\/TT-BLAGNACAIS-Deplacements-chts-feminins-ecoresponsables-1.png\u00a0\u00bb title_text=\u00a0\u00bbTT BLAGNACAIS &#8211; D\u00e9placements chts f\u00e9minins \u00e9coresponsables-1&Prime; _builder_version=\u00a0\u00bb4.27.4&Prime; _module_preset=\u00a0\u00bbdefault\u00a0\u00bb hover_enabled=\u00a0\u00bb0&Prime; global_colors_info=\u00a0\u00bb{}\u00a0\u00bb theme_builder_area=\u00a0\u00bbpost_content\u00a0\u00bb url=\u00a0\u00bbhttps:\/\/www.fftt.com\/observatoire\/wp-content\/uploads\/2025\/08\/TT-BLAGNACAIS-Deplacements-chts-feminins-ecoresponsables.pdf\u00a0\u00bb sticky_enabled=\u00a0\u00bb0&Prime;][\/et_pb_image][\/et_pb_column][\/et_pb_row][\/et_pb_section]<\/p>\n","protected":false},"excerpt":{"rendered":"<p>Responsable de l\u2019action : P.Rigaud Structure : TT Blagnacais Nom de l\u2019action : D\u00e9placement Championnat F\u00e9minin &nbsp; Objectifs recherch\u00e9s &#8211; Publics cibles :\u00a0 R\u00e9duire l&#8217;empreinte carbone li\u00e9e aux d\u00e9placements du clubFavoriser le covoiturage ou les mobilit\u00e9s collectives pour les d\u00e9placements longsRenforcer la coh\u00e9sion d&rsquo;\u00e9quipeFaciliter la logistique pour les joueuses et les encadrants Ressources humaines et [&hellip;]<\/p>\n","protected":false},"author":6,"featured_media":0,"comment_status":"closed","ping_status":"closed","sticky":false,"template":"","format":"standard","meta":{"_et_pb_use_builder":"on","_et_pb_old_content":"","_et_gb_content_width":"","footnotes":""},"categories":[210,182,179],"tags":[211,132],"post_folder":[90,86],"class_list":["post-3668","post","type-post","status-publish","format-standard","hentry","category-developpement-durable","category-ping-competitif","category-ping-educatif","tag-developpement-durable-2","tag-feminines"],"_links":{"self":[{"href":"https:\/\/www.fftt.com\/observatoire\/wp-json\/wp\/v2\/posts\/3668","targetHints":{"allow":["GET"]}}],"collection":[{"href":"https:\/\/www.fftt.com\/observatoire\/wp-json\/wp\/v2\/posts"}],"about":[{"href":"https:\/\/www.fftt.com\/observatoire\/wp-json\/wp\/v2\/types\/post"}],"author":[{"embeddable":true,"href":"https:\/\/www.fftt.com\/observatoire\/wp-json\/wp\/v2\/users\/6"}],"replies":[{"embeddable":true,"href":"https:\/\/www.fftt.com\/observatoire\/wp-json\/wp\/v2\/comments?post=3668"}],"version-history":[{"count":4,"href":"https:\/\/www.fftt.com\/observatoire\/wp-json\/wp\/v2\/posts\/3668\/revisions"}],"predecessor-version":[{"id":3673,"href":"https:\/\/www.fftt.com\/observatoire\/wp-json\/wp\/v2\/posts\/3668\/revisions\/3673"}],"wp:attachment":[{"href":"https:\/\/www.fftt.com\/observatoire\/wp-json\/wp\/v2\/media?parent=3668"}],"wp:term":[{"taxonomy":"category","embeddable":true,"href":"https:\/\/www.fftt.com\/observatoire\/wp-json\/wp\/v2\/categories?post=3668"},{"taxonomy":"post_tag","embeddable":true,"href":"https:\/\/www.fftt.com\/observatoire\/wp-json\/wp\/v2\/tags?post=3668"},{"taxonomy":"post_folder","embeddable":true,"href":"https:\/\/www.fftt.com\/observatoire\/wp-json\/wp\/v2\/post_folder?post=3668"}],"curies":[{"name":"wp","href":"https:\/\/api.w.org\/{rel}","templated":true}]}}