{"id":3676,"date":"2025-08-06T12:26:09","date_gmt":"2025-08-06T10:26:09","guid":{"rendered":"https:\/\/www.fftt.com\/observatoire\/?p=3676"},"modified":"2025-08-06T12:26:09","modified_gmt":"2025-08-06T10:26:09","slug":"tt-blagnacais-reels-instagram","status":"publish","type":"post","link":"https:\/\/www.fftt.com\/observatoire\/tt-blagnacais-reels-instagram\/","title":{"rendered":"TT BLAGNACAIS &#8211; Reels instagram"},"content":{"rendered":"<div class='watch-action'><div class='watch-position align-right'><div class='action-like'><a class='lbg-style1 like-3676 jlk' href='javascript:void(0)' data-task='like' data-post_id='3676' data-nonce='0a220ac3fb' rel='nofollow'><img class='wti-pixel' src='https:\/\/www.fftt.com\/observatoire\/wp-content\/plugins\/wti-like-post\/images\/pixel.gif' title='J&#039;aime' \/><span class='lc-3676 lc'>0<\/span><\/a><\/div><div class='action-unlike'><a class='unlbg-style1 unlike-3676 jlk' href='javascript:void(0)' data-task='unlike' data-post_id='3676' data-nonce='0a220ac3fb' rel='nofollow'><img class='wti-pixel' src='https:\/\/www.fftt.com\/observatoire\/wp-content\/plugins\/wti-like-post\/images\/pixel.gif' title='Je n&#039;aime pas' \/><span class='unlc-3676 unlc'>0<\/span><\/a><\/div> <\/div> <div class='status-3676 status align-right'><\/div><\/div><div class='wti-clear'><\/div><p>[et_pb_section fb_built=\u00a0\u00bb1&Prime; _builder_version=\u00a0\u00bb4.27.4&Prime; _module_preset=\u00a0\u00bbdefault\u00a0\u00bb global_colors_info=\u00a0\u00bb{}\u00a0\u00bb theme_builder_area=\u00a0\u00bbpost_content\u00a0\u00bb][et_pb_row column_structure=\u00a0\u00bb3_5,2_5&Prime; _builder_version=\u00a0\u00bb4.27.4&Prime; _module_preset=\u00a0\u00bbdefault\u00a0\u00bb global_colors_info=\u00a0\u00bb{}\u00a0\u00bb theme_builder_area=\u00a0\u00bbpost_content\u00a0\u00bb][et_pb_column type=\u00a0\u00bb3_5&Prime; _builder_version=\u00a0\u00bb4.27.4&Prime; _module_preset=\u00a0\u00bbdefault\u00a0\u00bb global_colors_info=\u00a0\u00bb{}\u00a0\u00bb theme_builder_area=\u00a0\u00bbpost_content\u00a0\u00bb][et_pb_text _builder_version=\u00a0\u00bb4.27.4&Prime; _module_preset=\u00a0\u00bbdefault\u00a0\u00bb hover_enabled=\u00a0\u00bb0&Prime; global_colors_info=\u00a0\u00bb{}\u00a0\u00bb theme_builder_area=\u00a0\u00bbpost_content\u00a0\u00bb sticky_enabled=\u00a0\u00bb0&Prime;]<\/p>\n<p><strong>Responsable de l\u2019action : F.Simonne<\/strong><\/p>\n<p><strong>Structure : TT Blagnacais<\/strong><\/p>\n<p><strong>Nom de l\u2019action : Reels Instagram<\/strong><\/p>\n<p>&nbsp;<\/p>\n<p><strong>Objectifs recherch\u00e9s &#8211; Publics cibles :\u00a0<\/strong><\/p>\n<p>D\u00e9velopper la notori\u00e9t\u00e9 du club, renforcer l&rsquo;image dynamique et moderne du TTB, valoriser les actions men\u00e9es aupr\u00e8s des jeunes, des f\u00e9minines et du public loisir.<br \/>Public cible : jeunes, familles, partenaires, futurs adh\u00e9rents, institutions et communaut\u00e9 pongiste locale et r\u00e9gionale.<\/p>\n<p><strong>Ressources humaines et mat\u00e9rielles<\/strong>\u00a0:<\/p>\n<p>1 responsable communication b\u00e9n\u00e9vole (strat\u00e9gie, tournage, montage, publication)<br \/>1 \u00e9ducateurs salari\u00e9 (coordination des exercices, mise \u00e0 disposition des joueurs)<br \/>Environ 5 jeunes ou joueurs mobilis\u00e9s chaque mois<\/p>\n<p><strong>Descriptif de l\u2019action :<\/strong><\/p>\n<p>Chaque mois, une session de tournage est organis\u00e9es autour d\u2019un th\u00e8me ou d\u2019un exercice technique, souvent avec les jeunes de l\u2019\u00e9cole de ping ou les comp\u00e9titeurs adultes.<\/p>\n<p><strong>R\u00e9sultats obtenus :<\/strong><\/p>\n<p>Forte augmentation de la notori\u00e9t\u00e9 du club sur Instagram (plus de 300 nouveaux abonn\u00e9s depuis septembre 2023)<br \/>Engagement tr\u00e8s positif (commentaires, partages, mentions)<br \/>Image jeune et dynamique du club renforc\u00e9e<\/p>\n<p><a href=\"https:\/\/www.fftt.com\/observatoire\/wp-content\/uploads\/2025\/08\/TT-BLAGNACAIS-Reels-instagram.pdf\" target=\"_blank\" rel=\"noopener\" title=\"Reels Instagram\"><strong>Lien vers la fiche \u00e0 t\u00e9l\u00e9charger<\/strong><\/a><\/p>\n<p>[\/et_pb_text][\/et_pb_column][et_pb_column type=\u00a0\u00bb2_5&Prime; _builder_version=\u00a0\u00bb4.27.4&Prime; _module_preset=\u00a0\u00bbdefault\u00a0\u00bb global_colors_info=\u00a0\u00bb{}\u00a0\u00bb theme_builder_area=\u00a0\u00bbpost_content\u00a0\u00bb][et_pb_image src=\u00a0\u00bbhttps:\/\/www.fftt.com\/observatoire\/wp-content\/uploads\/2025\/08\/TT-BLAGNACAIS-Reels-instagram-1.png\u00a0\u00bb title_text=\u00a0\u00bbTT BLAGNACAIS &#8211; Reels instagram-1&Prime; _builder_version=\u00a0\u00bb4.27.4&Prime; _module_preset=\u00a0\u00bbdefault\u00a0\u00bb hover_enabled=\u00a0\u00bb0&Prime; global_colors_info=\u00a0\u00bb{}\u00a0\u00bb theme_builder_area=\u00a0\u00bbpost_content\u00a0\u00bb url=\u00a0\u00bbhttps:\/\/www.fftt.com\/observatoire\/wp-content\/uploads\/2025\/08\/TT-BLAGNACAIS-Reels-instagram.pdf\u00a0\u00bb sticky_enabled=\u00a0\u00bb0&Prime;][\/et_pb_image][\/et_pb_column][\/et_pb_row][\/et_pb_section]<\/p>\n","protected":false},"excerpt":{"rendered":"<p>Responsable de l\u2019action : F.Simonne Structure : TT Blagnacais Nom de l\u2019action : Reels Instagram &nbsp; Objectifs recherch\u00e9s &#8211; Publics cibles :\u00a0 D\u00e9velopper la notori\u00e9t\u00e9 du club, renforcer l&rsquo;image dynamique et moderne du TTB, valoriser les actions men\u00e9es aupr\u00e8s des jeunes, des f\u00e9minines et du public loisir.Public cible : jeunes, familles, partenaires, futurs adh\u00e9rents, institutions [&hellip;]<\/p>\n","protected":false},"author":6,"featured_media":0,"comment_status":"closed","ping_status":"closed","sticky":false,"template":"","format":"standard","meta":{"_et_pb_use_builder":"on","_et_pb_old_content":"","_et_gb_content_width":"","footnotes":""},"categories":[180,182,179],"tags":[264,143],"post_folder":[],"class_list":["post-3676","post","type-post","status-publish","format-standard","hentry","category-ping-actif","category-ping-competitif","category-ping-educatif","tag-communication","tag-promotion"],"_links":{"self":[{"href":"https:\/\/www.fftt.com\/observatoire\/wp-json\/wp\/v2\/posts\/3676","targetHints":{"allow":["GET"]}}],"collection":[{"href":"https:\/\/www.fftt.com\/observatoire\/wp-json\/wp\/v2\/posts"}],"about":[{"href":"https:\/\/www.fftt.com\/observatoire\/wp-json\/wp\/v2\/types\/post"}],"author":[{"embeddable":true,"href":"https:\/\/www.fftt.com\/observatoire\/wp-json\/wp\/v2\/users\/6"}],"replies":[{"embeddable":true,"href":"https:\/\/www.fftt.com\/observatoire\/wp-json\/wp\/v2\/comments?post=3676"}],"version-history":[{"count":4,"href":"https:\/\/www.fftt.com\/observatoire\/wp-json\/wp\/v2\/posts\/3676\/revisions"}],"predecessor-version":[{"id":3680,"href":"https:\/\/www.fftt.com\/observatoire\/wp-json\/wp\/v2\/posts\/3676\/revisions\/3680"}],"wp:attachment":[{"href":"https:\/\/www.fftt.com\/observatoire\/wp-json\/wp\/v2\/media?parent=3676"}],"wp:term":[{"taxonomy":"category","embeddable":true,"href":"https:\/\/www.fftt.com\/observatoire\/wp-json\/wp\/v2\/categories?post=3676"},{"taxonomy":"post_tag","embeddable":true,"href":"https:\/\/www.fftt.com\/observatoire\/wp-json\/wp\/v2\/tags?post=3676"},{"taxonomy":"post_folder","embeddable":true,"href":"https:\/\/www.fftt.com\/observatoire\/wp-json\/wp\/v2\/post_folder?post=3676"}],"curies":[{"name":"wp","href":"https:\/\/api.w.org\/{rel}","templated":true}]}}