{"id":3683,"date":"2025-08-06T12:37:23","date_gmt":"2025-08-06T10:37:23","guid":{"rendered":"https:\/\/www.fftt.com\/observatoire\/?p=3683"},"modified":"2025-08-06T14:38:27","modified_gmt":"2025-08-06T12:38:27","slug":"tt-blagnacais-tournoi-national","status":"publish","type":"post","link":"https:\/\/www.fftt.com\/observatoire\/tt-blagnacais-tournoi-national\/","title":{"rendered":"TT BLAGNACAIS &#8211; Tournoi national"},"content":{"rendered":"<div class='watch-action'><div class='watch-position align-right'><div class='action-like'><a class='lbg-style1 like-3683 jlk' href='javascript:void(0)' data-task='like' data-post_id='3683' data-nonce='0a220ac3fb' rel='nofollow'><img class='wti-pixel' src='https:\/\/www.fftt.com\/observatoire\/wp-content\/plugins\/wti-like-post\/images\/pixel.gif' title='J&#039;aime' \/><span class='lc-3683 lc'>0<\/span><\/a><\/div><div class='action-unlike'><a class='unlbg-style1 unlike-3683 jlk' href='javascript:void(0)' data-task='unlike' data-post_id='3683' data-nonce='0a220ac3fb' rel='nofollow'><img class='wti-pixel' src='https:\/\/www.fftt.com\/observatoire\/wp-content\/plugins\/wti-like-post\/images\/pixel.gif' title='Je n&#039;aime pas' \/><span class='unlc-3683 unlc'>0<\/span><\/a><\/div> <\/div> <div class='status-3683 status align-right'><\/div><\/div><div class='wti-clear'><\/div><p>[et_pb_section fb_built=\u00a0\u00bb1&Prime; _builder_version=\u00a0\u00bb4.27.4&Prime; _module_preset=\u00a0\u00bbdefault\u00a0\u00bb global_colors_info=\u00a0\u00bb{}\u00a0\u00bb theme_builder_area=\u00a0\u00bbpost_content\u00a0\u00bb][et_pb_row column_structure=\u00a0\u00bb3_5,2_5&Prime; _builder_version=\u00a0\u00bb4.27.4&Prime; _module_preset=\u00a0\u00bbdefault\u00a0\u00bb global_colors_info=\u00a0\u00bb{}\u00a0\u00bb theme_builder_area=\u00a0\u00bbpost_content\u00a0\u00bb][et_pb_column type=\u00a0\u00bb3_5&Prime; _builder_version=\u00a0\u00bb4.27.4&Prime; _module_preset=\u00a0\u00bbdefault\u00a0\u00bb global_colors_info=\u00a0\u00bb{}\u00a0\u00bb theme_builder_area=\u00a0\u00bbpost_content\u00a0\u00bb][et_pb_text _builder_version=\u00a0\u00bb4.27.4&Prime; _module_preset=\u00a0\u00bbdefault\u00a0\u00bb hover_enabled=\u00a0\u00bb0&Prime; global_colors_info=\u00a0\u00bb{}\u00a0\u00bb theme_builder_area=\u00a0\u00bbpost_content\u00a0\u00bb sticky_enabled=\u00a0\u00bb0&Prime;]<\/p>\n<p><strong>Responsable de l\u2019action : P.Rigaud<\/strong><\/p>\n<p><strong>Structure : TT BLAGNACAIS<\/strong><\/p>\n<p><strong>Nom de l\u2019action :\u00a0<\/strong><strong>Tournoi national<\/strong><\/p>\n<p>&nbsp;<\/p>\n<p><strong>Objectifs recherch\u00e9s &#8211; Publics cibles :\u00a0<\/strong><\/p>\n<p>Valoriser l\u2019image du club \u00e0 l\u2019\u00e9chelle r\u00e9gionale et nationale<br \/>Proposer une comp\u00e9tition de qualit\u00e9 pour tous niveaux (NC \u00e0 num\u00e9rot\u00e9s)<br \/>Offrir de la visibilit\u00e9 aux partenaires<br \/>Renforcer la dynamique b\u00e9n\u00e9vole<\/p>\n<p><strong>Ressources humaines et mat\u00e9rielles<\/strong>\u00a0:<\/p>\n<p>Environ 35 b\u00e9n\u00e9voles mobilis\u00e9s (accueil, buvette, arbitrage, saisie des r\u00e9sultats, logistique, montage\/d\u00e9montage)<br \/>3 responsables de p\u00f4les (organisation sportive, buvette\/logistique, communication)<\/p>\n<p><strong>Descriptif de l\u2019action :<\/strong><\/p>\n<p>L\u2019\u00e9v\u00e8nement s\u2019est tenu sur 2 jours les 1er et 2 mars 2025, au complexe sportif Androm\u00e8de de Blagnac.<br \/>Le tournoi comprenait 13 tableaux allant des non-class\u00e9s aux toutes cat\u00e9gories, incluant un tableau 100% f\u00e9minin et un tableau num\u00e9rot\u00e9s, avec pr\u00e8s de 200 participants venant de toute la r\u00e9gion et au-del\u00e0.<\/p>\n<p><strong>R\u00e9sultats obtenus :<\/strong><\/p>\n<p>Pr\u00e8s de 200 participants<br \/>Pr\u00e9sence de 3 joueurs num\u00e9rot\u00e9s fran\u00e7ais<br \/>Large couverture sur les r\u00e9seaux (reels, photos, stories, affiches)<br \/>Mobilisation de 35 b\u00e9n\u00e9voles sur le week-end<br \/>Tr\u00e8s bon retour des participants (via formulaire de satisfaction)<\/p>\n<p><a href=\"https:\/\/www.fftt.com\/observatoire\/wp-content\/uploads\/2025\/08\/TT-BLAGNACAIS-Tournoi-national.pdf\" target=\"_blank\" rel=\"noopener\" title=\"Tournoi national\"><strong>Lien vers la fiche \u00e0 t\u00e9l\u00e9charger<\/strong><\/a><\/p>\n<p>[\/et_pb_text][\/et_pb_column][et_pb_column type=\u00a0\u00bb2_5&Prime; _builder_version=\u00a0\u00bb4.27.4&Prime; _module_preset=\u00a0\u00bbdefault\u00a0\u00bb global_colors_info=\u00a0\u00bb{}\u00a0\u00bb theme_builder_area=\u00a0\u00bbpost_content\u00a0\u00bb][et_pb_image src=\u00a0\u00bbhttps:\/\/www.fftt.com\/observatoire\/wp-content\/uploads\/2025\/08\/TT-BLAGNACAIS-Tournoi-national-1.png\u00a0\u00bb title_text=\u00a0\u00bbTT BLAGNACAIS &#8211; Tournoi national-1&Prime; _builder_version=\u00a0\u00bb4.27.4&Prime; _module_preset=\u00a0\u00bbdefault\u00a0\u00bb hover_enabled=\u00a0\u00bb0&Prime; global_colors_info=\u00a0\u00bb{}\u00a0\u00bb theme_builder_area=\u00a0\u00bbpost_content\u00a0\u00bb url=\u00a0\u00bbhttps:\/\/www.fftt.com\/observatoire\/wp-content\/uploads\/2025\/08\/TT-BLAGNACAIS-Tournoi-national.pdf\u00a0\u00bb sticky_enabled=\u00a0\u00bb0&Prime;][\/et_pb_image][\/et_pb_column][\/et_pb_row][\/et_pb_section]<\/p>\n","protected":false},"excerpt":{"rendered":"<p>Responsable de l\u2019action : P.Rigaud Structure : TT BLAGNACAIS Nom de l\u2019action :\u00a0Tournoi national &nbsp; Objectifs recherch\u00e9s &#8211; Publics cibles :\u00a0 Valoriser l\u2019image du club \u00e0 l\u2019\u00e9chelle r\u00e9gionale et nationaleProposer une comp\u00e9tition de qualit\u00e9 pour tous niveaux (NC \u00e0 num\u00e9rot\u00e9s)Offrir de la visibilit\u00e9 aux partenairesRenforcer la dynamique b\u00e9n\u00e9vole Ressources humaines et mat\u00e9rielles\u00a0: Environ 35 b\u00e9n\u00e9voles [&hellip;]<\/p>\n","protected":false},"author":6,"featured_media":0,"comment_status":"closed","ping_status":"closed","sticky":false,"template":"","format":"standard","meta":{"_et_pb_use_builder":"on","_et_pb_old_content":"","_et_gb_content_width":"","footnotes":""},"categories":[200,182],"tags":[18,224],"post_folder":[90],"class_list":["post-3683","post","type-post","status-publish","format-standard","hentry","category-coupes-et-tournoi","category-ping-competitif","tag-competition","tag-tournoi-national"],"_links":{"self":[{"href":"https:\/\/www.fftt.com\/observatoire\/wp-json\/wp\/v2\/posts\/3683","targetHints":{"allow":["GET"]}}],"collection":[{"href":"https:\/\/www.fftt.com\/observatoire\/wp-json\/wp\/v2\/posts"}],"about":[{"href":"https:\/\/www.fftt.com\/observatoire\/wp-json\/wp\/v2\/types\/post"}],"author":[{"embeddable":true,"href":"https:\/\/www.fftt.com\/observatoire\/wp-json\/wp\/v2\/users\/6"}],"replies":[{"embeddable":true,"href":"https:\/\/www.fftt.com\/observatoire\/wp-json\/wp\/v2\/comments?post=3683"}],"version-history":[{"count":5,"href":"https:\/\/www.fftt.com\/observatoire\/wp-json\/wp\/v2\/posts\/3683\/revisions"}],"predecessor-version":[{"id":3688,"href":"https:\/\/www.fftt.com\/observatoire\/wp-json\/wp\/v2\/posts\/3683\/revisions\/3688"}],"wp:attachment":[{"href":"https:\/\/www.fftt.com\/observatoire\/wp-json\/wp\/v2\/media?parent=3683"}],"wp:term":[{"taxonomy":"category","embeddable":true,"href":"https:\/\/www.fftt.com\/observatoire\/wp-json\/wp\/v2\/categories?post=3683"},{"taxonomy":"post_tag","embeddable":true,"href":"https:\/\/www.fftt.com\/observatoire\/wp-json\/wp\/v2\/tags?post=3683"},{"taxonomy":"post_folder","embeddable":true,"href":"https:\/\/www.fftt.com\/observatoire\/wp-json\/wp\/v2\/post_folder?post=3683"}],"curies":[{"name":"wp","href":"https:\/\/api.w.org\/{rel}","templated":true}]}}