{"id":3848,"date":"2026-01-08T09:55:48","date_gmt":"2026-01-08T08:55:48","guid":{"rendered":"https:\/\/www.fftt.com\/observatoire\/?p=3848"},"modified":"2026-01-08T09:58:44","modified_gmt":"2026-01-08T08:58:44","slug":"terrasson-astt-du-stade-vers-lemploi","status":"publish","type":"post","link":"https:\/\/www.fftt.com\/observatoire\/terrasson-astt-du-stade-vers-lemploi\/","title":{"rendered":"TERRASSON ASTT &#8211; Du Stade Vers l&rsquo;Emploi"},"content":{"rendered":"<div class='watch-action'><div class='watch-position align-right'><div class='action-like'><a class='lbg-style1 like-3848 jlk' href='javascript:void(0)' data-task='like' data-post_id='3848' data-nonce='0a220ac3fb' rel='nofollow'><img class='wti-pixel' src='https:\/\/www.fftt.com\/observatoire\/wp-content\/plugins\/wti-like-post\/images\/pixel.gif' title='J&#039;aime' \/><span class='lc-3848 lc'>0<\/span><\/a><\/div><div class='action-unlike'><a class='unlbg-style1 unlike-3848 jlk' href='javascript:void(0)' data-task='unlike' data-post_id='3848' data-nonce='0a220ac3fb' rel='nofollow'><img class='wti-pixel' src='https:\/\/www.fftt.com\/observatoire\/wp-content\/plugins\/wti-like-post\/images\/pixel.gif' title='Je n&#039;aime pas' \/><span class='unlc-3848 unlc'>0<\/span><\/a><\/div> <\/div> <div class='status-3848 status align-right'><\/div><\/div><div class='wti-clear'><\/div><p>[et_pb_section fb_built=\u00a0\u00bb1&Prime; _builder_version=\u00a0\u00bb4.27.4&Prime; _module_preset=\u00a0\u00bbdefault\u00a0\u00bb global_colors_info=\u00a0\u00bb{}\u00a0\u00bb theme_builder_area=\u00a0\u00bbpost_content\u00a0\u00bb][et_pb_row column_structure=\u00a0\u00bb3_5,2_5&Prime; _builder_version=\u00a0\u00bb4.27.4&Prime; _module_preset=\u00a0\u00bbdefault\u00a0\u00bb global_colors_info=\u00a0\u00bb{}\u00a0\u00bb theme_builder_area=\u00a0\u00bbpost_content\u00a0\u00bb][et_pb_column type=\u00a0\u00bb3_5&Prime; _builder_version=\u00a0\u00bb4.27.4&Prime; _module_preset=\u00a0\u00bbdefault\u00a0\u00bb global_colors_info=\u00a0\u00bb{}\u00a0\u00bb theme_builder_area=\u00a0\u00bbpost_content\u00a0\u00bb][et_pb_text _builder_version=\u00a0\u00bb4.27.4&Prime; _module_preset=\u00a0\u00bbdefault\u00a0\u00bb hover_enabled=\u00a0\u00bb0&Prime; global_colors_info=\u00a0\u00bb{}\u00a0\u00bb theme_builder_area=\u00a0\u00bbpost_content\u00a0\u00bb sticky_enabled=\u00a0\u00bb0&Prime;]<\/p>\n<p><strong>Responsable de l\u2019action : \u00a0St\u00e9phane Trindade De Campos<\/strong><\/p>\n<p><strong>Structure : Terrasson ASTT<\/strong><\/p>\n<p><strong>Nom de l\u2019action : <\/strong>Du Stade Vers l&rsquo;Emploi<\/p>\n<p>&nbsp;<\/p>\n<p><strong>Objectifs recherch\u00e9s \u2013 Publics cibles :\u00a0<\/strong><\/p>\n<p>Du stade vers l&#8217;emploi : nous avons organis\u00e9 cet \u00e9v\u00e9nement sur une demi-journ\u00e9e. Les participants sont des demandeurs d&#8217;emplois, ou actifs en reconversion, et des employeurs du territoire local.<\/p>\n<p>L&rsquo;objectif est la rencontre entre demandeurs et employeurs, au travers d&rsquo;ateliers pongistes ludiques, sous le sceau de l&rsquo;anonymat. Le but final \u00e9tant de trouver un emploi pour les uns, et recruter de bons collaborateurs pour les autres.<\/p>\n<p>&nbsp;<\/p>\n<p><strong>Ressources humaines et mat\u00e9rielles mobilis\u00e9es<\/strong>\u00a0:<\/p>\n<p>&#8211; Raquettes<\/p>\n<p>&#8211; 15 tables<\/p>\n<p>&#8211; S\u00e9parations<\/p>\n<p>&#8211; Petit mat\u00e9riel p\u00e9dagogique : cibles, plots, cerceaux, \u00e9chelle de rythme &#8230;<\/p>\n<p>1 repr\u00e9sentant de la ligue<\/p>\n<p>1 repr\u00e9sentant de la FFTT<\/p>\n<p>5 b\u00e9n\u00e9voles du club<\/p>\n<p>2 \u00e9ducateurs<\/p>\n<p>2 secouristes de la s\u00e9curit\u00e9 civile<\/p>\n<p>&nbsp;<\/p>\n<p><strong>R\u00e9sultats obtenus :<\/strong><\/p>\n<p>France Travail a choisi notre club pour organiser sa journ\u00e9e de convivialit\u00e9 de fin d&rsquo;ann\u00e9e autour d&rsquo;une animation Dark Ping, avec repas compris.<\/p>\n<p>&nbsp;<\/p>\n<p><a href=\"https:\/\/www.fftt.com\/observatoire\/wp-content\/uploads\/2026\/01\/ASTT-Terrasson-DSVE.pdf\" target=\"_blank\" rel=\"noopener\" title=\"Du Stade Vers l'Emploi\"><strong><u>Lien vers la fiche \u00e0 t\u00e9l\u00e9charger<\/u><\/strong><\/a><\/p>\n<p>[\/et_pb_text][\/et_pb_column][et_pb_column type=\u00a0\u00bb2_5&Prime; _builder_version=\u00a0\u00bb4.27.4&Prime; _module_preset=\u00a0\u00bbdefault\u00a0\u00bb global_colors_info=\u00a0\u00bb{}\u00a0\u00bb theme_builder_area=\u00a0\u00bbpost_content\u00a0\u00bb][et_pb_image src=\u00a0\u00bbhttps:\/\/www.fftt.com\/observatoire\/wp-content\/uploads\/2026\/01\/ASTT-Terrasson-DSVE-1.png\u00a0\u00bb title_text=\u00a0\u00bbASTT Terrasson &#8211; DSVE-1&Prime; _builder_version=\u00a0\u00bb4.27.4&Prime; _module_preset=\u00a0\u00bbdefault\u00a0\u00bb hover_enabled=\u00a0\u00bb0&Prime; global_colors_info=\u00a0\u00bb{}\u00a0\u00bb theme_builder_area=\u00a0\u00bbpost_content\u00a0\u00bb url=\u00a0\u00bbhttps:\/\/www.fftt.com\/observatoire\/wp-content\/uploads\/2026\/01\/ASTT-Terrasson-DSVE.pdf\u00a0\u00bb sticky_enabled=\u00a0\u00bb0&Prime;][\/et_pb_image][\/et_pb_column][\/et_pb_row][\/et_pb_section]<\/p>\n","protected":false},"excerpt":{"rendered":"<p>Responsable de l\u2019action : \u00a0St\u00e9phane Trindade De Campos Structure : Terrasson ASTT Nom de l\u2019action : Du Stade Vers l&rsquo;Emploi &nbsp; Objectifs recherch\u00e9s \u2013 Publics cibles :\u00a0 Du stade vers l&#8217;emploi : nous avons organis\u00e9 cet \u00e9v\u00e9nement sur une demi-journ\u00e9e. Les participants sont des demandeurs d&#8217;emplois, ou actifs en reconversion, et des employeurs du territoire [&hellip;]<\/p>\n","protected":false},"author":6,"featured_media":0,"comment_status":"closed","ping_status":"closed","sticky":false,"template":"","format":"standard","meta":{"_et_pb_use_builder":"on","_et_pb_old_content":"","_et_gb_content_width":"","footnotes":""},"categories":[180,193,181],"tags":[96,143],"post_folder":[],"class_list":["post-3848","post","type-post","status-publish","format-standard","hentry","category-ping-actif","category-ping-emploi","category-ping-inclusif","tag-emploi","tag-promotion"],"_links":{"self":[{"href":"https:\/\/www.fftt.com\/observatoire\/wp-json\/wp\/v2\/posts\/3848","targetHints":{"allow":["GET"]}}],"collection":[{"href":"https:\/\/www.fftt.com\/observatoire\/wp-json\/wp\/v2\/posts"}],"about":[{"href":"https:\/\/www.fftt.com\/observatoire\/wp-json\/wp\/v2\/types\/post"}],"author":[{"embeddable":true,"href":"https:\/\/www.fftt.com\/observatoire\/wp-json\/wp\/v2\/users\/6"}],"replies":[{"embeddable":true,"href":"https:\/\/www.fftt.com\/observatoire\/wp-json\/wp\/v2\/comments?post=3848"}],"version-history":[{"count":4,"href":"https:\/\/www.fftt.com\/observatoire\/wp-json\/wp\/v2\/posts\/3848\/revisions"}],"predecessor-version":[{"id":3853,"href":"https:\/\/www.fftt.com\/observatoire\/wp-json\/wp\/v2\/posts\/3848\/revisions\/3853"}],"wp:attachment":[{"href":"https:\/\/www.fftt.com\/observatoire\/wp-json\/wp\/v2\/media?parent=3848"}],"wp:term":[{"taxonomy":"category","embeddable":true,"href":"https:\/\/www.fftt.com\/observatoire\/wp-json\/wp\/v2\/categories?post=3848"},{"taxonomy":"post_tag","embeddable":true,"href":"https:\/\/www.fftt.com\/observatoire\/wp-json\/wp\/v2\/tags?post=3848"},{"taxonomy":"post_folder","embeddable":true,"href":"https:\/\/www.fftt.com\/observatoire\/wp-json\/wp\/v2\/post_folder?post=3848"}],"curies":[{"name":"wp","href":"https:\/\/api.w.org\/{rel}","templated":true}]}}