{"id":3890,"date":"2026-01-09T08:03:12","date_gmt":"2026-01-09T07:03:12","guid":{"rendered":"https:\/\/www.fftt.com\/observatoire\/?p=3890"},"modified":"2026-01-09T08:03:12","modified_gmt":"2026-01-09T07:03:12","slug":"cahors-tennis-de-table-tournoi-interne-de-double","status":"publish","type":"post","link":"https:\/\/www.fftt.com\/observatoire\/cahors-tennis-de-table-tournoi-interne-de-double\/","title":{"rendered":"CAHORS TENNIS DE TABLE &#8211; Tournoi interne de double"},"content":{"rendered":"<div class='watch-action'><div class='watch-position align-right'><div class='action-like'><a class='lbg-style1 like-3890 jlk' href='javascript:void(0)' data-task='like' data-post_id='3890' data-nonce='0a220ac3fb' rel='nofollow'><img class='wti-pixel' src='https:\/\/www.fftt.com\/observatoire\/wp-content\/plugins\/wti-like-post\/images\/pixel.gif' title='J&#039;aime' \/><span class='lc-3890 lc'>0<\/span><\/a><\/div><div class='action-unlike'><a class='unlbg-style1 unlike-3890 jlk' href='javascript:void(0)' data-task='unlike' data-post_id='3890' data-nonce='0a220ac3fb' rel='nofollow'><img class='wti-pixel' src='https:\/\/www.fftt.com\/observatoire\/wp-content\/plugins\/wti-like-post\/images\/pixel.gif' title='Je n&#039;aime pas' \/><span class='unlc-3890 unlc'>0<\/span><\/a><\/div> <\/div> <div class='status-3890 status align-right'><\/div><\/div><div class='wti-clear'><\/div><p>[et_pb_section fb_built=\u00a0\u00bb1&Prime; theme_builder_area=\u00a0\u00bbpost_content\u00a0\u00bb _builder_version=\u00a0\u00bb4.27.4&Prime; _module_preset=\u00a0\u00bbdefault\u00a0\u00bb][et_pb_row _builder_version=\u00a0\u00bb4.27.4&Prime; _module_preset=\u00a0\u00bbdefault\u00a0\u00bb theme_builder_area=\u00a0\u00bbpost_content\u00a0\u00bb column_structure=\u00a0\u00bb3_5,2_5&Prime;][et_pb_column _builder_version=\u00a0\u00bb4.27.4&Prime; _module_preset=\u00a0\u00bbdefault\u00a0\u00bb type=\u00a0\u00bb3_5&Prime; theme_builder_area=\u00a0\u00bbpost_content\u00a0\u00bb][et_pb_text _builder_version=\u00a0\u00bb4.27.4&Prime; _module_preset=\u00a0\u00bbdefault\u00a0\u00bb theme_builder_area=\u00a0\u00bbpost_content\u00a0\u00bb hover_enabled=\u00a0\u00bb0&Prime; sticky_enabled=\u00a0\u00bb0&Prime;]<\/p>\n<p><strong>Responsable de l\u2019action : \u00a0Gregoire Mirante-P\u00e9r\u00e9<\/strong><\/p>\n<p><strong>Structure : CAHORS TENNIS DE TABLE<\/strong><\/p>\n<p><strong>Nom de l\u2019action : <\/strong>ORGANISATION D&rsquo;UN TOURNOI INTERNE DE DOUBLE POUR TOUS<\/p>\n<p>&nbsp;<\/p>\n<p><strong>Objectifs recherch\u00e9s \u2013 Publics cibles :\u00a0<\/strong><\/p>\n<p><strong>\u00a0<\/strong><\/p>\n<p>Partager un moment de convivialit\u00e9 au sein du club un dimanche matin.<\/p>\n<p>Petit d\u00e9jeuner partag\u00e9 et sport.<\/p>\n<p>Tournoi pour lequel le licenci\u00e9 a ramen\u00e9 une personne ext\u00e9rieure au club pour constituer l&rsquo;\u00e9quipe.<\/p>\n<p>&nbsp;<\/p>\n<p><strong>Ressources humaines et mat\u00e9rielles mobilis\u00e9es<\/strong>\u00a0:<\/p>\n<ul>\n<li>7 b\u00e9n\u00e9voles<\/li>\n<li>1 stagiaire pro<\/li>\n<li>12 tables, balles<\/li>\n<\/ul>\n<p>&nbsp;<\/p>\n<p><strong>R\u00e9sultats obtenus :<\/strong><\/p>\n<p>Gain de notori\u00e9t\u00e9 \/ promotion : OUI<\/p>\n<p>Fid\u00e9lisation des licenci\u00e9s : OUI<\/p>\n<p>Nombre de participants : 21 \u00e9quipes (en hausse par rapport \u00e0 celui de novembre 2024)<\/p>\n<p>&nbsp;<\/p>\n<p>Voici un lien vers le compte-rendu de notre site web et la galerie photo :https:\/\/www.cahorstennisdetable.fr\/chouette-dimanche-matin-au-cahors-tennis-de-table\/<\/p>\n<p><strong><u>\u00a0<\/u><\/strong><\/p>\n<p><a href=\"https:\/\/www.fftt.com\/observatoire\/wp-content\/uploads\/2026\/01\/Cahors-TT-Tournoi-double-interne-invites.pdf\" target=\"_blank\" rel=\"noopener\" title=\"Tournoi interne de doubles\"><strong><u>Lien vers la fiche \u00e0 t\u00e9l\u00e9charger<\/u><\/strong><\/a><\/p>\n<p>[\/et_pb_text][\/et_pb_column][et_pb_column _builder_version=\u00a0\u00bb4.27.4&Prime; _module_preset=\u00a0\u00bbdefault\u00a0\u00bb type=\u00a0\u00bb2_5&Prime; theme_builder_area=\u00a0\u00bbpost_content\u00a0\u00bb][et_pb_image src=\u00a0\u00bbhttps:\/\/www.fftt.com\/observatoire\/wp-content\/uploads\/2026\/01\/Cahors-TT-Tournoi-double-interne-invites-1.png\u00a0\u00bb _builder_version=\u00a0\u00bb4.27.4&Prime; _module_preset=\u00a0\u00bbdefault\u00a0\u00bb theme_builder_area=\u00a0\u00bbpost_content\u00a0\u00bb title_text=\u00a0\u00bbCahors TT &#8211; Tournoi double interne + invit\u00e9s-1&Prime; hover_enabled=\u00a0\u00bb0&Prime; sticky_enabled=\u00a0\u00bb0&Prime; url=\u00a0\u00bbhttps:\/\/www.fftt.com\/observatoire\/wp-content\/uploads\/2026\/01\/Cahors-TT-Tournoi-double-interne-invites.pdf\u00a0\u00bb][\/et_pb_image][\/et_pb_column][\/et_pb_row][\/et_pb_section]<\/p>\n","protected":false},"excerpt":{"rendered":"<p>Responsable de l\u2019action : \u00a0Gregoire Mirante-P\u00e9r\u00e9 Structure : CAHORS TENNIS DE TABLE Nom de l\u2019action : ORGANISATION D&rsquo;UN TOURNOI INTERNE DE DOUBLE POUR TOUS &nbsp; Objectifs recherch\u00e9s \u2013 Publics cibles :\u00a0 \u00a0 Partager un moment de convivialit\u00e9 au sein du club un dimanche matin. Petit d\u00e9jeuner partag\u00e9 et sport. Tournoi pour lequel le licenci\u00e9 a [&hellip;]<\/p>\n","protected":false},"author":6,"featured_media":0,"comment_status":"closed","ping_status":"closed","sticky":false,"template":"","format":"standard","meta":{"_et_pb_use_builder":"on","_et_pb_old_content":"","_et_gb_content_width":"","footnotes":""},"categories":[200,180,182,181],"tags":[18,318,317],"post_folder":[],"class_list":["post-3890","post","type-post","status-publish","format-standard","hentry","category-coupes-et-tournoi","category-ping-actif","category-ping-competitif","category-ping-inclusif","tag-competition","tag-double","tag-pour-tous"],"_links":{"self":[{"href":"https:\/\/www.fftt.com\/observatoire\/wp-json\/wp\/v2\/posts\/3890","targetHints":{"allow":["GET"]}}],"collection":[{"href":"https:\/\/www.fftt.com\/observatoire\/wp-json\/wp\/v2\/posts"}],"about":[{"href":"https:\/\/www.fftt.com\/observatoire\/wp-json\/wp\/v2\/types\/post"}],"author":[{"embeddable":true,"href":"https:\/\/www.fftt.com\/observatoire\/wp-json\/wp\/v2\/users\/6"}],"replies":[{"embeddable":true,"href":"https:\/\/www.fftt.com\/observatoire\/wp-json\/wp\/v2\/comments?post=3890"}],"version-history":[{"count":3,"href":"https:\/\/www.fftt.com\/observatoire\/wp-json\/wp\/v2\/posts\/3890\/revisions"}],"predecessor-version":[{"id":3893,"href":"https:\/\/www.fftt.com\/observatoire\/wp-json\/wp\/v2\/posts\/3890\/revisions\/3893"}],"wp:attachment":[{"href":"https:\/\/www.fftt.com\/observatoire\/wp-json\/wp\/v2\/media?parent=3890"}],"wp:term":[{"taxonomy":"category","embeddable":true,"href":"https:\/\/www.fftt.com\/observatoire\/wp-json\/wp\/v2\/categories?post=3890"},{"taxonomy":"post_tag","embeddable":true,"href":"https:\/\/www.fftt.com\/observatoire\/wp-json\/wp\/v2\/tags?post=3890"},{"taxonomy":"post_folder","embeddable":true,"href":"https:\/\/www.fftt.com\/observatoire\/wp-json\/wp\/v2\/post_folder?post=3890"}],"curies":[{"name":"wp","href":"https:\/\/api.w.org\/{rel}","templated":true}]}}