{"id":3918,"date":"2026-01-25T21:08:36","date_gmt":"2026-01-25T20:08:36","guid":{"rendered":"https:\/\/www.fftt.com\/observatoire\/?p=3918"},"modified":"2026-01-25T21:08:36","modified_gmt":"2026-01-25T20:08:36","slug":"chabanais-tt-seances-decouverte-et-sport-adapte","status":"publish","type":"post","link":"https:\/\/www.fftt.com\/observatoire\/chabanais-tt-seances-decouverte-et-sport-adapte\/","title":{"rendered":"Chabanais TT &#8211; S\u00e9ances d\u00e9couverte et sport adapt\u00e9"},"content":{"rendered":"<div class='watch-action'><div class='watch-position align-right'><div class='action-like'><a class='lbg-style1 like-3918 jlk' href='javascript:void(0)' data-task='like' data-post_id='3918' data-nonce='0a220ac3fb' rel='nofollow'><img class='wti-pixel' src='https:\/\/www.fftt.com\/observatoire\/wp-content\/plugins\/wti-like-post\/images\/pixel.gif' title='J&#039;aime' \/><span class='lc-3918 lc'>0<\/span><\/a><\/div><div class='action-unlike'><a class='unlbg-style1 unlike-3918 jlk' href='javascript:void(0)' data-task='unlike' data-post_id='3918' data-nonce='0a220ac3fb' rel='nofollow'><img class='wti-pixel' src='https:\/\/www.fftt.com\/observatoire\/wp-content\/plugins\/wti-like-post\/images\/pixel.gif' title='Je n&#039;aime pas' \/><span class='unlc-3918 unlc'>0<\/span><\/a><\/div> <\/div> <div class='status-3918 status align-right'><\/div><\/div><div class='wti-clear'><\/div><p>[et_pb_section fb_built=\u00a0\u00bb1&Prime; _builder_version=\u00a0\u00bb4.27.4&Prime; _module_preset=\u00a0\u00bbdefault\u00a0\u00bb global_colors_info=\u00a0\u00bb{}\u00a0\u00bb theme_builder_area=\u00a0\u00bbpost_content\u00a0\u00bb][et_pb_row column_structure=\u00a0\u00bb3_5,2_5&Prime; _builder_version=\u00a0\u00bb4.27.4&Prime; _module_preset=\u00a0\u00bbdefault\u00a0\u00bb global_colors_info=\u00a0\u00bb{}\u00a0\u00bb theme_builder_area=\u00a0\u00bbpost_content\u00a0\u00bb][et_pb_column type=\u00a0\u00bb3_5&Prime; _builder_version=\u00a0\u00bb4.27.4&Prime; _module_preset=\u00a0\u00bbdefault\u00a0\u00bb global_colors_info=\u00a0\u00bb{}\u00a0\u00bb theme_builder_area=\u00a0\u00bbpost_content\u00a0\u00bb][et_pb_text _builder_version=\u00a0\u00bb4.27.4&Prime; _module_preset=\u00a0\u00bbdefault\u00a0\u00bb global_colors_info=\u00a0\u00bb{}\u00a0\u00bb theme_builder_area=\u00a0\u00bbpost_content\u00a0\u00bb]<\/p>\n<p><strong>Responsable de l\u2019action : Quichaud Chlo\u00e9<\/strong><\/p>\n<p><strong>Structure : Chabanais TT<\/strong><\/p>\n<p><strong>Nom de l\u2019action : S\u00e9ance d\u00e9couverte du tennis de table avec l\u2019association VIC<\/strong><\/p>\n<p>&nbsp;<\/p>\n<p><strong>Objectifs recherch\u00e9s \u2013 Publics cibles :\u00a0<\/strong><\/p>\n<p><strong>\u00a0<\/strong><\/p>\n<p>L\u2019objectif principal de cette action \u00e9tait de promouvoir la pratique du tennis de table aupr\u00e8s des jeunes des communes rurales ne disposant pas de club local. Les objectifs \u00e9taient :<\/p>\n<p>&#8211; D\u00e9couverte de la discipline \u00e0 des enfants pendant les vacances scolaires, dans un cadre convivial et p\u00e9dagogique<\/p>\n<p>&#8211; Favoriser la mixit\u00e9 et la coh\u00e9sion sociale \u00e0 travers une activit\u00e9 sportive accessible \u00e0 tous<\/p>\n<p>&#8211; Cr\u00e9er un lien entre associations locales, ici entre le Club de tennis de table de Chabanais et l\u2019association VIC de Vayres<\/p>\n<p>Le public cibl\u00e9 :<\/p>\n<p>&#8211; 10 jeunes \u00e2g\u00e9s de 8 \u00e0 10 ans r\u00e9sidant majoritairement \u00e0 Vayres et dans les communes voisines.<\/p>\n<p>&#8211; Aucun des participants n\u2019\u00e9tait licenci\u00e9 dans un club de tennis de table<\/p>\n<p>&nbsp;<\/p>\n<p><strong>Ressources humaines et mat\u00e9rielles mobilis\u00e9es<\/strong>\u00a0:<\/p>\n<p>&#8211; 5 tables transport\u00e9es depuis la salle de Chabanais jusqu\u2019\u00e0 la salle des f\u00eates de Vayres<\/p>\n<p>&#8211; 10 s\u00e9parations pour d\u00e9limiter les aires de jeu, raquettes et balles pr\u00eat\u00e9es par le club (1 raquette par jeune)<\/p>\n<p>&#8211; location d\u2019un fourgon pour le transport du mat\u00e9riel, salles des f\u00eates de Vayres mise \u00e0 disposition par la commune de Vayres.<\/p>\n<p>&nbsp;<\/p>\n<p><strong>R\u00e9sultats obtenus :<\/strong><\/p>\n<p>Les r\u00e9sultats de cette action sont tr\u00e8s positifs :<\/p>\n<p>&#8211; 10 jeunes participants ont d\u00e9couvert la pratique du tennis de table et quelques-uns pour la premi\u00e8re fois<\/p>\n<p>&#8211; Deux f\u00e9minines du groupe participent d\u00e9sormais aux entra\u00eenements du club depuis la s\u00e9ance<\/p>\n<p>&#8211; Visibilit\u00e9 du club dans une commune voisine<\/p>\n<p>&#8211; Renforcement du partenariat associatif qui se renouvellera tr\u00e8s probablement<\/p>\n<p><strong><u>\u00a0<\/u><\/strong><\/p>\n<p><a href=\"https:\/\/www.fftt.com\/observatoire\/wp-content\/uploads\/2026\/01\/Chabanais-TT-seance-SA.pdf\" target=\"_blank\" rel=\"noopener\" title=\"S\u00e9ances d\u00e9couverte ping adapt\u00e9\"><strong><u>Lien vers la fiche \u00e0 t\u00e9l\u00e9charger<\/u><\/strong><\/a><\/p>\n<p>[\/et_pb_text][\/et_pb_column][et_pb_column type=\u00a0\u00bb2_5&Prime; _builder_version=\u00a0\u00bb4.27.4&Prime; _module_preset=\u00a0\u00bbdefault\u00a0\u00bb global_colors_info=\u00a0\u00bb{}\u00a0\u00bb theme_builder_area=\u00a0\u00bbpost_content\u00a0\u00bb][et_pb_image src=\u00a0\u00bbhttps:\/\/www.fftt.com\/observatoire\/wp-content\/uploads\/2026\/01\/Chabanais-TT-seance-SA-1.png\u00a0\u00bb title_text=\u00a0\u00bbChabanais TT &#8211; s\u00e9ance SA-1&Prime; url=\u00a0\u00bbhttps:\/\/www.fftt.com\/observatoire\/wp-content\/uploads\/2026\/01\/Chabanais-TT-seance-SA.pdf\u00a0\u00bb _builder_version=\u00a0\u00bb4.27.4&Prime; _module_preset=\u00a0\u00bbdefault\u00a0\u00bb global_colors_info=\u00a0\u00bb{}\u00a0\u00bb theme_builder_area=\u00a0\u00bbpost_content\u00a0\u00bb][\/et_pb_image][\/et_pb_column][\/et_pb_row][\/et_pb_section]<\/p>\n","protected":false},"excerpt":{"rendered":"<p>Responsable de l\u2019action : Quichaud Chlo\u00e9 Structure : Chabanais TT Nom de l\u2019action : S\u00e9ance d\u00e9couverte du tennis de table avec l\u2019association VIC &nbsp; Objectifs recherch\u00e9s \u2013 Publics cibles :\u00a0 \u00a0 L\u2019objectif principal de cette action \u00e9tait de promouvoir la pratique du tennis de table aupr\u00e8s des jeunes des communes rurales ne disposant pas de [&hellip;]<\/p>\n","protected":false},"author":6,"featured_media":0,"comment_status":"closed","ping_status":"closed","sticky":false,"template":"","format":"standard","meta":{"_et_pb_use_builder":"on","_et_pb_old_content":"","_et_gb_content_width":"","footnotes":""},"categories":[195,181],"tags":[233,322,273],"post_folder":[],"class_list":["post-3918","post","type-post","status-publish","format-standard","hentry","category-ping-handi","category-ping-inclusif","tag-developpement","tag-ping-adapte","tag-sport-adapte"],"_links":{"self":[{"href":"https:\/\/www.fftt.com\/observatoire\/wp-json\/wp\/v2\/posts\/3918","targetHints":{"allow":["GET"]}}],"collection":[{"href":"https:\/\/www.fftt.com\/observatoire\/wp-json\/wp\/v2\/posts"}],"about":[{"href":"https:\/\/www.fftt.com\/observatoire\/wp-json\/wp\/v2\/types\/post"}],"author":[{"embeddable":true,"href":"https:\/\/www.fftt.com\/observatoire\/wp-json\/wp\/v2\/users\/6"}],"replies":[{"embeddable":true,"href":"https:\/\/www.fftt.com\/observatoire\/wp-json\/wp\/v2\/comments?post=3918"}],"version-history":[{"count":4,"href":"https:\/\/www.fftt.com\/observatoire\/wp-json\/wp\/v2\/posts\/3918\/revisions"}],"predecessor-version":[{"id":4143,"href":"https:\/\/www.fftt.com\/observatoire\/wp-json\/wp\/v2\/posts\/3918\/revisions\/4143"}],"wp:attachment":[{"href":"https:\/\/www.fftt.com\/observatoire\/wp-json\/wp\/v2\/media?parent=3918"}],"wp:term":[{"taxonomy":"category","embeddable":true,"href":"https:\/\/www.fftt.com\/observatoire\/wp-json\/wp\/v2\/categories?post=3918"},{"taxonomy":"post_tag","embeddable":true,"href":"https:\/\/www.fftt.com\/observatoire\/wp-json\/wp\/v2\/tags?post=3918"},{"taxonomy":"post_folder","embeddable":true,"href":"https:\/\/www.fftt.com\/observatoire\/wp-json\/wp\/v2\/post_folder?post=3918"}],"curies":[{"name":"wp","href":"https:\/\/api.w.org\/{rel}","templated":true}]}}