{"id":4036,"date":"2026-01-12T08:53:09","date_gmt":"2026-01-12T07:53:09","guid":{"rendered":"https:\/\/www.fftt.com\/observatoire\/?p=4036"},"modified":"2026-01-12T08:53:09","modified_gmt":"2026-01-12T07:53:09","slug":"reveil-vernantais-tt-organisation-open-criterium-federal-departemental-veteran","status":"publish","type":"post","link":"https:\/\/www.fftt.com\/observatoire\/reveil-vernantais-tt-organisation-open-criterium-federal-departemental-veteran\/","title":{"rendered":"R\u00e9veil Vernantais TT &#8211; Organisation Open + crit\u00e9rium f\u00e9d\u00e9ral d\u00e9partemental v\u00e9t\u00e9ran"},"content":{"rendered":"<div class='watch-action'><div class='watch-position align-right'><div class='action-like'><a class='lbg-style1 like-4036 jlk' href='javascript:void(0)' data-task='like' data-post_id='4036' data-nonce='0a220ac3fb' rel='nofollow'><img class='wti-pixel' src='https:\/\/www.fftt.com\/observatoire\/wp-content\/plugins\/wti-like-post\/images\/pixel.gif' title='J&#039;aime' \/><span class='lc-4036 lc'>0<\/span><\/a><\/div><div class='action-unlike'><a class='unlbg-style1 unlike-4036 jlk' href='javascript:void(0)' data-task='unlike' data-post_id='4036' data-nonce='0a220ac3fb' rel='nofollow'><img class='wti-pixel' src='https:\/\/www.fftt.com\/observatoire\/wp-content\/plugins\/wti-like-post\/images\/pixel.gif' title='Je n&#039;aime pas' \/><span class='unlc-4036 unlc'>0<\/span><\/a><\/div> <\/div> <div class='status-4036 status align-right'><\/div><\/div><div class='wti-clear'><\/div><p>[et_pb_section fb_built=\u00a0\u00bb1&Prime; theme_builder_area=\u00a0\u00bbpost_content\u00a0\u00bb _builder_version=\u00a0\u00bb4.27.4&Prime; _module_preset=\u00a0\u00bbdefault\u00a0\u00bb][et_pb_row _builder_version=\u00a0\u00bb4.27.4&Prime; _module_preset=\u00a0\u00bbdefault\u00a0\u00bb theme_builder_area=\u00a0\u00bbpost_content\u00a0\u00bb column_structure=\u00a0\u00bb3_5,2_5&Prime;][et_pb_column _builder_version=\u00a0\u00bb4.27.4&Prime; _module_preset=\u00a0\u00bbdefault\u00a0\u00bb type=\u00a0\u00bb3_5&Prime; theme_builder_area=\u00a0\u00bbpost_content\u00a0\u00bb][et_pb_text _builder_version=\u00a0\u00bb4.27.4&Prime; _module_preset=\u00a0\u00bbdefault\u00a0\u00bb theme_builder_area=\u00a0\u00bbpost_content\u00a0\u00bb hover_enabled=\u00a0\u00bb0&Prime; sticky_enabled=\u00a0\u00bb0&Prime;]<\/p>\n<p><strong>Responsable de l\u2019action : LE CLEI Lo\u00efck<\/strong><\/p>\n<p><strong>Structure : R\u00e9veil Vernantais TT<\/strong><\/p>\n<p><strong>Nom de l\u2019action : Organisation Open \/ Crit\u00e9rium V\u00e9t\u00e9ran D\u00e9partemental<\/strong><\/p>\n<p>&nbsp;<\/p>\n<p><strong>Objectifs recherch\u00e9s \u2013 Publics cibles :\u00a0<\/strong><\/p>\n<p><strong>\u00a0<\/strong><\/p>\n<p>Volont\u00e9 d&rsquo;implication dans la vie communautaire du comit\u00e9 d\u00e9partemental.<\/p>\n<p>&nbsp;<\/p>\n<p><strong>Ressources humaines et mat\u00e9rielles mobilis\u00e9es<\/strong>\u00a0:<\/p>\n<p>&#8211; 1 Juge-Arbitre National licenci\u00e9 du club organisateur pr\u00e9sent sur site pour organisation et bon d\u00e9roulement de la comp\u00e9tition.<\/p>\n<p>&#8211; B\u00e9n\u00e9voles du club pour la mise en place de la salle, tenue de la buvette, aide pour l&rsquo;animation ping VR, assister le JAN sur la comp\u00e9tition.<\/p>\n<p>&#8211; Buvette et restauration disponibles sur place.<\/p>\n<p>&#8211; Mat\u00e9riel : 16 tables, tables d&rsquo;arbitrage et marqueurs install\u00e9s dans le gymnase sur la journ\u00e9e.<\/p>\n<p>&nbsp;<\/p>\n<p><strong>R\u00e9sultats obtenus :<\/strong><\/p>\n<p>Gain financier \u00e9ventuel gr\u00e2ce \u00e0 la buvette et la restauration.<\/p>\n<p>Promotion du club par l&rsquo;organisation d&rsquo;envergure qualificative pour l&rsquo;\u00e9chelon r\u00e9gional.<\/p>\n<p>Coh\u00e9sion et organisation des b\u00e9n\u00e9voles pour le bon d\u00e9roulement de la journ\u00e9e.<\/p>\n<p>Gain en notori\u00e9t\u00e9, bonne image du club gr\u00e2ce \u00e0 la bonne organisation sans accroc de la journ\u00e9e, avec des retours positifs de certains participants.<\/p>\n<p>&nbsp;<\/p>\n<p><a href=\"https:\/\/www.fftt.com\/observatoire\/wp-content\/uploads\/2026\/01\/Reveil-Vernantais-CF-Veteran-Dep.pdf\" target=\"_blank\" rel=\"noopener\" title=\"Organisation open + CF v\u00e9t\u00e9ran\"><strong><u>Lien vers la fiche \u00e0 t\u00e9l\u00e9charger<\/u><\/strong><\/a><\/p>\n<p>[\/et_pb_text][\/et_pb_column][et_pb_column _builder_version=\u00a0\u00bb4.27.4&Prime; _module_preset=\u00a0\u00bbdefault\u00a0\u00bb type=\u00a0\u00bb2_5&Prime; theme_builder_area=\u00a0\u00bbpost_content\u00a0\u00bb][et_pb_image src=\u00a0\u00bbhttps:\/\/www.fftt.com\/observatoire\/wp-content\/uploads\/2026\/01\/Reveil-Vernantais-CF-Veteran-Dep-1.png\u00a0\u00bb _builder_version=\u00a0\u00bb4.27.4&Prime; _module_preset=\u00a0\u00bbdefault\u00a0\u00bb theme_builder_area=\u00a0\u00bbpost_content\u00a0\u00bb title_text=\u00a0\u00bbR\u00e9veil Vernantais &#8211; CF V\u00e9t\u00e9ran D\u00e9p-1&Prime; hover_enabled=\u00a0\u00bb0&Prime; sticky_enabled=\u00a0\u00bb0&Prime; url=\u00a0\u00bbhttps:\/\/www.fftt.com\/observatoire\/wp-content\/uploads\/2026\/01\/Reveil-Vernantais-CF-Veteran-Dep.pdf\u00a0\u00bb][\/et_pb_image][\/et_pb_column][\/et_pb_row][\/et_pb_section]<\/p>\n","protected":false},"excerpt":{"rendered":"<p>Responsable de l\u2019action : LE CLEI Lo\u00efck Structure : R\u00e9veil Vernantais TT Nom de l\u2019action : Organisation Open \/ Crit\u00e9rium V\u00e9t\u00e9ran D\u00e9partemental &nbsp; Objectifs recherch\u00e9s \u2013 Publics cibles :\u00a0 \u00a0 Volont\u00e9 d&rsquo;implication dans la vie communautaire du comit\u00e9 d\u00e9partemental. &nbsp; Ressources humaines et mat\u00e9rielles mobilis\u00e9es\u00a0: &#8211; 1 Juge-Arbitre National licenci\u00e9 du club organisateur pr\u00e9sent sur [&hellip;]<\/p>\n","protected":false},"author":6,"featured_media":0,"comment_status":"closed","ping_status":"closed","sticky":false,"template":"","format":"standard","meta":{"_et_pb_use_builder":"on","_et_pb_old_content":"","_et_gb_content_width":"","footnotes":""},"categories":[200,198,182],"tags":[334,12],"post_folder":[],"class_list":["post-4036","post","type-post","status-publish","format-standard","hentry","category-coupes-et-tournoi","category-criterium-federal","category-ping-competitif","tag-competitions","tag-veterans"],"_links":{"self":[{"href":"https:\/\/www.fftt.com\/observatoire\/wp-json\/wp\/v2\/posts\/4036","targetHints":{"allow":["GET"]}}],"collection":[{"href":"https:\/\/www.fftt.com\/observatoire\/wp-json\/wp\/v2\/posts"}],"about":[{"href":"https:\/\/www.fftt.com\/observatoire\/wp-json\/wp\/v2\/types\/post"}],"author":[{"embeddable":true,"href":"https:\/\/www.fftt.com\/observatoire\/wp-json\/wp\/v2\/users\/6"}],"replies":[{"embeddable":true,"href":"https:\/\/www.fftt.com\/observatoire\/wp-json\/wp\/v2\/comments?post=4036"}],"version-history":[{"count":3,"href":"https:\/\/www.fftt.com\/observatoire\/wp-json\/wp\/v2\/posts\/4036\/revisions"}],"predecessor-version":[{"id":4040,"href":"https:\/\/www.fftt.com\/observatoire\/wp-json\/wp\/v2\/posts\/4036\/revisions\/4040"}],"wp:attachment":[{"href":"https:\/\/www.fftt.com\/observatoire\/wp-json\/wp\/v2\/media?parent=4036"}],"wp:term":[{"taxonomy":"category","embeddable":true,"href":"https:\/\/www.fftt.com\/observatoire\/wp-json\/wp\/v2\/categories?post=4036"},{"taxonomy":"post_tag","embeddable":true,"href":"https:\/\/www.fftt.com\/observatoire\/wp-json\/wp\/v2\/tags?post=4036"},{"taxonomy":"post_folder","embeddable":true,"href":"https:\/\/www.fftt.com\/observatoire\/wp-json\/wp\/v2\/post_folder?post=4036"}],"curies":[{"name":"wp","href":"https:\/\/api.w.org\/{rel}","templated":true}]}}